{"id":9805,"date":"2023-06-24T11:29:06","date_gmt":"2023-06-24T11:29:06","guid":{"rendered":"https:\/\/elbistanhabermerkezi.com\/?p=9805"},"modified":"2023-06-24T11:29:06","modified_gmt":"2023-06-24T11:29:06","slug":"elbistanda-kurban-kesim-alanlari-belli-oldu","status":"publish","type":"post","link":"https:\/\/elbistanhabermerkezi.com\/index.php\/2023\/06\/24\/elbistanda-kurban-kesim-alanlari-belli-oldu\/","title":{"rendered":"Elbistan&#8217;da Kurban kesim alanlar\u0131 belli oldu."},"content":{"rendered":"<p style=\"text-align: justify;\"><strong><img loading=\"lazy\" decoding=\"async\" class=\"alignnone size-full wp-image-826\" src=\"https:\/\/elbistanhabermerkezi.com\/wp-content\/uploads\/2022\/02\/ahalil.jpg\" alt=\"\" width=\"300\" height=\"194\" srcset=\"https:\/\/elbistanhabermerkezi.com\/wp-content\/uploads\/2022\/02\/ahalil.jpg 300w, https:\/\/elbistanhabermerkezi.com\/wp-content\/uploads\/2022\/02\/ahalil-162x105.jpg 162w, https:\/\/elbistanhabermerkezi.com\/wp-content\/uploads\/2022\/02\/ahalil-240x155.jpg 240w\" sizes=\"auto, (max-width: 300px) 100vw, 300px\" \/><img loading=\"lazy\" decoding=\"async\" class=\"alignnone size-full wp-image-9728\" src=\"https:\/\/elbistanhabermerkezi.com\/wp-content\/uploads\/2023\/06\/SU-2.jpeg\" alt=\"\" width=\"1600\" height=\"900\" srcset=\"https:\/\/elbistanhabermerkezi.com\/wp-content\/uploads\/2023\/06\/SU-2.jpeg 1600w, https:\/\/elbistanhabermerkezi.com\/wp-content\/uploads\/2023\/06\/SU-2-600x338.jpeg 600w, https:\/\/elbistanhabermerkezi.com\/wp-content\/uploads\/2023\/06\/SU-2-1024x576.jpeg 1024w, https:\/\/elbistanhabermerkezi.com\/wp-content\/uploads\/2023\/06\/SU-2-768x432.jpeg 768w, https:\/\/elbistanhabermerkezi.com\/wp-content\/uploads\/2023\/06\/SU-2-1536x864.jpeg 1536w, https:\/\/elbistanhabermerkezi.com\/wp-content\/uploads\/2023\/06\/SU-2-171x96.jpeg 171w, https:\/\/elbistanhabermerkezi.com\/wp-content\/uploads\/2023\/06\/SU-2-276x155.jpeg 276w, https:\/\/elbistanhabermerkezi.com\/wp-content\/uploads\/2023\/06\/SU-2-376x212.jpeg 376w, https:\/\/elbistanhabermerkezi.com\/wp-content\/uploads\/2023\/06\/SU-2-796x448.jpeg 796w\" sizes=\"auto, (max-width: 1600px) 100vw, 1600px\" \/><\/strong><\/p>\n<p style=\"text-align: justify;\"><strong>Elbistan\u2019da, il\u00e7e merkezinde kurban kesim alanlar\u0131n\u0131 belirlendi. Vatanda\u015flar, belirlenen 10 farkl\u0131 noktada kurban kesimini yapabilecek.<\/strong><\/p>\n<p style=\"text-align: justify;\"><strong>Elbistan, depremin g\u00f6lgesinde Kurban Bayram\u0131\u2019na buruk haz\u0131rlan\u0131yor. Bayrama say\u0131l\u0131 g\u00fcnler kala bir\u00e7ok vatanda\u015flar kurbanl\u0131klar\u0131n\u0131 al\u0131rken baz\u0131lar\u0131 da al\u0131\u015fveri\u015fini son g\u00fcnlere b\u0131rak\u0131yor. Kurbanl\u0131k al\u0131\u015fveri\u015finin en yo\u011fun ya\u015fand\u0131\u011f\u0131 yer ise hayvan borsas\u0131 oluyor.<\/strong><\/p>\n<p style=\"text-align: justify;\"><strong>Elbistan Kurban Hizmetleri Komisyonu, vatanda\u015flar\u0131n kurban ibadetini rahat ve hijyenik bir ortamda ger\u00e7ekle\u015ftirebilmeleri i\u00e7in kesim noktalar\u0131n\u0131 belirledi. Buna g\u00f6re, Elbistan\u2019da 10 farkl\u0131 noktada kurban kesimi yap\u0131labilecek. \u0130l\u00e7e genelindeki kurban kesim alanlar\u0131 \u015fu \u015fekilde olacak; Hayvan borsas\u0131, Ye\u015filyurt \u00c7ok Programl\u0131 Lise yan\u0131, K\u0131z\u0131lcaoba Mahallesi eski di\u015f hastanesi yan\u0131, Ye\u015filyurt Mahallesi Hac\u0131 Tura\u00e7 Cami kar\u015f\u0131s\u0131, P\u0131narba\u015f\u0131 Mahallesi Elbistan Ortaokulu bah\u00e7esi, P\u0131narba\u015f\u0131 Mahallesi a\u00e7\u0131k pazar yeri, Hocazade Camii \u00f6n\u00fc pazar yeri, Tepeba\u015f\u0131 Caddesi okul bah\u00e7esi, Cumhuriyet Mahallesi Hac\u0131 Esat Efendi Caddesi eski pazar yeri kar\u015f\u0131s\u0131 ve Ye\u015filyurt Mahallesi TOK\u0130 \u0130lkokulu bah\u00e7esi.\u201d<\/strong><\/p>\n<p style=\"text-align: justify;\"><strong>Ba\u015fkan G\u00fcrb\u00fcz; gerekli tedbirler al\u0131nd\u0131<\/strong><\/p>\n<p style=\"text-align: justify;\"><strong>Elbistan Belediye Ba\u015fkan\u0131 Mehmet G\u00fcrb\u00fcz ise yapt\u0131\u011f\u0131 a\u00e7\u0131klamas\u0131nda; kurban kesim alanlar\u0131nda her t\u00fcrl\u00fc tedbirlerin al\u0131nd\u0131\u011f\u0131n\u0131 ifade ederek; \u201cKurban Hizmetleri Komisyonu toplant\u0131s\u0131 sonras\u0131nda kurbanl\u0131k kesimi i\u00e7in il\u00e7e s\u0131n\u0131rlar\u0131m\u0131z i\u00e7inde 10 farkl\u0131 yer belirlendi. Kesim noktalar\u0131n tamam\u0131nda zab\u0131ta m\u00fcd\u00fcrl\u00fc\u011f\u00fc ekiplerimiz gerekli denetimlerini yapacak. Elbistan Belediyesi ekipleri bayram boyunca halk\u0131m\u0131za hizmet vermek i\u00e7in haz\u0131r bekleyecek. Bu vesile ile ba\u015fta Elbistanl\u0131 hem\u015ferilerimiz olmak \u00fczere t\u00fcm \u0130slam aleminin m\u00fcbarek Kurban Bayram\u0131\u2019n\u0131 kutluyor hay\u0131rlara vesile olmas\u0131n\u0131 diliyorum\u201d dedi.<\/strong><\/p>\n<p><img loading=\"lazy\" decoding=\"async\" class=\"alignnone size-full wp-image-9806\" src=\"https:\/\/elbistanhabermerkezi.com\/wp-content\/uploads\/2023\/06\/WhatsApp-Image-2023-06-24-at-12.28.09.jpeg\" alt=\"\" width=\"1080\" height=\"1350\" srcset=\"https:\/\/elbistanhabermerkezi.com\/wp-content\/uploads\/2023\/06\/WhatsApp-Image-2023-06-24-at-12.28.09.jpeg 1080w, https:\/\/elbistanhabermerkezi.com\/wp-content\/uploads\/2023\/06\/WhatsApp-Image-2023-06-24-at-12.28.09-320x400.jpeg 320w, https:\/\/elbistanhabermerkezi.com\/wp-content\/uploads\/2023\/06\/WhatsApp-Image-2023-06-24-at-12.28.09-819x1024.jpeg 819w, https:\/\/elbistanhabermerkezi.com\/wp-content\/uploads\/2023\/06\/WhatsApp-Image-2023-06-24-at-12.28.09-768x960.jpeg 768w, https:\/\/elbistanhabermerkezi.com\/wp-content\/uploads\/2023\/06\/WhatsApp-Image-2023-06-24-at-12.28.09-84x105.jpeg 84w, https:\/\/elbistanhabermerkezi.com\/wp-content\/uploads\/2023\/06\/WhatsApp-Image-2023-06-24-at-12.28.09-124x155.jpeg 124w, https:\/\/elbistanhabermerkezi.com\/wp-content\/uploads\/2023\/06\/WhatsApp-Image-2023-06-24-at-12.28.09-177x221.jpeg 177w, https:\/\/elbistanhabermerkezi.com\/wp-content\/uploads\/2023\/06\/WhatsApp-Image-2023-06-24-at-12.28.09-358x448.jpeg 358w\" sizes=\"auto, (max-width: 1080px) 100vw, 1080px\" \/><\/p>\n<p style=\"text-align: justify;\"><strong><img loading=\"lazy\" decoding=\"async\" class=\"alignnone size-full wp-image-9727\" src=\"https:\/\/elbistanhabermerkezi.com\/wp-content\/uploads\/2023\/06\/SU-1.jpeg\" alt=\"\" width=\"1600\" height=\"900\" srcset=\"https:\/\/elbistanhabermerkezi.com\/wp-content\/uploads\/2023\/06\/SU-1.jpeg 1600w, https:\/\/elbistanhabermerkezi.com\/wp-content\/uploads\/2023\/06\/SU-1-600x338.jpeg 600w, https:\/\/elbistanhabermerkezi.com\/wp-content\/uploads\/2023\/06\/SU-1-1024x576.jpeg 1024w, https:\/\/elbistanhabermerkezi.com\/wp-content\/uploads\/2023\/06\/SU-1-768x432.jpeg 768w, https:\/\/elbistanhabermerkezi.com\/wp-content\/uploads\/2023\/06\/SU-1-1536x864.jpeg 1536w, https:\/\/elbistanhabermerkezi.com\/wp-content\/uploads\/2023\/06\/SU-1-171x96.jpeg 171w, https:\/\/elbistanhabermerkezi.com\/wp-content\/uploads\/2023\/06\/SU-1-276x155.jpeg 276w, https:\/\/elbistanhabermerkezi.com\/wp-content\/uploads\/2023\/06\/SU-1-376x212.jpeg 376w, https:\/\/elbistanhabermerkezi.com\/wp-content\/uploads\/2023\/06\/SU-1-796x448.jpeg 796w\" sizes=\"auto, (max-width: 1600px) 100vw, 1600px\" \/><img loading=\"lazy\" decoding=\"async\" class=\"alignnone size-full wp-image-9312\" src=\"https:\/\/elbistanhabermerkezi.com\/wp-content\/uploads\/2023\/05\/PISKIN.jpeg\" alt=\"\" width=\"900\" height=\"1600\" srcset=\"https:\/\/elbistanhabermerkezi.com\/wp-content\/uploads\/2023\/05\/PISKIN.jpeg 900w, https:\/\/elbistanhabermerkezi.com\/wp-content\/uploads\/2023\/05\/PISKIN-225x400.jpeg 225w, https:\/\/elbistanhabermerkezi.com\/wp-content\/uploads\/2023\/05\/PISKIN-576x1024.jpeg 576w, https:\/\/elbistanhabermerkezi.com\/wp-content\/uploads\/2023\/05\/PISKIN-768x1365.jpeg 768w, https:\/\/elbistanhabermerkezi.com\/wp-content\/uploads\/2023\/05\/PISKIN-864x1536.jpeg 864w, https:\/\/elbistanhabermerkezi.com\/wp-content\/uploads\/2023\/05\/PISKIN-59x105.jpeg 59w, https:\/\/elbistanhabermerkezi.com\/wp-content\/uploads\/2023\/05\/PISKIN-87x155.jpeg 87w, https:\/\/elbistanhabermerkezi.com\/wp-content\/uploads\/2023\/05\/PISKIN-124x221.jpeg 124w, https:\/\/elbistanhabermerkezi.com\/wp-content\/uploads\/2023\/05\/PISKIN-252x448.jpeg 252w\" sizes=\"auto, (max-width: 900px) 100vw, 900px\" \/><\/strong><\/p>\n<p style=\"text-align: justify;\">\n","protected":false},"excerpt":{"rendered":"<p>Elbistan\u2019da, il\u00e7e merkezinde kurban kesim alanlar\u0131n\u0131 belirlendi. Vatanda\u015flar, belirlenen 10 farkl\u0131 noktada kurban kesimini yapabilecek. Elbistan, depremin g\u00f6lgesinde Kurban Bayram\u0131\u2019na buruk haz\u0131rlan\u0131yor. Bayrama say\u0131l\u0131 g\u00fcnler kala bir\u00e7ok vatanda\u015flar kurbanl\u0131klar\u0131n\u0131 al\u0131rken baz\u0131lar\u0131 da al\u0131\u015fveri\u015fini son g\u00fcnlere b\u0131rak\u0131yor. Kurbanl\u0131k al\u0131\u015fveri\u015finin en yo\u011fun ya\u015fand\u0131\u011f\u0131 yer ise hayvan borsas\u0131 oluyor. Elbistan Kurban Hizmetleri Komisyonu, vatanda\u015flar\u0131n kurban ibadetini rahat ve [&hellip;]<\/p>\n","protected":false},"author":1,"featured_media":9807,"comment_status":"open","ping_status":"open","sticky":false,"template":"","format":"standard","meta":{"_jetpack_memberships_contains_paid_content":false,"footnotes":""},"categories":[2,8,11],"tags":[],"class_list":["post-9805","post","type-post","status-publish","format-standard","has-post-thumbnail","hentry","category-3-sayfa","category-gundem","category-saglik"],"jetpack_featured_media_url":"https:\/\/elbistanhabermerkezi.com\/wp-content\/uploads\/2023\/06\/WhatsApp-Image-2023-06-24-at-12.28.09-1.jpeg","jetpack_sharing_enabled":true,"_links":{"self":[{"href":"https:\/\/elbistanhabermerkezi.com\/index.php\/wp-json\/wp\/v2\/posts\/9805","targetHints":{"allow":["GET"]}}],"collection":[{"href":"https:\/\/elbistanhabermerkezi.com\/index.php\/wp-json\/wp\/v2\/posts"}],"about":[{"href":"https:\/\/elbistanhabermerkezi.com\/index.php\/wp-json\/wp\/v2\/types\/post"}],"author":[{"embeddable":true,"href":"https:\/\/elbistanhabermerkezi.com\/index.php\/wp-json\/wp\/v2\/users\/1"}],"replies":[{"embeddable":true,"href":"https:\/\/elbistanhabermerkezi.com\/index.php\/wp-json\/wp\/v2\/comments?post=9805"}],"version-history":[{"count":1,"href":"https:\/\/elbistanhabermerkezi.com\/index.php\/wp-json\/wp\/v2\/posts\/9805\/revisions"}],"predecessor-version":[{"id":9810,"href":"https:\/\/elbistanhabermerkezi.com\/index.php\/wp-json\/wp\/v2\/posts\/9805\/revisions\/9810"}],"wp:featuredmedia":[{"embeddable":true,"href":"https:\/\/elbistanhabermerkezi.com\/index.php\/wp-json\/wp\/v2\/media\/9807"}],"wp:attachment":[{"href":"https:\/\/elbistanhabermerkezi.com\/index.php\/wp-json\/wp\/v2\/media?parent=9805"}],"wp:term":[{"taxonomy":"category","embeddable":true,"href":"https:\/\/elbistanhabermerkezi.com\/index.php\/wp-json\/wp\/v2\/categories?post=9805"},{"taxonomy":"post_tag","embeddable":true,"href":"https:\/\/elbistanhabermerkezi.com\/index.php\/wp-json\/wp\/v2\/tags?post=9805"}],"curies":[{"name":"wp","href":"https:\/\/api.w.org\/{rel}","templated":true}]}}