{"id":9039,"date":"2023-04-30T09:28:37","date_gmt":"2023-04-30T09:28:37","guid":{"rendered":"https:\/\/elbistanhabermerkezi.com\/?p=9039"},"modified":"2023-04-30T09:28:37","modified_gmt":"2023-04-30T09:28:37","slug":"elbistan-bu-fedakarligi-hic-unutmayacak","status":"publish","type":"post","link":"https:\/\/elbistanhabermerkezi.com\/index.php\/2023\/04\/30\/elbistan-bu-fedakarligi-hic-unutmayacak\/","title":{"rendered":"Elbistan bu fedakarl\u0131\u011f\u0131 hi\u00e7 unutmayacak!"},"content":{"rendered":"<p style=\"text-align: justify;\"><strong><img loading=\"lazy\" decoding=\"async\" class=\"alignnone size-full wp-image-4452\" src=\"https:\/\/elbistanhabermerkezi.com\/wp-content\/uploads\/2022\/08\/ahab.jpg\" alt=\"\" width=\"300\" height=\"194\" srcset=\"https:\/\/elbistanhabermerkezi.com\/wp-content\/uploads\/2022\/08\/ahab.jpg 300w, https:\/\/elbistanhabermerkezi.com\/wp-content\/uploads\/2022\/08\/ahab-162x105.jpg 162w, https:\/\/elbistanhabermerkezi.com\/wp-content\/uploads\/2022\/08\/ahab-240x155.jpg 240w\" sizes=\"auto, (max-width: 300px) 100vw, 300px\" \/><\/strong><\/p>\n<p style=\"text-align: justify;\"><strong><img loading=\"lazy\" decoding=\"async\" class=\"alignnone size-full wp-image-8543\" src=\"https:\/\/elbistanhabermerkezi.com\/wp-content\/uploads\/2023\/03\/piskinmetsl.jpg\" alt=\"\" width=\"652\" height=\"355\" srcset=\"https:\/\/elbistanhabermerkezi.com\/wp-content\/uploads\/2023\/03\/piskinmetsl.jpg 652w, https:\/\/elbistanhabermerkezi.com\/wp-content\/uploads\/2023\/03\/piskinmetsl-600x327.jpg 600w, https:\/\/elbistanhabermerkezi.com\/wp-content\/uploads\/2023\/03\/piskinmetsl-171x93.jpg 171w, https:\/\/elbistanhabermerkezi.com\/wp-content\/uploads\/2023\/03\/piskinmetsl-278x151.jpg 278w, https:\/\/elbistanhabermerkezi.com\/wp-content\/uploads\/2023\/03\/piskinmetsl-376x205.jpg 376w\" sizes=\"auto, (max-width: 652px) 100vw, 652px\" \/><\/strong><\/p>\n<p style=\"text-align: justify;\"><strong>Gastronomi alan\u0131nda Cumhurba\u015fkanl\u0131\u011f\u0131 K\u00fclt\u00fcr Sanat B\u00fcy\u00fck \u00d6d\u00fcl\u00fcn\u00fcn sahibi,\u015eef,Seyyah,Yazar \u00d6m\u00fcr Akkor,Deprem b\u00f6lgesi Elbistan&#8217;da Yeni Hayat Lokantas\u0131 a\u00e7arak yakla\u015f\u0131k 3 ayd\u0131r vatanda\u015flar\u0131m\u0131za \u00fccretsiz yemek ikram\u0131nda bulunuyor. \u00d6m\u00fcr Akor ve ekibine te\u015fekk\u00fcr ziyaretleri de s\u00fcr\u00fcyor. MARA\u015eFED Ba\u015fkan\u0131 U\u011fur Yinan\u00e7&#8217; da ekibiyle birlikte Yeni Hayat Lokantas\u0131n\u0131 ziyaret ederek &#8220;Kahramanlar&#8221; dedi\u011fi ekibe Elbistan ad\u0131na te\u015fekk\u00fcrlerini iletti.<\/strong><\/p>\n<p style=\"text-align: justify;\"><strong>Elbistan P\u0131narba\u015f\u0131 yak\u0131n\u0131nda bulunan devasa Lokantaya gelenler bo\u015f g\u00f6nderilmiyor,Depremzede vatanda\u015flar\u0131m\u0131z g\u00fcler y\u00fcz ve \u015fefkatle kar\u015f\u0131lan\u0131yor ve ihtiya\u00e7lar\u0131 noktas\u0131nda yard\u0131mc\u0131 olunuyor.<\/strong><\/p>\n<p style=\"text-align: justify;\"><strong>Elbistan Haber Merkezi olarak bizler de Yeniden Hayat Lokantas\u0131n\u0131n kap\u0131s\u0131n\u0131 \u00e7ald\u0131k ve \u00d6m\u00fcr beyle doyumsuz bir s\u00f6yle\u015fi yapt\u0131k.<\/strong><\/p>\n<p style=\"text-align: justify;\"><strong>Biz Elbistan\u2019a geldik yard\u0131m ettik. Ben yard\u0131m etti\u011fimizi d\u00fc\u015f\u00fcnm\u00fcyorum e\u011fer ettiysek bizim Elbistan\u2019dan ald\u0131\u011f\u0131m\u0131z en az y\u00fcz kat\u0131. Bizim burada insani tecr\u00fcbe, i\u015f tecr\u00fcbesi, fiziki tecr\u00fcbe, manevi tecr\u00fcbe olarak insanlardan ald\u0131\u011f\u0131m\u0131z, birde Allah kimseye nasip etmesin, bir yerde deprem olacak orada lokanta a\u00e7acaks\u0131n, insanlara gece g\u00fcnd\u00fcz hizmet edeceksin olmayabilir b\u00f6yle bir \u015fey. \u015eimdi bunlar\u0131 d\u00fc\u015f\u00fcnd\u00fc\u011f\u00fcm\u00fcz zaman biz daha kazan\u00e7l\u0131y\u0131z. diyen \u00d6m\u00fcr Akkor, O y\u00fczden b\u00f6lgeye yard\u0131m etmeye gidiyorum de\u011fil, sen kendine yard\u0131m etmeye geldin. \u0130nsan olma yard\u0131m\u0131n\u0131 al kendine. Nas\u0131l kar\u015f\u0131l\u0131ks\u0131z oldu\u011funu g\u00f6rmeye gel. Yoksa sen al paray\u0131 g\u00f6nder, \u00f6yle bir \u015fey yok. \u00c7\u00fcnk\u00fc senin g\u00f6nderdi\u011fin paran\u0131n burada s\u0131cak yemek olmas\u0131 burada alt\u0131 ay s\u00fcr\u00fcyor dedi.<\/strong><\/p>\n<p style=\"text-align: justify;\"><strong> \u015eunu hi\u00e7 unutmuyorum; depremin \u00fc\u00e7\u00fcnc\u00fc g\u00fcn\u00fc daha \u00e7ad\u0131r kente y\u00fcz tane \u00e7ad\u0131r kurmu\u015fuz bu b\u00f6lgede, bir tane 60 plakal\u0131 bir araba g\u00f6rd\u00fcm teyzeyle amca, araban\u0131n bagaj\u0131n\u0131 a\u00e7t\u0131lar, iki tencere sarma, yo\u011furt, m\u0131s\u0131r ekme\u011fi vard\u0131. Bu ne diye sordum, teyze de; evde iki g\u00fcnd\u00fcr bunu yap\u0131yorum da\u011f\u0131taca\u011f\u0131m, geri gidecek geri gelecek. \u015eimdi sen bu kad\u0131n\u0131n kendisine ve hayata katt\u0131\u011f\u0131 tecr\u00fcbeyi tartamazs\u0131n. O y\u00fczden bunu oturup internet ba\u015f\u0131nda, evde izlemenin hi\u00e7bir faydas\u0131 yok. Yani \u00e7olu\u011fu \u00e7ocu\u011fu buraya getireceksin, burada iftar yapt\u0131racaks\u0131n, burada bayram yapt\u0131racaks\u0131n. Burada hayatta ba\u015f\u0131na neler gelebilece\u011finin en zor \u00f6rne\u011fini g\u00f6r\u00fcyor.\u00a0 \u00c7ocuklar\u0131n gen\u00e7lerin bunu \u00f6\u011frenmesi laz\u0131m diyen \u00d6m\u00fcr Akkor, Buraya \u00e7a\u011f\u0131rd\u0131\u011f\u0131m\u0131z b\u00fct\u00fcn arkada\u015flar\u0131m\u0131za ben hepsine \u0131srar ettim. Arkada\u015f\u0131m ben senin paran\u0131 istemiyorum, sen geleceksin, aileni, getireceksin. Bak bunu g\u00f6r. Bu g\u00f6r\u00fclmezse bunu unutamay\u0131z. Biz bunu unutursak yirmi sene sonra \u0130stanbul ba\u015f\u0131m\u0131za \u00e7\u00f6kerse Allah korusun o zamanda gideriz. Ben \u015fimdi bir Elbistan Seyahatnamesi haz\u0131rl\u0131yorum. Ac\u0131 bir Elbistan Seyahatnamesi. B\u00fct\u00fcn bu depremi bir rapor halinde yay\u0131nlay\u0131p en az\u0131ndan dernekte okuturuz, insanlara veririz, \u00fclkede b\u00f6yle g\u00fcnler ya\u015fanm\u0131\u015f bizde haz\u0131rl\u0131kl\u0131 olmal\u0131y\u0131z, bundan sonra yapaca\u011f\u0131m\u0131z her ad\u0131m\u0131 felaketler \u00fczerinden atmal\u0131y\u0131z dedi.<\/strong><\/p>\n<p style=\"text-align: justify;\"><strong>Bakt\u0131\u011f\u0131n\u0131zda bu b\u00f6lgede siz insanlara yard\u0131m etti\u011finizi d\u00fc\u015f\u00fcn\u00fcyorsunuz ama as\u0131l o yard\u0131m\u0131 siz al\u0131yorsunuz, as\u0131l realiteyi siz al\u0131yorsunuz. \u015eunu da \u00e7ok duydum. Dediler ki \u2018 abi siz kalkt\u0131n\u0131z \u0130stanbul\u2019dan geldiniz ama biz burada Van depremi olunca gitmedik, Elaz\u0131\u011f\u2019a gitmedik, pi\u015fman\u0131z affet dediler yani diyen \u00d6m\u00fcr Akkor, As\u0131l biz burada \u00fczerimize bir \u015feyler al\u0131yoruz. Mesela ben \u00e7ok \u015f\u0131mar\u0131k birisiyim. Otele gidiyorum oteli be\u011fenmiyordum, oday\u0131 be\u011fenmiyordum, \u0131\u015f\u0131k varsa yatamam, ses olunca yatamam, odada biri olunca yatamam vs. ama \u015fimdi \u015fu kadar salonda yirmi be\u015f ki\u015fi yat\u0131yorduk. Me\u011ferse hayat\u0131mdaki en g\u00fczel uykuyu o yorgunlukla burada uyumu\u015fum. O y\u00fczden \u015funu d\u00fc\u015f\u00fcn\u00fcyorum, Allah insan\u0131 \u00f6yle bir yaratm\u0131\u015f ki bir\u00e7ok \u015fey elinde ama konfor denilen sebep y\u00fcz\u00fcnden hi\u00e7bir \u015fey yapam\u0131yorsun. Ve san\u0131yoruz ki kahve aya\u011f\u0131m\u0131za gelince patronuz, asl\u0131nda o kahve seni d\u00fc\u015f\u00fcr\u00fcyormu\u015f. Ben kendimi de saym\u0131yorum ekipler m\u00fckemmel \u00e7al\u0131\u015ft\u0131lar. Buraya gelince g\u00f6rd\u00fck ki Allah\u2019\u0131n izniyle yapamayaca\u011f\u0131m\u0131z bir \u015fey yok. Bu millet burada Kuvay-\u0131 Milliye ruhuyla sava\u015ft\u0131. Millet \u00e7ok b\u00fcy\u00fck, devlet \u00e7ok b\u00fcy\u00fck. Bu bir s\u00fcre\u00e7, elimizden bu kadar\u0131 geldi burada olduk ama Elbistan\u2019dan da \u00f6\u011frendi\u011fimiz \u00e7ok \u015fey oldu dedi.<\/strong><\/p>\n<p style=\"text-align: justify;\"><strong>\u0130\u015fte o r\u00f6portaj:<\/strong><\/p>\n<p style=\"text-align: justify;\"><iframe loading=\"lazy\" src=\"\/\/www.youtube.com\/embed\/TBHG1e1BcIU\" width=\"714\" height=\"400\" allowfullscreen=\"allowfullscreen\"><\/iframe><\/p>\n<p style=\"text-align: justify;\"><strong><img loading=\"lazy\" decoding=\"async\" class=\"alignnone size-full wp-image-9040\" src=\"https:\/\/elbistanhabermerkezi.com\/wp-content\/uploads\/2023\/04\/IMG_5737.jpg\" alt=\"\" width=\"700\" height=\"467\" srcset=\"https:\/\/elbistanhabermerkezi.com\/wp-content\/uploads\/2023\/04\/IMG_5737.jpg 700w, https:\/\/elbistanhabermerkezi.com\/wp-content\/uploads\/2023\/04\/IMG_5737-600x400.jpg 600w, https:\/\/elbistanhabermerkezi.com\/wp-content\/uploads\/2023\/04\/IMG_5737-157x105.jpg 157w, https:\/\/elbistanhabermerkezi.com\/wp-content\/uploads\/2023\/04\/IMG_5737-232x155.jpg 232w, https:\/\/elbistanhabermerkezi.com\/wp-content\/uploads\/2023\/04\/IMG_5737-331x221.jpg 331w, https:\/\/elbistanhabermerkezi.com\/wp-content\/uploads\/2023\/04\/IMG_5737-672x448.jpg 672w\" sizes=\"auto, (max-width: 700px) 100vw, 700px\" \/> <img loading=\"lazy\" decoding=\"async\" class=\"alignnone size-full wp-image-9041\" src=\"https:\/\/elbistanhabermerkezi.com\/wp-content\/uploads\/2023\/04\/IMG_5740.jpg\" alt=\"\" width=\"700\" height=\"467\" srcset=\"https:\/\/elbistanhabermerkezi.com\/wp-content\/uploads\/2023\/04\/IMG_5740.jpg 700w, https:\/\/elbistanhabermerkezi.com\/wp-content\/uploads\/2023\/04\/IMG_5740-600x400.jpg 600w, https:\/\/elbistanhabermerkezi.com\/wp-content\/uploads\/2023\/04\/IMG_5740-157x105.jpg 157w, https:\/\/elbistanhabermerkezi.com\/wp-content\/uploads\/2023\/04\/IMG_5740-232x155.jpg 232w, https:\/\/elbistanhabermerkezi.com\/wp-content\/uploads\/2023\/04\/IMG_5740-331x221.jpg 331w, https:\/\/elbistanhabermerkezi.com\/wp-content\/uploads\/2023\/04\/IMG_5740-672x448.jpg 672w\" sizes=\"auto, (max-width: 700px) 100vw, 700px\" \/> <img loading=\"lazy\" decoding=\"async\" class=\"alignnone size-full wp-image-9045\" src=\"https:\/\/elbistanhabermerkezi.com\/wp-content\/uploads\/2023\/04\/IMG_5745.jpg\" alt=\"\" width=\"700\" height=\"467\" srcset=\"https:\/\/elbistanhabermerkezi.com\/wp-content\/uploads\/2023\/04\/IMG_5745.jpg 700w, https:\/\/elbistanhabermerkezi.com\/wp-content\/uploads\/2023\/04\/IMG_5745-600x400.jpg 600w, https:\/\/elbistanhabermerkezi.com\/wp-content\/uploads\/2023\/04\/IMG_5745-157x105.jpg 157w, https:\/\/elbistanhabermerkezi.com\/wp-content\/uploads\/2023\/04\/IMG_5745-232x155.jpg 232w, https:\/\/elbistanhabermerkezi.com\/wp-content\/uploads\/2023\/04\/IMG_5745-331x221.jpg 331w, https:\/\/elbistanhabermerkezi.com\/wp-content\/uploads\/2023\/04\/IMG_5745-672x448.jpg 672w\" sizes=\"auto, (max-width: 700px) 100vw, 700px\" \/> <img loading=\"lazy\" decoding=\"async\" class=\"alignnone size-full wp-image-9046\" src=\"https:\/\/elbistanhabermerkezi.com\/wp-content\/uploads\/2023\/04\/IMG_5746.jpg\" alt=\"\" width=\"700\" height=\"467\" srcset=\"https:\/\/elbistanhabermerkezi.com\/wp-content\/uploads\/2023\/04\/IMG_5746.jpg 700w, https:\/\/elbistanhabermerkezi.com\/wp-content\/uploads\/2023\/04\/IMG_5746-600x400.jpg 600w, https:\/\/elbistanhabermerkezi.com\/wp-content\/uploads\/2023\/04\/IMG_5746-157x105.jpg 157w, https:\/\/elbistanhabermerkezi.com\/wp-content\/uploads\/2023\/04\/IMG_5746-232x155.jpg 232w, https:\/\/elbistanhabermerkezi.com\/wp-content\/uploads\/2023\/04\/IMG_5746-331x221.jpg 331w, https:\/\/elbistanhabermerkezi.com\/wp-content\/uploads\/2023\/04\/IMG_5746-672x448.jpg 672w\" sizes=\"auto, (max-width: 700px) 100vw, 700px\" \/> <img loading=\"lazy\" decoding=\"async\" class=\"alignnone size-full wp-image-9047\" src=\"https:\/\/elbistanhabermerkezi.com\/wp-content\/uploads\/2023\/04\/IMG_5748.jpg\" alt=\"\" width=\"700\" height=\"467\" srcset=\"https:\/\/elbistanhabermerkezi.com\/wp-content\/uploads\/2023\/04\/IMG_5748.jpg 700w, https:\/\/elbistanhabermerkezi.com\/wp-content\/uploads\/2023\/04\/IMG_5748-600x400.jpg 600w, https:\/\/elbistanhabermerkezi.com\/wp-content\/uploads\/2023\/04\/IMG_5748-157x105.jpg 157w, https:\/\/elbistanhabermerkezi.com\/wp-content\/uploads\/2023\/04\/IMG_5748-232x155.jpg 232w, https:\/\/elbistanhabermerkezi.com\/wp-content\/uploads\/2023\/04\/IMG_5748-331x221.jpg 331w, https:\/\/elbistanhabermerkezi.com\/wp-content\/uploads\/2023\/04\/IMG_5748-672x448.jpg 672w\" sizes=\"auto, (max-width: 700px) 100vw, 700px\" \/> <img loading=\"lazy\" decoding=\"async\" class=\"alignnone size-full wp-image-9048\" src=\"https:\/\/elbistanhabermerkezi.com\/wp-content\/uploads\/2023\/04\/IMG_5750.jpg\" alt=\"\" width=\"700\" height=\"467\" srcset=\"https:\/\/elbistanhabermerkezi.com\/wp-content\/uploads\/2023\/04\/IMG_5750.jpg 700w, https:\/\/elbistanhabermerkezi.com\/wp-content\/uploads\/2023\/04\/IMG_5750-600x400.jpg 600w, https:\/\/elbistanhabermerkezi.com\/wp-content\/uploads\/2023\/04\/IMG_5750-157x105.jpg 157w, https:\/\/elbistanhabermerkezi.com\/wp-content\/uploads\/2023\/04\/IMG_5750-232x155.jpg 232w, https:\/\/elbistanhabermerkezi.com\/wp-content\/uploads\/2023\/04\/IMG_5750-331x221.jpg 331w, https:\/\/elbistanhabermerkezi.com\/wp-content\/uploads\/2023\/04\/IMG_5750-672x448.jpg 672w\" sizes=\"auto, (max-width: 700px) 100vw, 700px\" \/> <img loading=\"lazy\" decoding=\"async\" class=\"alignnone size-full wp-image-9049\" src=\"https:\/\/elbistanhabermerkezi.com\/wp-content\/uploads\/2023\/04\/IMG_5751.jpg\" alt=\"\" width=\"700\" height=\"467\" srcset=\"https:\/\/elbistanhabermerkezi.com\/wp-content\/uploads\/2023\/04\/IMG_5751.jpg 700w, https:\/\/elbistanhabermerkezi.com\/wp-content\/uploads\/2023\/04\/IMG_5751-600x400.jpg 600w, https:\/\/elbistanhabermerkezi.com\/wp-content\/uploads\/2023\/04\/IMG_5751-157x105.jpg 157w, https:\/\/elbistanhabermerkezi.com\/wp-content\/uploads\/2023\/04\/IMG_5751-232x155.jpg 232w, https:\/\/elbistanhabermerkezi.com\/wp-content\/uploads\/2023\/04\/IMG_5751-331x221.jpg 331w, https:\/\/elbistanhabermerkezi.com\/wp-content\/uploads\/2023\/04\/IMG_5751-672x448.jpg 672w\" sizes=\"auto, (max-width: 700px) 100vw, 700px\" \/> <img loading=\"lazy\" decoding=\"async\" class=\"alignnone size-full wp-image-9050\" src=\"https:\/\/elbistanhabermerkezi.com\/wp-content\/uploads\/2023\/04\/IMG_5752.jpg\" alt=\"\" width=\"700\" height=\"467\" srcset=\"https:\/\/elbistanhabermerkezi.com\/wp-content\/uploads\/2023\/04\/IMG_5752.jpg 700w, https:\/\/elbistanhabermerkezi.com\/wp-content\/uploads\/2023\/04\/IMG_5752-600x400.jpg 600w, https:\/\/elbistanhabermerkezi.com\/wp-content\/uploads\/2023\/04\/IMG_5752-157x105.jpg 157w, https:\/\/elbistanhabermerkezi.com\/wp-content\/uploads\/2023\/04\/IMG_5752-232x155.jpg 232w, https:\/\/elbistanhabermerkezi.com\/wp-content\/uploads\/2023\/04\/IMG_5752-331x221.jpg 331w, https:\/\/elbistanhabermerkezi.com\/wp-content\/uploads\/2023\/04\/IMG_5752-672x448.jpg 672w\" sizes=\"auto, (max-width: 700px) 100vw, 700px\" \/> <img loading=\"lazy\" decoding=\"async\" class=\"alignnone size-full wp-image-9051\" src=\"https:\/\/elbistanhabermerkezi.com\/wp-content\/uploads\/2023\/04\/IMG_5754.jpg\" alt=\"\" width=\"700\" height=\"467\" srcset=\"https:\/\/elbistanhabermerkezi.com\/wp-content\/uploads\/2023\/04\/IMG_5754.jpg 700w, https:\/\/elbistanhabermerkezi.com\/wp-content\/uploads\/2023\/04\/IMG_5754-600x400.jpg 600w, https:\/\/elbistanhabermerkezi.com\/wp-content\/uploads\/2023\/04\/IMG_5754-157x105.jpg 157w, https:\/\/elbistanhabermerkezi.com\/wp-content\/uploads\/2023\/04\/IMG_5754-232x155.jpg 232w, https:\/\/elbistanhabermerkezi.com\/wp-content\/uploads\/2023\/04\/IMG_5754-331x221.jpg 331w, https:\/\/elbistanhabermerkezi.com\/wp-content\/uploads\/2023\/04\/IMG_5754-672x448.jpg 672w\" sizes=\"auto, (max-width: 700px) 100vw, 700px\" \/><\/strong><\/p>\n","protected":false},"excerpt":{"rendered":"<p>Gastronomi alan\u0131nda Cumhurba\u015fkanl\u0131\u011f\u0131 K\u00fclt\u00fcr Sanat B\u00fcy\u00fck \u00d6d\u00fcl\u00fcn\u00fcn sahibi,\u015eef,Seyyah,Yazar \u00d6m\u00fcr Akkor,Deprem b\u00f6lgesi Elbistan&#8217;da Yeni Hayat Lokantas\u0131 a\u00e7arak yakla\u015f\u0131k 3 ayd\u0131r vatanda\u015flar\u0131m\u0131za \u00fccretsiz yemek ikram\u0131nda bulunuyor. \u00d6m\u00fcr Akor ve ekibine te\u015fekk\u00fcr ziyaretleri de s\u00fcr\u00fcyor. MARA\u015eFED Ba\u015fkan\u0131 U\u011fur Yinan\u00e7&#8217; da ekibiyle birlikte Yeni Hayat Lokantas\u0131n\u0131 ziyaret ederek &#8220;Kahramanlar&#8221; dedi\u011fi ekibe Elbistan ad\u0131na te\u015fekk\u00fcrlerini iletti. Elbistan P\u0131narba\u015f\u0131 yak\u0131n\u0131nda bulunan [&hellip;]<\/p>\n","protected":false},"author":1,"featured_media":9042,"comment_status":"open","ping_status":"open","sticky":false,"template":"","format":"standard","meta":{"_jetpack_memberships_contains_paid_content":false,"footnotes":""},"categories":[2,6,8,9],"tags":[],"class_list":["post-9039","post","type-post","status-publish","format-standard","has-post-thumbnail","hentry","category-3-sayfa","category-ekonomi","category-gundem","category-magazin"],"jetpack_featured_media_url":"https:\/\/elbistanhabermerkezi.com\/wp-content\/uploads\/2023\/04\/IMG_5742yi.jpg","jetpack_sharing_enabled":true,"_links":{"self":[{"href":"https:\/\/elbistanhabermerkezi.com\/index.php\/wp-json\/wp\/v2\/posts\/9039","targetHints":{"allow":["GET"]}}],"collection":[{"href":"https:\/\/elbistanhabermerkezi.com\/index.php\/wp-json\/wp\/v2\/posts"}],"about":[{"href":"https:\/\/elbistanhabermerkezi.com\/index.php\/wp-json\/wp\/v2\/types\/post"}],"author":[{"embeddable":true,"href":"https:\/\/elbistanhabermerkezi.com\/index.php\/wp-json\/wp\/v2\/users\/1"}],"replies":[{"embeddable":true,"href":"https:\/\/elbistanhabermerkezi.com\/index.php\/wp-json\/wp\/v2\/comments?post=9039"}],"version-history":[{"count":1,"href":"https:\/\/elbistanhabermerkezi.com\/index.php\/wp-json\/wp\/v2\/posts\/9039\/revisions"}],"predecessor-version":[{"id":9052,"href":"https:\/\/elbistanhabermerkezi.com\/index.php\/wp-json\/wp\/v2\/posts\/9039\/revisions\/9052"}],"wp:featuredmedia":[{"embeddable":true,"href":"https:\/\/elbistanhabermerkezi.com\/index.php\/wp-json\/wp\/v2\/media\/9042"}],"wp:attachment":[{"href":"https:\/\/elbistanhabermerkezi.com\/index.php\/wp-json\/wp\/v2\/media?parent=9039"}],"wp:term":[{"taxonomy":"category","embeddable":true,"href":"https:\/\/elbistanhabermerkezi.com\/index.php\/wp-json\/wp\/v2\/categories?post=9039"},{"taxonomy":"post_tag","embeddable":true,"href":"https:\/\/elbistanhabermerkezi.com\/index.php\/wp-json\/wp\/v2\/tags?post=9039"}],"curies":[{"name":"wp","href":"https:\/\/api.w.org\/{rel}","templated":true}]}}