{"id":864,"date":"2022-02-28T13:03:24","date_gmt":"2022-02-28T13:03:24","guid":{"rendered":"https:\/\/elbistanhabermerkezi.com\/?p=864"},"modified":"2022-02-28T13:03:24","modified_gmt":"2022-02-28T13:03:24","slug":"elbistanda-izinsiz-kaziya-gecit-verilmedi","status":"publish","type":"post","link":"https:\/\/elbistanhabermerkezi.com\/index.php\/2022\/02\/28\/elbistanda-izinsiz-kaziya-gecit-verilmedi\/","title":{"rendered":"ELB\u0130STAN\u2019DA \u0130Z\u0130NS\u0130Z KAZIYA GE\u00c7\u0130T VER\u0130LMED\u0130."},"content":{"rendered":"<p style=\"text-align: justify;\"><strong>Jandarma ekipleri Elbistan\u2019\u0131n G\u00fcvercinlik Mahallesinde izinsiz kaz\u0131 yap\u0131ld\u0131\u011f\u0131 ihbar\u0131n\u0131 ald\u0131. Yap\u0131lan Operasyonda izinsiz kaz\u0131ya ge\u00e7it verildi.<\/strong><\/p>\n<p style=\"text-align: justify;\"><strong>Konuya ili\u015fkin Kahramanmara\u015f \u0130l Jandarma Komutanl\u0131\u011f\u0131ndan yap\u0131lan a\u00e7\u0131klamada \u015fu bilgiler verildi;<\/strong><\/p>\n<p style=\"text-align: justify;\"><strong>\u201cKahramanmara\u015f \u0130l J. K.l\u0131\u011f\u0131 ekiplerince Elbistan \u0130l\u00e7esi G\u00fcvercinlik mahallesinde bulunan (H\u00fcy\u00fck) sit alan\u0131na yak\u0131n alanda\u00a0 izinsiz kaz\u0131 yap\u0131ld\u0131\u011f\u0131 duyumunun al\u0131nmas\u0131 \u00fczerine 22.02.2022 g\u00fcn\u00fc saat 11.00 s\u0131ralar\u0131nda T.\u015e.(E-35) ve D.Y.(E-40) isimli \u015fah\u0131slar mur\u00e7 ve balyoz aletleri ile yakla\u015f\u0131k 20 metre derinli\u011finde, 2 metre geni\u015fli\u011finde izinsiz kaz\u0131 yaparken KOM ve asayi\u015f timleri taraf\u0131ndan yakalanm\u0131\u015ft\u0131r. N\u00f6b.C.Savc\u0131s\u0131na\u00a0 bilgi verilerek adli tahkikata ba\u015flanm\u0131\u015ft\u0131r. \u015e\u00fcpheliler ifadelerinin al\u0131nmas\u0131na m\u00fcteakip serbest b\u0131rak\u0131lm\u0131\u015ft\u0131r.<\/strong><\/p>\n<p style=\"text-align: justify;\"><strong>Kahramanmara\u015f \u0130l Jandarma Komutanl\u0131\u011f\u0131nca halk\u0131n huzur ve g\u00fcvenli\u011fine y\u00f6nelik \u00e7al\u0131\u015fmalara azim ve kararl\u0131l\u0131kla devam edilmektedir\u201d<\/strong><\/p>\n<p><img loading=\"lazy\" decoding=\"async\" class=\"alignnone size-medium wp-image-865\" src=\"https:\/\/elbistanhabermerkezi.com\/wp-content\/uploads\/2022\/02\/WhatsApp-Image-2022-02-23-at-16.32.14-1024x768-1-300x225.jpeg\" alt=\"\" width=\"300\" height=\"225\" srcset=\"https:\/\/elbistanhabermerkezi.com\/wp-content\/uploads\/2022\/02\/WhatsApp-Image-2022-02-23-at-16.32.14-1024x768-1-300x225.jpeg 300w, https:\/\/elbistanhabermerkezi.com\/wp-content\/uploads\/2022\/02\/WhatsApp-Image-2022-02-23-at-16.32.14-1024x768-1-768x576.jpeg 768w, https:\/\/elbistanhabermerkezi.com\/wp-content\/uploads\/2022\/02\/WhatsApp-Image-2022-02-23-at-16.32.14-1024x768-1-140x105.jpeg 140w, https:\/\/elbistanhabermerkezi.com\/wp-content\/uploads\/2022\/02\/WhatsApp-Image-2022-02-23-at-16.32.14-1024x768-1-207x155.jpeg 207w, https:\/\/elbistanhabermerkezi.com\/wp-content\/uploads\/2022\/02\/WhatsApp-Image-2022-02-23-at-16.32.14-1024x768-1-295x221.jpeg 295w, https:\/\/elbistanhabermerkezi.com\/wp-content\/uploads\/2022\/02\/WhatsApp-Image-2022-02-23-at-16.32.14-1024x768-1-597x448.jpeg 597w, https:\/\/elbistanhabermerkezi.com\/wp-content\/uploads\/2022\/02\/WhatsApp-Image-2022-02-23-at-16.32.14-1024x768-1.jpeg 1024w\" sizes=\"auto, (max-width: 300px) 100vw, 300px\" \/> <img loading=\"lazy\" decoding=\"async\" class=\"alignnone size-medium wp-image-866\" src=\"https:\/\/elbistanhabermerkezi.com\/wp-content\/uploads\/2022\/02\/WhatsApp-Image-2022-02-23-at-16.32.15-300x225.jpeg\" alt=\"\" width=\"300\" height=\"225\" srcset=\"https:\/\/elbistanhabermerkezi.com\/wp-content\/uploads\/2022\/02\/WhatsApp-Image-2022-02-23-at-16.32.15-300x225.jpeg 300w, https:\/\/elbistanhabermerkezi.com\/wp-content\/uploads\/2022\/02\/WhatsApp-Image-2022-02-23-at-16.32.15-768x576.jpeg 768w, https:\/\/elbistanhabermerkezi.com\/wp-content\/uploads\/2022\/02\/WhatsApp-Image-2022-02-23-at-16.32.15-140x105.jpeg 140w, https:\/\/elbistanhabermerkezi.com\/wp-content\/uploads\/2022\/02\/WhatsApp-Image-2022-02-23-at-16.32.15-207x155.jpeg 207w, https:\/\/elbistanhabermerkezi.com\/wp-content\/uploads\/2022\/02\/WhatsApp-Image-2022-02-23-at-16.32.15-295x221.jpeg 295w, https:\/\/elbistanhabermerkezi.com\/wp-content\/uploads\/2022\/02\/WhatsApp-Image-2022-02-23-at-16.32.15-597x448.jpeg 597w, https:\/\/elbistanhabermerkezi.com\/wp-content\/uploads\/2022\/02\/WhatsApp-Image-2022-02-23-at-16.32.15.jpeg 1024w\" sizes=\"auto, (max-width: 300px) 100vw, 300px\" \/><\/p>\n","protected":false},"excerpt":{"rendered":"<p>Jandarma ekipleri Elbistan\u2019\u0131n G\u00fcvercinlik Mahallesinde izinsiz kaz\u0131 yap\u0131ld\u0131\u011f\u0131 ihbar\u0131n\u0131 ald\u0131. Yap\u0131lan Operasyonda izinsiz kaz\u0131ya ge\u00e7it verildi. Konuya ili\u015fkin Kahramanmara\u015f \u0130l Jandarma Komutanl\u0131\u011f\u0131ndan yap\u0131lan a\u00e7\u0131klamada \u015fu bilgiler verildi; \u201cKahramanmara\u015f \u0130l J. K.l\u0131\u011f\u0131 ekiplerince Elbistan \u0130l\u00e7esi G\u00fcvercinlik mahallesinde bulunan (H\u00fcy\u00fck) sit alan\u0131na yak\u0131n alanda\u00a0 izinsiz kaz\u0131 yap\u0131ld\u0131\u011f\u0131 duyumunun al\u0131nmas\u0131 \u00fczerine 22.02.2022 g\u00fcn\u00fc saat 11.00 s\u0131ralar\u0131nda T.\u015e.(E-35) ve [&hellip;]<\/p>\n","protected":false},"author":1,"featured_media":869,"comment_status":"open","ping_status":"open","sticky":false,"template":"","format":"standard","meta":{"_jetpack_memberships_contains_paid_content":false,"footnotes":""},"categories":[2,8],"tags":[],"class_list":["post-864","post","type-post","status-publish","format-standard","has-post-thumbnail","hentry","category-3-sayfa","category-gundem"],"jetpack_featured_media_url":"https:\/\/elbistanhabermerkezi.com\/wp-content\/uploads\/2022\/02\/nnnn.jpeg","jetpack_sharing_enabled":true,"_links":{"self":[{"href":"https:\/\/elbistanhabermerkezi.com\/index.php\/wp-json\/wp\/v2\/posts\/864","targetHints":{"allow":["GET"]}}],"collection":[{"href":"https:\/\/elbistanhabermerkezi.com\/index.php\/wp-json\/wp\/v2\/posts"}],"about":[{"href":"https:\/\/elbistanhabermerkezi.com\/index.php\/wp-json\/wp\/v2\/types\/post"}],"author":[{"embeddable":true,"href":"https:\/\/elbistanhabermerkezi.com\/index.php\/wp-json\/wp\/v2\/users\/1"}],"replies":[{"embeddable":true,"href":"https:\/\/elbistanhabermerkezi.com\/index.php\/wp-json\/wp\/v2\/comments?post=864"}],"version-history":[{"count":1,"href":"https:\/\/elbistanhabermerkezi.com\/index.php\/wp-json\/wp\/v2\/posts\/864\/revisions"}],"predecessor-version":[{"id":870,"href":"https:\/\/elbistanhabermerkezi.com\/index.php\/wp-json\/wp\/v2\/posts\/864\/revisions\/870"}],"wp:featuredmedia":[{"embeddable":true,"href":"https:\/\/elbistanhabermerkezi.com\/index.php\/wp-json\/wp\/v2\/media\/869"}],"wp:attachment":[{"href":"https:\/\/elbistanhabermerkezi.com\/index.php\/wp-json\/wp\/v2\/media?parent=864"}],"wp:term":[{"taxonomy":"category","embeddable":true,"href":"https:\/\/elbistanhabermerkezi.com\/index.php\/wp-json\/wp\/v2\/categories?post=864"},{"taxonomy":"post_tag","embeddable":true,"href":"https:\/\/elbistanhabermerkezi.com\/index.php\/wp-json\/wp\/v2\/tags?post=864"}],"curies":[{"name":"wp","href":"https:\/\/api.w.org\/{rel}","templated":true}]}}