{"id":8155,"date":"2023-01-30T07:43:00","date_gmt":"2023-01-30T07:43:00","guid":{"rendered":"https:\/\/elbistanhabermerkezi.com\/?p=8155"},"modified":"2023-01-30T07:43:00","modified_gmt":"2023-01-30T07:43:00","slug":"elbistanda-firinlar-bir-kez-daha-denetlendi","status":"publish","type":"post","link":"https:\/\/elbistanhabermerkezi.com\/index.php\/2023\/01\/30\/elbistanda-firinlar-bir-kez-daha-denetlendi\/","title":{"rendered":"Elbistan\u2019da f\u0131r\u0131nlar bir kez daha denetlendi."},"content":{"rendered":"<p style=\"text-align: justify;\"><img loading=\"lazy\" decoding=\"async\" class=\"alignnone size-full wp-image-826\" src=\"https:\/\/elbistanhabermerkezi.com\/wp-content\/uploads\/2022\/02\/ahalil.jpg\" alt=\"\" width=\"300\" height=\"194\" srcset=\"https:\/\/elbistanhabermerkezi.com\/wp-content\/uploads\/2022\/02\/ahalil.jpg 300w, https:\/\/elbistanhabermerkezi.com\/wp-content\/uploads\/2022\/02\/ahalil-162x105.jpg 162w, https:\/\/elbistanhabermerkezi.com\/wp-content\/uploads\/2022\/02\/ahalil-240x155.jpg 240w\" sizes=\"auto, (max-width: 300px) 100vw, 300px\" \/><\/p>\n<p style=\"text-align: justify;\"><img loading=\"lazy\" decoding=\"async\" class=\"alignnone size-full wp-image-7686\" src=\"https:\/\/elbistanhabermerkezi.com\/wp-content\/uploads\/2023\/01\/SUVARI-2.jpeg\" alt=\"\" width=\"600\" height=\"300\" srcset=\"https:\/\/elbistanhabermerkezi.com\/wp-content\/uploads\/2023\/01\/SUVARI-2.jpeg 600w, https:\/\/elbistanhabermerkezi.com\/wp-content\/uploads\/2023\/01\/SUVARI-2-171x86.jpeg 171w, https:\/\/elbistanhabermerkezi.com\/wp-content\/uploads\/2023\/01\/SUVARI-2-278x139.jpeg 278w, https:\/\/elbistanhabermerkezi.com\/wp-content\/uploads\/2023\/01\/SUVARI-2-376x188.jpeg 376w\" sizes=\"auto, (max-width: 600px) 100vw, 600px\" \/><\/p>\n<p><iframe loading=\"lazy\" title=\"Y\u00fczlerce \u00c7e\u015fit G\u00f6zl\u00fck Atasun Optik Elbistan \u015eubesinde sizleri bekliyor -HAL\u0130L DEM\u0130R\" width=\"500\" height=\"375\" src=\"https:\/\/www.youtube.com\/embed\/wcjCXiKCDUk?feature=oembed\" frameborder=\"0\" allow=\"accelerometer; autoplay; clipboard-write; encrypted-media; gyroscope; picture-in-picture; web-share\" referrerpolicy=\"strict-origin-when-cross-origin\" allowfullscreen><\/iframe><\/p>\n<p style=\"text-align: justify;\">Elbistan Belediyesi zab\u0131ta ekiplerince, f\u0131r\u0131nlarda gramaj ve temizlik denetimi yap\u0131ld\u0131. Zab\u0131ta m\u00fcd\u00fcr\u00fc Oktay \u00d6lker, gramaj ve temizlik konusundan taviz verilmeyece\u011fini s\u00f6yledi.<\/p>\n<p style=\"text-align: justify;\">Elbistan Belediyesi Zab\u0131ta M\u00fcd\u00fcrl\u00fc\u011f\u00fc ekiplerince il\u00e7e genelinde ekmek \u00fcretimi yapan f\u0131r\u0131nlarda denetim yap\u0131ld\u0131.<br \/>\nGramaj ve temizlik konusuna titizlikle yakla\u015fan zab\u0131ta ekipleri, ekmekleri tek tek tart\u0131p, \u00fcretim alanlar\u0131n\u0131 k\u00f6\u015fe bucak inceledi.<br \/>\nDenetimleri takip eden Elbistan Belediyesi Zab\u0131ta M\u00fcd\u00fcr\u00fc Oktay \u00d6lker, ekmekte gramaj oyunlar\u0131na ve temizlik ihlallerine izin vermeyeceklerini s\u00f6yledi.<br \/>\nKontrollerin belirli aral\u0131klarla s\u00fcrd\u00fcr\u00fclece\u011fini belirten \u00d6lker: \u201ckentimizdeki f\u0131r\u0131nlar\u0131 gramaj ve hijyen konular\u0131nda tavizsiz bir \u015fekilde denetliyoruz. Uyar\u0131larda bulunuyoruz. Hak edenlere cezas\u0131n\u0131 yaz\u0131yoruz. Kentimizdeki f\u0131r\u0131n i\u015fletmecilerimiz bu konuda ne kadar ciddi oldu\u011fumuzu anlad\u0131. Halk sa\u011fl\u0131\u011f\u0131 bizim birinci \u00f6nceli\u011fimizdir. \u0130\u015fini lay\u0131k\u0131yla yapan i\u015fletmecilere te\u015fekk\u00fcr ediyorum. Di\u011ferlerine de \u00f6rnek olmas\u0131n\u0131 diliyorum\u201d ifadelerini kulland\u0131.<br \/>\nF\u0131r\u0131n i\u015fletmeci ve m\u00fc\u015fteriler de denetimlerin kendilerine g\u00fcven ve memnuniyet verdi\u011fini s\u00f6yledi.<\/p>\n<p style=\"text-align: justify;\"><img loading=\"lazy\" decoding=\"async\" class=\"alignnone size-full wp-image-7685\" src=\"https:\/\/elbistanhabermerkezi.com\/wp-content\/uploads\/2023\/01\/SUVARI-1.jpeg\" alt=\"\" width=\"600\" height=\"300\" srcset=\"https:\/\/elbistanhabermerkezi.com\/wp-content\/uploads\/2023\/01\/SUVARI-1.jpeg 600w, https:\/\/elbistanhabermerkezi.com\/wp-content\/uploads\/2023\/01\/SUVARI-1-171x86.jpeg 171w, https:\/\/elbistanhabermerkezi.com\/wp-content\/uploads\/2023\/01\/SUVARI-1-278x139.jpeg 278w, https:\/\/elbistanhabermerkezi.com\/wp-content\/uploads\/2023\/01\/SUVARI-1-376x188.jpeg 376w\" sizes=\"auto, (max-width: 600px) 100vw, 600px\" \/><\/p>\n<p><img loading=\"lazy\" decoding=\"async\" class=\"alignnone size-full wp-image-8156\" src=\"https:\/\/elbistanhabermerkezi.com\/wp-content\/uploads\/2023\/01\/WhatsApp-Image-2023-01-29-at-12.44.57-1.jpeg\" alt=\"\" width=\"1600\" height=\"900\" srcset=\"https:\/\/elbistanhabermerkezi.com\/wp-content\/uploads\/2023\/01\/WhatsApp-Image-2023-01-29-at-12.44.57-1.jpeg 1600w, https:\/\/elbistanhabermerkezi.com\/wp-content\/uploads\/2023\/01\/WhatsApp-Image-2023-01-29-at-12.44.57-1-600x338.jpeg 600w, https:\/\/elbistanhabermerkezi.com\/wp-content\/uploads\/2023\/01\/WhatsApp-Image-2023-01-29-at-12.44.57-1-1024x576.jpeg 1024w, https:\/\/elbistanhabermerkezi.com\/wp-content\/uploads\/2023\/01\/WhatsApp-Image-2023-01-29-at-12.44.57-1-768x432.jpeg 768w, https:\/\/elbistanhabermerkezi.com\/wp-content\/uploads\/2023\/01\/WhatsApp-Image-2023-01-29-at-12.44.57-1-1536x864.jpeg 1536w, https:\/\/elbistanhabermerkezi.com\/wp-content\/uploads\/2023\/01\/WhatsApp-Image-2023-01-29-at-12.44.57-1-171x96.jpeg 171w, https:\/\/elbistanhabermerkezi.com\/wp-content\/uploads\/2023\/01\/WhatsApp-Image-2023-01-29-at-12.44.57-1-276x155.jpeg 276w, https:\/\/elbistanhabermerkezi.com\/wp-content\/uploads\/2023\/01\/WhatsApp-Image-2023-01-29-at-12.44.57-1-376x212.jpeg 376w, https:\/\/elbistanhabermerkezi.com\/wp-content\/uploads\/2023\/01\/WhatsApp-Image-2023-01-29-at-12.44.57-1-796x448.jpeg 796w\" sizes=\"auto, (max-width: 1600px) 100vw, 1600px\" \/> <img loading=\"lazy\" decoding=\"async\" class=\"alignnone size-full wp-image-8157\" src=\"https:\/\/elbistanhabermerkezi.com\/wp-content\/uploads\/2023\/01\/WhatsApp-Image-2023-01-29-at-12.44.57-2.jpeg\" alt=\"\" width=\"1600\" height=\"900\" srcset=\"https:\/\/elbistanhabermerkezi.com\/wp-content\/uploads\/2023\/01\/WhatsApp-Image-2023-01-29-at-12.44.57-2.jpeg 1600w, https:\/\/elbistanhabermerkezi.com\/wp-content\/uploads\/2023\/01\/WhatsApp-Image-2023-01-29-at-12.44.57-2-600x338.jpeg 600w, https:\/\/elbistanhabermerkezi.com\/wp-content\/uploads\/2023\/01\/WhatsApp-Image-2023-01-29-at-12.44.57-2-1024x576.jpeg 1024w, https:\/\/elbistanhabermerkezi.com\/wp-content\/uploads\/2023\/01\/WhatsApp-Image-2023-01-29-at-12.44.57-2-768x432.jpeg 768w, https:\/\/elbistanhabermerkezi.com\/wp-content\/uploads\/2023\/01\/WhatsApp-Image-2023-01-29-at-12.44.57-2-1536x864.jpeg 1536w, https:\/\/elbistanhabermerkezi.com\/wp-content\/uploads\/2023\/01\/WhatsApp-Image-2023-01-29-at-12.44.57-2-171x96.jpeg 171w, https:\/\/elbistanhabermerkezi.com\/wp-content\/uploads\/2023\/01\/WhatsApp-Image-2023-01-29-at-12.44.57-2-276x155.jpeg 276w, https:\/\/elbistanhabermerkezi.com\/wp-content\/uploads\/2023\/01\/WhatsApp-Image-2023-01-29-at-12.44.57-2-376x212.jpeg 376w, https:\/\/elbistanhabermerkezi.com\/wp-content\/uploads\/2023\/01\/WhatsApp-Image-2023-01-29-at-12.44.57-2-796x448.jpeg 796w\" sizes=\"auto, (max-width: 1600px) 100vw, 1600px\" \/> <img loading=\"lazy\" decoding=\"async\" class=\"alignnone size-full wp-image-8158\" src=\"https:\/\/elbistanhabermerkezi.com\/wp-content\/uploads\/2023\/01\/WhatsApp-Image-2023-01-29-at-12.44.58-1.jpeg\" alt=\"\" width=\"1600\" height=\"900\" srcset=\"https:\/\/elbistanhabermerkezi.com\/wp-content\/uploads\/2023\/01\/WhatsApp-Image-2023-01-29-at-12.44.58-1.jpeg 1600w, https:\/\/elbistanhabermerkezi.com\/wp-content\/uploads\/2023\/01\/WhatsApp-Image-2023-01-29-at-12.44.58-1-600x338.jpeg 600w, https:\/\/elbistanhabermerkezi.com\/wp-content\/uploads\/2023\/01\/WhatsApp-Image-2023-01-29-at-12.44.58-1-1024x576.jpeg 1024w, https:\/\/elbistanhabermerkezi.com\/wp-content\/uploads\/2023\/01\/WhatsApp-Image-2023-01-29-at-12.44.58-1-768x432.jpeg 768w, https:\/\/elbistanhabermerkezi.com\/wp-content\/uploads\/2023\/01\/WhatsApp-Image-2023-01-29-at-12.44.58-1-1536x864.jpeg 1536w, https:\/\/elbistanhabermerkezi.com\/wp-content\/uploads\/2023\/01\/WhatsApp-Image-2023-01-29-at-12.44.58-1-171x96.jpeg 171w, https:\/\/elbistanhabermerkezi.com\/wp-content\/uploads\/2023\/01\/WhatsApp-Image-2023-01-29-at-12.44.58-1-276x155.jpeg 276w, https:\/\/elbistanhabermerkezi.com\/wp-content\/uploads\/2023\/01\/WhatsApp-Image-2023-01-29-at-12.44.58-1-376x212.jpeg 376w, https:\/\/elbistanhabermerkezi.com\/wp-content\/uploads\/2023\/01\/WhatsApp-Image-2023-01-29-at-12.44.58-1-796x448.jpeg 796w\" sizes=\"auto, (max-width: 1600px) 100vw, 1600px\" \/><\/p>\n","protected":false},"excerpt":{"rendered":"<p>Elbistan Belediyesi zab\u0131ta ekiplerince, f\u0131r\u0131nlarda gramaj ve temizlik denetimi yap\u0131ld\u0131. Zab\u0131ta m\u00fcd\u00fcr\u00fc Oktay \u00d6lker, gramaj ve temizlik konusundan taviz verilmeyece\u011fini s\u00f6yledi. Elbistan Belediyesi Zab\u0131ta M\u00fcd\u00fcrl\u00fc\u011f\u00fc ekiplerince il\u00e7e genelinde ekmek \u00fcretimi yapan f\u0131r\u0131nlarda denetim yap\u0131ld\u0131. Gramaj ve temizlik konusuna titizlikle yakla\u015fan zab\u0131ta ekipleri, ekmekleri tek tek tart\u0131p, \u00fcretim alanlar\u0131n\u0131 k\u00f6\u015fe bucak inceledi. Denetimleri takip eden Elbistan [&hellip;]<\/p>\n","protected":false},"author":1,"featured_media":8159,"comment_status":"open","ping_status":"open","sticky":false,"template":"","format":"standard","meta":{"_jetpack_memberships_contains_paid_content":false,"footnotes":""},"categories":[2,6,8,11],"tags":[],"class_list":["post-8155","post","type-post","status-publish","format-standard","has-post-thumbnail","hentry","category-3-sayfa","category-ekonomi","category-gundem","category-saglik"],"jetpack_featured_media_url":"https:\/\/elbistanhabermerkezi.com\/wp-content\/uploads\/2023\/01\/WhatsApp-Image-2023-01-29-at-12.44.57UI.jpeg","jetpack_sharing_enabled":true,"_links":{"self":[{"href":"https:\/\/elbistanhabermerkezi.com\/index.php\/wp-json\/wp\/v2\/posts\/8155","targetHints":{"allow":["GET"]}}],"collection":[{"href":"https:\/\/elbistanhabermerkezi.com\/index.php\/wp-json\/wp\/v2\/posts"}],"about":[{"href":"https:\/\/elbistanhabermerkezi.com\/index.php\/wp-json\/wp\/v2\/types\/post"}],"author":[{"embeddable":true,"href":"https:\/\/elbistanhabermerkezi.com\/index.php\/wp-json\/wp\/v2\/users\/1"}],"replies":[{"embeddable":true,"href":"https:\/\/elbistanhabermerkezi.com\/index.php\/wp-json\/wp\/v2\/comments?post=8155"}],"version-history":[{"count":1,"href":"https:\/\/elbistanhabermerkezi.com\/index.php\/wp-json\/wp\/v2\/posts\/8155\/revisions"}],"predecessor-version":[{"id":8162,"href":"https:\/\/elbistanhabermerkezi.com\/index.php\/wp-json\/wp\/v2\/posts\/8155\/revisions\/8162"}],"wp:featuredmedia":[{"embeddable":true,"href":"https:\/\/elbistanhabermerkezi.com\/index.php\/wp-json\/wp\/v2\/media\/8159"}],"wp:attachment":[{"href":"https:\/\/elbistanhabermerkezi.com\/index.php\/wp-json\/wp\/v2\/media?parent=8155"}],"wp:term":[{"taxonomy":"category","embeddable":true,"href":"https:\/\/elbistanhabermerkezi.com\/index.php\/wp-json\/wp\/v2\/categories?post=8155"},{"taxonomy":"post_tag","embeddable":true,"href":"https:\/\/elbistanhabermerkezi.com\/index.php\/wp-json\/wp\/v2\/tags?post=8155"}],"curies":[{"name":"wp","href":"https:\/\/api.w.org\/{rel}","templated":true}]}}