{"id":8135,"date":"2023-01-28T12:46:26","date_gmt":"2023-01-28T12:46:26","guid":{"rendered":"https:\/\/elbistanhabermerkezi.com\/?p=8135"},"modified":"2023-01-28T12:46:26","modified_gmt":"2023-01-28T12:46:26","slug":"buyuksehirle-cocuklar-cok-mutlu","status":"publish","type":"post","link":"https:\/\/elbistanhabermerkezi.com\/index.php\/2023\/01\/28\/buyuksehirle-cocuklar-cok-mutlu\/","title":{"rendered":"B\u00fcy\u00fck\u015fehirle \u00c7ocuklar \u00c7ok\u00a0Mutlu."},"content":{"rendered":"<p style=\"text-align: justify;\"><img loading=\"lazy\" decoding=\"async\" class=\"alignnone size-full wp-image-826\" src=\"https:\/\/elbistanhabermerkezi.com\/wp-content\/uploads\/2022\/02\/ahalil.jpg\" alt=\"\" width=\"300\" height=\"194\" srcset=\"https:\/\/elbistanhabermerkezi.com\/wp-content\/uploads\/2022\/02\/ahalil.jpg 300w, https:\/\/elbistanhabermerkezi.com\/wp-content\/uploads\/2022\/02\/ahalil-162x105.jpg 162w, https:\/\/elbistanhabermerkezi.com\/wp-content\/uploads\/2022\/02\/ahalil-240x155.jpg 240w\" sizes=\"auto, (max-width: 300px) 100vw, 300px\" \/><\/p>\n<p><img loading=\"lazy\" decoding=\"async\" class=\"alignnone size-full wp-image-7686\" src=\"https:\/\/elbistanhabermerkezi.com\/wp-content\/uploads\/2023\/01\/SUVARI-2.jpeg\" alt=\"\" width=\"600\" height=\"300\" srcset=\"https:\/\/elbistanhabermerkezi.com\/wp-content\/uploads\/2023\/01\/SUVARI-2.jpeg 600w, https:\/\/elbistanhabermerkezi.com\/wp-content\/uploads\/2023\/01\/SUVARI-2-171x86.jpeg 171w, https:\/\/elbistanhabermerkezi.com\/wp-content\/uploads\/2023\/01\/SUVARI-2-278x139.jpeg 278w, https:\/\/elbistanhabermerkezi.com\/wp-content\/uploads\/2023\/01\/SUVARI-2-376x188.jpeg 376w\" sizes=\"auto, (max-width: 600px) 100vw, 600px\" \/><\/p>\n<p><iframe loading=\"lazy\" title=\"Y\u00fczlerce \u00c7e\u015fit G\u00f6zl\u00fck Atasun Optik Elbistan \u015eubesinde sizleri bekliyor -HAL\u0130L DEM\u0130R\" width=\"500\" height=\"375\" src=\"https:\/\/www.youtube.com\/embed\/wcjCXiKCDUk?feature=oembed\" frameborder=\"0\" allow=\"accelerometer; autoplay; clipboard-write; encrypted-media; gyroscope; picture-in-picture; web-share\" referrerpolicy=\"strict-origin-when-cross-origin\" allowfullscreen><\/iframe><\/p>\n<p style=\"text-align: justify;\"><strong>B\u00fcy\u00fck\u015fehir Belediyesi\u2019nin d\u00fczenledi\u011fi \u2018Huysuz Kaptan Deniz Alt\u0131nda\u2019 adl\u0131 tiyatro g\u00f6sterisine \u00e7ocuklar yo\u011fun ilgi g\u00f6sterdi. NFK K\u00fclt\u00fcr Merkezi\u2019nde sahnelenen g\u00f6steriyi y\u00fczlerce \u00e7ocuk b\u00fcy\u00fck bir ilgiyle takip etti.<\/strong><\/p>\n<p style=\"text-align: justify;\"><strong>\u00a0<\/strong><\/p>\n<p style=\"text-align: justify;\"><strong>Yar\u0131y\u0131l tatilinde birbirinden e\u011flenceli ve \u00f6\u011fretici etkinlikleri \u00e7ocuklarla bulu\u015fturmay\u0131 s\u00fcrd\u00fcren Kahramanmara\u015f B\u00fcy\u00fck\u015fehir Belediyesi, miniklere y\u00f6nelik \u2018Huysuz Kaptan Deniz Alt\u0131nda\u2019 adl\u0131 tiyatro g\u00f6sterisi d\u00fczenledi. Necip Faz\u0131l K\u0131sak\u00fcrek K\u00fclt\u00fcr Merkezi\u2019nde ger\u00e7ekle\u015ftirilen g\u00f6steriye \u00e7ocuklar adeta ak\u0131n etti. Yar\u0131y\u0131l tatilinde e\u011flencenin tad\u0131n\u0131 \u00e7\u0131karmak isteyen \u00e7ocuklar ebeveynlerini de alarak B\u00fcy\u00fck\u015fehir\u2019in tiyatro g\u00f6sterisine ko\u015ftu. 2 seans \u015feklinde sahnelenen g\u00f6steriye y\u00fczlerce \u00e7ocuk kat\u0131l\u0131m sa\u011flad\u0131. Huysuz bir kaptan ve tayfas\u0131n\u0131n denizde ge\u00e7en maceralar\u0131n\u0131 konu alan g\u00f6steriyi minikler b\u00fcy\u00fck bir ilgi ve be\u011feniyle takip etti. \u00c7ocuklar\u0131n yar\u0131y\u0131l tatilini daha e\u011flenceli ve verimli \u015fekilde de\u011ferlendirmeleri a\u00e7\u0131s\u0131ndan B\u00fcy\u00fck\u015fehir Belediyesi\u2019nin d\u00fczenledi\u011fi etkinliklerin \u00e7ok faydal\u0131 oldu\u011funu belirten aileler, Ba\u015fkan Hayrettin G\u00fcng\u00f6r\u2019e te\u015fekk\u00fcr etti.<\/strong><\/p>\n<p style=\"text-align: justify;\"><img loading=\"lazy\" decoding=\"async\" class=\"alignnone size-full wp-image-7685\" src=\"https:\/\/elbistanhabermerkezi.com\/wp-content\/uploads\/2023\/01\/SUVARI-1.jpeg\" alt=\"\" width=\"600\" height=\"300\" srcset=\"https:\/\/elbistanhabermerkezi.com\/wp-content\/uploads\/2023\/01\/SUVARI-1.jpeg 600w, https:\/\/elbistanhabermerkezi.com\/wp-content\/uploads\/2023\/01\/SUVARI-1-171x86.jpeg 171w, https:\/\/elbistanhabermerkezi.com\/wp-content\/uploads\/2023\/01\/SUVARI-1-278x139.jpeg 278w, https:\/\/elbistanhabermerkezi.com\/wp-content\/uploads\/2023\/01\/SUVARI-1-376x188.jpeg 376w\" sizes=\"auto, (max-width: 600px) 100vw, 600px\" \/><\/p>\n<p><img loading=\"lazy\" decoding=\"async\" class=\"alignnone size-full wp-image-8136\" src=\"https:\/\/elbistanhabermerkezi.com\/wp-content\/uploads\/2023\/01\/Huysuz-Kaptan-Deniz-Altinda-2.jpg\" alt=\"\" width=\"600\" height=\"338\" srcset=\"https:\/\/elbistanhabermerkezi.com\/wp-content\/uploads\/2023\/01\/Huysuz-Kaptan-Deniz-Altinda-2.jpg 600w, https:\/\/elbistanhabermerkezi.com\/wp-content\/uploads\/2023\/01\/Huysuz-Kaptan-Deniz-Altinda-2-171x96.jpg 171w, https:\/\/elbistanhabermerkezi.com\/wp-content\/uploads\/2023\/01\/Huysuz-Kaptan-Deniz-Altinda-2-275x155.jpg 275w, https:\/\/elbistanhabermerkezi.com\/wp-content\/uploads\/2023\/01\/Huysuz-Kaptan-Deniz-Altinda-2-376x212.jpg 376w\" sizes=\"auto, (max-width: 600px) 100vw, 600px\" \/> <img loading=\"lazy\" decoding=\"async\" class=\"alignnone size-full wp-image-8137\" src=\"https:\/\/elbistanhabermerkezi.com\/wp-content\/uploads\/2023\/01\/Huysuz-Kaptan-Deniz-Altinda-4.jpg\" alt=\"\" width=\"600\" height=\"338\" srcset=\"https:\/\/elbistanhabermerkezi.com\/wp-content\/uploads\/2023\/01\/Huysuz-Kaptan-Deniz-Altinda-4.jpg 600w, https:\/\/elbistanhabermerkezi.com\/wp-content\/uploads\/2023\/01\/Huysuz-Kaptan-Deniz-Altinda-4-171x96.jpg 171w, https:\/\/elbistanhabermerkezi.com\/wp-content\/uploads\/2023\/01\/Huysuz-Kaptan-Deniz-Altinda-4-275x155.jpg 275w, https:\/\/elbistanhabermerkezi.com\/wp-content\/uploads\/2023\/01\/Huysuz-Kaptan-Deniz-Altinda-4-376x212.jpg 376w\" sizes=\"auto, (max-width: 600px) 100vw, 600px\" \/> <img loading=\"lazy\" decoding=\"async\" class=\"alignnone size-full wp-image-8140\" src=\"https:\/\/elbistanhabermerkezi.com\/wp-content\/uploads\/2023\/01\/Huysuz-Kaptan-Deniz-Altinda-7UIO0GBY.jpg\" alt=\"\" width=\"779\" height=\"448\" srcset=\"https:\/\/elbistanhabermerkezi.com\/wp-content\/uploads\/2023\/01\/Huysuz-Kaptan-Deniz-Altinda-7UIO0GBY.jpg 779w, https:\/\/elbistanhabermerkezi.com\/wp-content\/uploads\/2023\/01\/Huysuz-Kaptan-Deniz-Altinda-7UIO0GBY-600x345.jpg 600w, https:\/\/elbistanhabermerkezi.com\/wp-content\/uploads\/2023\/01\/Huysuz-Kaptan-Deniz-Altinda-7UIO0GBY-768x442.jpg 768w, https:\/\/elbistanhabermerkezi.com\/wp-content\/uploads\/2023\/01\/Huysuz-Kaptan-Deniz-Altinda-7UIO0GBY-171x98.jpg 171w, https:\/\/elbistanhabermerkezi.com\/wp-content\/uploads\/2023\/01\/Huysuz-Kaptan-Deniz-Altinda-7UIO0GBY-270x155.jpg 270w, https:\/\/elbistanhabermerkezi.com\/wp-content\/uploads\/2023\/01\/Huysuz-Kaptan-Deniz-Altinda-7UIO0GBY-376x216.jpg 376w\" sizes=\"auto, (max-width: 779px) 100vw, 779px\" \/><\/p>\n","protected":false},"excerpt":{"rendered":"<p>B\u00fcy\u00fck\u015fehir Belediyesi\u2019nin d\u00fczenledi\u011fi \u2018Huysuz Kaptan Deniz Alt\u0131nda\u2019 adl\u0131 tiyatro g\u00f6sterisine \u00e7ocuklar yo\u011fun ilgi g\u00f6sterdi. NFK K\u00fclt\u00fcr Merkezi\u2019nde sahnelenen g\u00f6steriyi y\u00fczlerce \u00e7ocuk b\u00fcy\u00fck bir ilgiyle takip etti. \u00a0 Yar\u0131y\u0131l tatilinde birbirinden e\u011flenceli ve \u00f6\u011fretici etkinlikleri \u00e7ocuklarla bulu\u015fturmay\u0131 s\u00fcrd\u00fcren Kahramanmara\u015f B\u00fcy\u00fck\u015fehir Belediyesi, miniklere y\u00f6nelik \u2018Huysuz Kaptan Deniz Alt\u0131nda\u2019 adl\u0131 tiyatro g\u00f6sterisi d\u00fczenledi. Necip Faz\u0131l K\u0131sak\u00fcrek K\u00fclt\u00fcr Merkezi\u2019nde [&hellip;]<\/p>\n","protected":false},"author":1,"featured_media":8138,"comment_status":"open","ping_status":"open","sticky":false,"template":"","format":"standard","meta":{"_jetpack_memberships_contains_paid_content":false,"footnotes":""},"categories":[2,8,9],"tags":[],"class_list":["post-8135","post","type-post","status-publish","format-standard","has-post-thumbnail","hentry","category-3-sayfa","category-gundem","category-magazin"],"jetpack_featured_media_url":"https:\/\/elbistanhabermerkezi.com\/wp-content\/uploads\/2023\/01\/Huysuz-Kaptan-Deniz-Altinda-7UIO.jpg","jetpack_sharing_enabled":true,"_links":{"self":[{"href":"https:\/\/elbistanhabermerkezi.com\/index.php\/wp-json\/wp\/v2\/posts\/8135","targetHints":{"allow":["GET"]}}],"collection":[{"href":"https:\/\/elbistanhabermerkezi.com\/index.php\/wp-json\/wp\/v2\/posts"}],"about":[{"href":"https:\/\/elbistanhabermerkezi.com\/index.php\/wp-json\/wp\/v2\/types\/post"}],"author":[{"embeddable":true,"href":"https:\/\/elbistanhabermerkezi.com\/index.php\/wp-json\/wp\/v2\/users\/1"}],"replies":[{"embeddable":true,"href":"https:\/\/elbistanhabermerkezi.com\/index.php\/wp-json\/wp\/v2\/comments?post=8135"}],"version-history":[{"count":1,"href":"https:\/\/elbistanhabermerkezi.com\/index.php\/wp-json\/wp\/v2\/posts\/8135\/revisions"}],"predecessor-version":[{"id":8141,"href":"https:\/\/elbistanhabermerkezi.com\/index.php\/wp-json\/wp\/v2\/posts\/8135\/revisions\/8141"}],"wp:featuredmedia":[{"embeddable":true,"href":"https:\/\/elbistanhabermerkezi.com\/index.php\/wp-json\/wp\/v2\/media\/8138"}],"wp:attachment":[{"href":"https:\/\/elbistanhabermerkezi.com\/index.php\/wp-json\/wp\/v2\/media?parent=8135"}],"wp:term":[{"taxonomy":"category","embeddable":true,"href":"https:\/\/elbistanhabermerkezi.com\/index.php\/wp-json\/wp\/v2\/categories?post=8135"},{"taxonomy":"post_tag","embeddable":true,"href":"https:\/\/elbistanhabermerkezi.com\/index.php\/wp-json\/wp\/v2\/tags?post=8135"}],"curies":[{"name":"wp","href":"https:\/\/api.w.org\/{rel}","templated":true}]}}