{"id":8074,"date":"2023-01-25T09:49:07","date_gmt":"2023-01-25T09:49:07","guid":{"rendered":"https:\/\/elbistanhabermerkezi.com\/?p=8074"},"modified":"2023-01-25T09:49:07","modified_gmt":"2023-01-25T09:49:07","slug":"buyuksehirin-yariyil-tatili-etkinlikleri-devam-ediyor","status":"publish","type":"post","link":"https:\/\/elbistanhabermerkezi.com\/index.php\/2023\/01\/25\/buyuksehirin-yariyil-tatili-etkinlikleri-devam-ediyor\/","title":{"rendered":"B\u00fcy\u00fck\u015fehir\u2019in Yar\u0131y\u0131l Tatili Etkinlikleri Devam Ediyor."},"content":{"rendered":"<p style=\"text-align: justify;\"><img loading=\"lazy\" decoding=\"async\" class=\"alignnone size-full wp-image-826\" src=\"https:\/\/elbistanhabermerkezi.com\/wp-content\/uploads\/2022\/02\/ahalil.jpg\" alt=\"\" width=\"300\" height=\"194\" srcset=\"https:\/\/elbistanhabermerkezi.com\/wp-content\/uploads\/2022\/02\/ahalil.jpg 300w, https:\/\/elbistanhabermerkezi.com\/wp-content\/uploads\/2022\/02\/ahalil-162x105.jpg 162w, https:\/\/elbistanhabermerkezi.com\/wp-content\/uploads\/2022\/02\/ahalil-240x155.jpg 240w\" sizes=\"auto, (max-width: 300px) 100vw, 300px\" \/><\/p>\n<p style=\"text-align: justify;\"><img loading=\"lazy\" decoding=\"async\" class=\"alignnone size-full wp-image-7686\" src=\"https:\/\/elbistanhabermerkezi.com\/wp-content\/uploads\/2023\/01\/SUVARI-2.jpeg\" alt=\"\" width=\"600\" height=\"300\" srcset=\"https:\/\/elbistanhabermerkezi.com\/wp-content\/uploads\/2023\/01\/SUVARI-2.jpeg 600w, https:\/\/elbistanhabermerkezi.com\/wp-content\/uploads\/2023\/01\/SUVARI-2-171x86.jpeg 171w, https:\/\/elbistanhabermerkezi.com\/wp-content\/uploads\/2023\/01\/SUVARI-2-278x139.jpeg 278w, https:\/\/elbistanhabermerkezi.com\/wp-content\/uploads\/2023\/01\/SUVARI-2-376x188.jpeg 376w\" sizes=\"auto, (max-width: 600px) 100vw, 600px\" \/><\/p>\n<p><iframe loading=\"lazy\" title=\"Y\u00fczlerce \u00c7e\u015fit G\u00f6zl\u00fck Atasun Optik Elbistan \u015eubesinde sizleri bekliyor -HAL\u0130L DEM\u0130R\" width=\"500\" height=\"375\" src=\"https:\/\/www.youtube.com\/embed\/wcjCXiKCDUk?feature=oembed\" frameborder=\"0\" allow=\"accelerometer; autoplay; clipboard-write; encrypted-media; gyroscope; picture-in-picture; web-share\" referrerpolicy=\"strict-origin-when-cross-origin\" allowfullscreen><\/iframe><\/p>\n<p style=\"text-align: justify;\"><strong>Yar\u0131y\u0131l tatili etkinlikleri kapsam\u0131nda birbirinden e\u011flenceli ve \u00f6\u011fretici tiyatro g\u00f6sterileri d\u00fczenleyen B\u00fcy\u00fck\u015fehir Belediyesi, 27 Ocak Cuma g\u00fcn\u00fc \u2018Huysuz Kaptan Deniz Alt\u0131nda\u2019 adl\u0131 tiyatro g\u00f6sterisini \u00e7ocuklarla bulu\u015fturacak.<\/strong><\/p>\n<p style=\"text-align: justify;\"><strong>\u00a0<\/strong><\/p>\n<p style=\"text-align: justify;\"><strong>Kahramanmara\u015f B\u00fcy\u00fck\u015fehir Belediyesi, yar\u0131y\u0131l tatilinde birbirinden e\u011flenceli ve \u00f6\u011fretici tiyatro g\u00f6sterilerini \u00e7ocuklarla bulu\u015fturmay\u0131 s\u00fcrd\u00fcr\u00fcyor. \u00c7ocuk etkinlikleri kapsam\u0131nda 27 Ocak Cuma g\u00fcn\u00fc \u2018Huysuz Kaptan Deniz Alt\u0131nda\u2019 adl\u0131 tiyatro g\u00f6sterisi Necip Faz\u0131l K\u0131sak\u00fcrek K\u00fclt\u00fcr Merkezi\u2019nde minikler i\u00e7in perdelerini a\u00e7acak. Huysuz bir gemi kaptan\u0131 ve m\u00fcrettebat\u0131 aras\u0131ndaki maceralar\u0131 konu alan g\u00f6steri saat 13.00 ve 15.00 olmak \u00fczere 2 seans \u015feklinde sahnelenecek. Oyunun biletleri 26 ve 27 Ocak tarihlerinde Necip Faz\u0131l K\u0131sak\u00fcrek K\u00fclt\u00fcr Merkezi\u2019nden \u00fccretsiz olarak temin edilebilecek. B\u00fcy\u00fck\u015fehir Belediyesi\u2019nden yap\u0131lan a\u00e7\u0131klamada, 27 Ocak Cuma g\u00fcn\u00fc \u00fccretsiz olarak sahnelenecek Huysuz Kaptan Deniz Alt\u0131nda adl\u0131 tiyatro g\u00f6sterisine t\u00fcm \u00e7ocuklar\u0131n davetli oldu\u011fu belirtildi.<\/strong><\/p>\n<p style=\"text-align: justify;\"><img loading=\"lazy\" decoding=\"async\" class=\"alignnone size-full wp-image-7685\" src=\"https:\/\/elbistanhabermerkezi.com\/wp-content\/uploads\/2023\/01\/SUVARI-1.jpeg\" alt=\"\" width=\"600\" height=\"300\" srcset=\"https:\/\/elbistanhabermerkezi.com\/wp-content\/uploads\/2023\/01\/SUVARI-1.jpeg 600w, https:\/\/elbistanhabermerkezi.com\/wp-content\/uploads\/2023\/01\/SUVARI-1-171x86.jpeg 171w, https:\/\/elbistanhabermerkezi.com\/wp-content\/uploads\/2023\/01\/SUVARI-1-278x139.jpeg 278w, https:\/\/elbistanhabermerkezi.com\/wp-content\/uploads\/2023\/01\/SUVARI-1-376x188.jpeg 376w\" sizes=\"auto, (max-width: 600px) 100vw, 600px\" \/><\/p>\n<p style=\"text-align: justify;\"><img loading=\"lazy\" decoding=\"async\" class=\"alignnone size-full wp-image-8075\" src=\"https:\/\/elbistanhabermerkezi.com\/wp-content\/uploads\/2023\/01\/Huysuz-Kaptan-tiyatrosu.jpg\" alt=\"\" width=\"600\" height=\"338\" srcset=\"https:\/\/elbistanhabermerkezi.com\/wp-content\/uploads\/2023\/01\/Huysuz-Kaptan-tiyatrosu.jpg 600w, https:\/\/elbistanhabermerkezi.com\/wp-content\/uploads\/2023\/01\/Huysuz-Kaptan-tiyatrosu-171x96.jpg 171w, https:\/\/elbistanhabermerkezi.com\/wp-content\/uploads\/2023\/01\/Huysuz-Kaptan-tiyatrosu-275x155.jpg 275w, https:\/\/elbistanhabermerkezi.com\/wp-content\/uploads\/2023\/01\/Huysuz-Kaptan-tiyatrosu-376x212.jpg 376w\" sizes=\"auto, (max-width: 600px) 100vw, 600px\" \/><\/p>\n","protected":false},"excerpt":{"rendered":"<p>Yar\u0131y\u0131l tatili etkinlikleri kapsam\u0131nda birbirinden e\u011flenceli ve \u00f6\u011fretici tiyatro g\u00f6sterileri d\u00fczenleyen B\u00fcy\u00fck\u015fehir Belediyesi, 27 Ocak Cuma g\u00fcn\u00fc \u2018Huysuz Kaptan Deniz Alt\u0131nda\u2019 adl\u0131 tiyatro g\u00f6sterisini \u00e7ocuklarla bulu\u015fturacak. \u00a0 Kahramanmara\u015f B\u00fcy\u00fck\u015fehir Belediyesi, yar\u0131y\u0131l tatilinde birbirinden e\u011flenceli ve \u00f6\u011fretici tiyatro g\u00f6sterilerini \u00e7ocuklarla bulu\u015fturmay\u0131 s\u00fcrd\u00fcr\u00fcyor. \u00c7ocuk etkinlikleri kapsam\u0131nda 27 Ocak Cuma g\u00fcn\u00fc \u2018Huysuz Kaptan Deniz Alt\u0131nda\u2019 adl\u0131 tiyatro g\u00f6sterisi [&hellip;]<\/p>\n","protected":false},"author":1,"featured_media":8076,"comment_status":"open","ping_status":"open","sticky":false,"template":"","format":"standard","meta":{"_jetpack_memberships_contains_paid_content":false,"footnotes":""},"categories":[2,8,9,12],"tags":[],"class_list":["post-8074","post","type-post","status-publish","format-standard","has-post-thumbnail","hentry","category-3-sayfa","category-gundem","category-magazin","category-siyaset"],"jetpack_featured_media_url":"https:\/\/elbistanhabermerkezi.com\/wp-content\/uploads\/2023\/01\/Huysuz-Kaptan-tiyatrosuY.jpg","jetpack_sharing_enabled":true,"_links":{"self":[{"href":"https:\/\/elbistanhabermerkezi.com\/index.php\/wp-json\/wp\/v2\/posts\/8074","targetHints":{"allow":["GET"]}}],"collection":[{"href":"https:\/\/elbistanhabermerkezi.com\/index.php\/wp-json\/wp\/v2\/posts"}],"about":[{"href":"https:\/\/elbistanhabermerkezi.com\/index.php\/wp-json\/wp\/v2\/types\/post"}],"author":[{"embeddable":true,"href":"https:\/\/elbistanhabermerkezi.com\/index.php\/wp-json\/wp\/v2\/users\/1"}],"replies":[{"embeddable":true,"href":"https:\/\/elbistanhabermerkezi.com\/index.php\/wp-json\/wp\/v2\/comments?post=8074"}],"version-history":[{"count":1,"href":"https:\/\/elbistanhabermerkezi.com\/index.php\/wp-json\/wp\/v2\/posts\/8074\/revisions"}],"predecessor-version":[{"id":8079,"href":"https:\/\/elbistanhabermerkezi.com\/index.php\/wp-json\/wp\/v2\/posts\/8074\/revisions\/8079"}],"wp:featuredmedia":[{"embeddable":true,"href":"https:\/\/elbistanhabermerkezi.com\/index.php\/wp-json\/wp\/v2\/media\/8076"}],"wp:attachment":[{"href":"https:\/\/elbistanhabermerkezi.com\/index.php\/wp-json\/wp\/v2\/media?parent=8074"}],"wp:term":[{"taxonomy":"category","embeddable":true,"href":"https:\/\/elbistanhabermerkezi.com\/index.php\/wp-json\/wp\/v2\/categories?post=8074"},{"taxonomy":"post_tag","embeddable":true,"href":"https:\/\/elbistanhabermerkezi.com\/index.php\/wp-json\/wp\/v2\/tags?post=8074"}],"curies":[{"name":"wp","href":"https:\/\/api.w.org\/{rel}","templated":true}]}}