{"id":7600,"date":"2022-12-31T06:44:03","date_gmt":"2022-12-31T06:44:03","guid":{"rendered":"https:\/\/elbistanhabermerkezi.com\/?p=7600"},"modified":"2023-01-02T07:06:47","modified_gmt":"2023-01-02T07:06:47","slug":"elbistanda-haftasonu-nobetci-eczaneler-39","status":"publish","type":"post","link":"https:\/\/elbistanhabermerkezi.com\/index.php\/2022\/12\/31\/elbistanda-haftasonu-nobetci-eczaneler-39\/","title":{"rendered":"Elbistan&#8217;da Haftasonu N\u00f6bet\u00e7i Eczaneler."},"content":{"rendered":"<p><strong>31 ARALIK 2022 CUMARTES\u0130<\/strong><\/p>\n<p><img loading=\"lazy\" decoding=\"async\" class=\"alignnone size-full wp-image-1568\" src=\"https:\/\/elbistanhabermerkezi.com\/wp-content\/uploads\/2022\/03\/YILDIZ.jpg\" alt=\"\" width=\"600\" height=\"375\" srcset=\"https:\/\/elbistanhabermerkezi.com\/wp-content\/uploads\/2022\/03\/YILDIZ.jpg 600w, https:\/\/elbistanhabermerkezi.com\/wp-content\/uploads\/2022\/03\/YILDIZ-168x105.jpg 168w, https:\/\/elbistanhabermerkezi.com\/wp-content\/uploads\/2022\/03\/YILDIZ-248x155.jpg 248w, https:\/\/elbistanhabermerkezi.com\/wp-content\/uploads\/2022\/03\/YILDIZ-354x221.jpg 354w\" sizes=\"auto, (max-width: 600px) 100vw, 600px\" \/><img loading=\"lazy\" decoding=\"async\" class=\"alignnone size-full wp-image-1920\" src=\"https:\/\/elbistanhabermerkezi.com\/wp-content\/uploads\/2022\/03\/MURSEL-1.jpg\" alt=\"\" width=\"600\" height=\"375\" srcset=\"https:\/\/elbistanhabermerkezi.com\/wp-content\/uploads\/2022\/03\/MURSEL-1.jpg 600w, https:\/\/elbistanhabermerkezi.com\/wp-content\/uploads\/2022\/03\/MURSEL-1-168x105.jpg 168w, https:\/\/elbistanhabermerkezi.com\/wp-content\/uploads\/2022\/03\/MURSEL-1-248x155.jpg 248w, https:\/\/elbistanhabermerkezi.com\/wp-content\/uploads\/2022\/03\/MURSEL-1-354x221.jpg 354w\" sizes=\"auto, (max-width: 600px) 100vw, 600px\" \/><\/p>\n<p><strong>01 ARALIK 2023 PAZAR<\/strong><\/p>\n<p><img loading=\"lazy\" decoding=\"async\" class=\"alignnone size-full wp-image-1525\" src=\"https:\/\/elbistanhabermerkezi.com\/wp-content\/uploads\/2022\/03\/ALIRIZABEY.jpg\" alt=\"\" width=\"600\" height=\"375\" srcset=\"https:\/\/elbistanhabermerkezi.com\/wp-content\/uploads\/2022\/03\/ALIRIZABEY.jpg 600w, https:\/\/elbistanhabermerkezi.com\/wp-content\/uploads\/2022\/03\/ALIRIZABEY-168x105.jpg 168w, https:\/\/elbistanhabermerkezi.com\/wp-content\/uploads\/2022\/03\/ALIRIZABEY-248x155.jpg 248w, https:\/\/elbistanhabermerkezi.com\/wp-content\/uploads\/2022\/03\/ALIRIZABEY-354x221.jpg 354w\" sizes=\"auto, (max-width: 600px) 100vw, 600px\" \/><img loading=\"lazy\" decoding=\"async\" class=\"alignnone size-full wp-image-1993\" src=\"https:\/\/elbistanhabermerkezi.com\/wp-content\/uploads\/2022\/04\/BUYUK.jpg\" alt=\"\" width=\"600\" height=\"375\" srcset=\"https:\/\/elbistanhabermerkezi.com\/wp-content\/uploads\/2022\/04\/BUYUK.jpg 600w, https:\/\/elbistanhabermerkezi.com\/wp-content\/uploads\/2022\/04\/BUYUK-168x105.jpg 168w, https:\/\/elbistanhabermerkezi.com\/wp-content\/uploads\/2022\/04\/BUYUK-248x155.jpg 248w, https:\/\/elbistanhabermerkezi.com\/wp-content\/uploads\/2022\/04\/BUYUK-354x221.jpg 354w\" sizes=\"auto, (max-width: 600px) 100vw, 600px\" \/><\/p>\n","protected":false},"excerpt":{"rendered":"<p>31 ARALIK 2022 CUMARTES\u0130 01 ARALIK 2023 PAZAR<\/p>\n","protected":false},"author":1,"featured_media":1153,"comment_status":"open","ping_status":"open","sticky":false,"template":"","format":"standard","meta":{"_jetpack_memberships_contains_paid_content":false,"footnotes":""},"categories":[2,8,11],"tags":[],"class_list":["post-7600","post","type-post","status-publish","format-standard","has-post-thumbnail","hentry","category-3-sayfa","category-gundem","category-saglik"],"jetpack_featured_media_url":"https:\/\/elbistanhabermerkezi.com\/wp-content\/uploads\/2022\/03\/BUYUK-MANSET.jpg","jetpack_sharing_enabled":true,"_links":{"self":[{"href":"https:\/\/elbistanhabermerkezi.com\/index.php\/wp-json\/wp\/v2\/posts\/7600","targetHints":{"allow":["GET"]}}],"collection":[{"href":"https:\/\/elbistanhabermerkezi.com\/index.php\/wp-json\/wp\/v2\/posts"}],"about":[{"href":"https:\/\/elbistanhabermerkezi.com\/index.php\/wp-json\/wp\/v2\/types\/post"}],"author":[{"embeddable":true,"href":"https:\/\/elbistanhabermerkezi.com\/index.php\/wp-json\/wp\/v2\/users\/1"}],"replies":[{"embeddable":true,"href":"https:\/\/elbistanhabermerkezi.com\/index.php\/wp-json\/wp\/v2\/comments?post=7600"}],"version-history":[{"count":2,"href":"https:\/\/elbistanhabermerkezi.com\/index.php\/wp-json\/wp\/v2\/posts\/7600\/revisions"}],"predecessor-version":[{"id":7602,"href":"https:\/\/elbistanhabermerkezi.com\/index.php\/wp-json\/wp\/v2\/posts\/7600\/revisions\/7602"}],"wp:featuredmedia":[{"embeddable":true,"href":"https:\/\/elbistanhabermerkezi.com\/index.php\/wp-json\/wp\/v2\/media\/1153"}],"wp:attachment":[{"href":"https:\/\/elbistanhabermerkezi.com\/index.php\/wp-json\/wp\/v2\/media?parent=7600"}],"wp:term":[{"taxonomy":"category","embeddable":true,"href":"https:\/\/elbistanhabermerkezi.com\/index.php\/wp-json\/wp\/v2\/categories?post=7600"},{"taxonomy":"post_tag","embeddable":true,"href":"https:\/\/elbistanhabermerkezi.com\/index.php\/wp-json\/wp\/v2\/tags?post=7600"}],"curies":[{"name":"wp","href":"https:\/\/api.w.org\/{rel}","templated":true}]}}