{"id":7492,"date":"2022-12-26T14:18:57","date_gmt":"2022-12-26T14:18:57","guid":{"rendered":"https:\/\/elbistanhabermerkezi.com\/?p=7492"},"modified":"2022-12-26T14:18:57","modified_gmt":"2022-12-26T14:18:57","slug":"sahne-maras-tiyatro-okulu-kayitlari-devam-ediyor","status":"publish","type":"post","link":"https:\/\/elbistanhabermerkezi.com\/index.php\/2022\/12\/26\/sahne-maras-tiyatro-okulu-kayitlari-devam-ediyor\/","title":{"rendered":"Sahne Mara\u015f Tiyatro Okulu Kay\u0131tlar\u0131 Devam Ediyor."},"content":{"rendered":"<p style=\"text-align: justify;\"><img loading=\"lazy\" decoding=\"async\" class=\"alignnone size-full wp-image-826\" src=\"https:\/\/elbistanhabermerkezi.com\/wp-content\/uploads\/2022\/02\/ahalil.jpg\" alt=\"\" width=\"300\" height=\"194\" srcset=\"https:\/\/elbistanhabermerkezi.com\/wp-content\/uploads\/2022\/02\/ahalil.jpg 300w, https:\/\/elbistanhabermerkezi.com\/wp-content\/uploads\/2022\/02\/ahalil-162x105.jpg 162w, https:\/\/elbistanhabermerkezi.com\/wp-content\/uploads\/2022\/02\/ahalil-240x155.jpg 240w\" sizes=\"auto, (max-width: 300px) 100vw, 300px\" \/><\/p>\n<p><img loading=\"lazy\" decoding=\"async\" class=\"alignnone size-medium wp-image-6860\" src=\"https:\/\/elbistanhabermerkezi.com\/wp-content\/uploads\/2022\/12\/ss2-600x300.jpeg\" alt=\"\" width=\"600\" height=\"300\" srcset=\"https:\/\/elbistanhabermerkezi.com\/wp-content\/uploads\/2022\/12\/ss2-600x300.jpeg 600w, https:\/\/elbistanhabermerkezi.com\/wp-content\/uploads\/2022\/12\/ss2-171x86.jpeg 171w, https:\/\/elbistanhabermerkezi.com\/wp-content\/uploads\/2022\/12\/ss2-278x139.jpeg 278w, https:\/\/elbistanhabermerkezi.com\/wp-content\/uploads\/2022\/12\/ss2-376x188.jpeg 376w, https:\/\/elbistanhabermerkezi.com\/wp-content\/uploads\/2022\/12\/ss2.jpeg 700w\" sizes=\"auto, (max-width: 600px) 100vw, 600px\" \/><\/p>\n<p style=\"text-align: justify;\"><strong>B\u00fcy\u00fck\u015fehir Belediyesi b\u00fcnyesinde faaliyet g\u00f6steren Sahne Mara\u015f Tiyatro Okulu\u2019nda yeni d\u00f6nem kay\u0131tlar\u0131 devam ediyor. Ba\u015fvuru formuna ve detayl\u0131 bilgiye B\u00fcy\u00fck\u015fehir Belediyesi\u2019nin internet sitesinden ula\u015f\u0131labiliyor.<\/strong><\/p>\n<p style=\"text-align: justify;\"><strong>\u00a0<\/strong><\/p>\n<p style=\"text-align: justify;\"><strong>B\u00fcy\u00fck\u015fehir Belediyesi b\u00fcnyesinde faaliyet g\u00f6steren Sahne Mara\u015f Tiyatro Okulu\u2019nda yeni d\u00f6nem kay\u0131tlar\u0131 devam ediyor. Toplamda 16 hafta s\u00fcrecek e\u011fitimlere 16 ya\u015f ve \u00fczeri vatanda\u015flar ba\u015fvuru yapabiliyor. 30 Aral\u0131k Cuma g\u00fcn\u00fcne kadar devam edecek kay\u0131tlar, B\u00fcy\u00fck\u015fehir Belediyesi\u2019nin internet sitesi \u00fczerinden \u00e7evrimi\u00e7i olarak yap\u0131l\u0131yor. Ba\u015fvurular\u0131n tamamlanmas\u0131n\u0131n ard\u0131ndan 8 \u2013 9 ve 10 Ocak 2023 tarihlerinde Sahne Mara\u015f Tiyatro Okulu\u2019nun se\u00e7meleri yap\u0131lacak. Tiyatro okuluna kat\u0131lmaya hak kazanan kursiyerlere alan\u0131nda uzman tiyatro e\u011fitmenleri taraf\u0131ndan yarat\u0131c\u0131 drama, duru\u015f, diyafram &#8211; nefes gibi tiyatral e\u011fitimler verilecek. <\/strong><\/p>\n<p style=\"text-align: justify;\"><img loading=\"lazy\" decoding=\"async\" class=\"alignnone size-medium wp-image-6859\" src=\"https:\/\/elbistanhabermerkezi.com\/wp-content\/uploads\/2022\/12\/ss1-600x300.jpeg\" alt=\"\" width=\"600\" height=\"300\" srcset=\"https:\/\/elbistanhabermerkezi.com\/wp-content\/uploads\/2022\/12\/ss1-600x300.jpeg 600w, https:\/\/elbistanhabermerkezi.com\/wp-content\/uploads\/2022\/12\/ss1-171x86.jpeg 171w, https:\/\/elbistanhabermerkezi.com\/wp-content\/uploads\/2022\/12\/ss1-278x139.jpeg 278w, https:\/\/elbistanhabermerkezi.com\/wp-content\/uploads\/2022\/12\/ss1-376x188.jpeg 376w, https:\/\/elbistanhabermerkezi.com\/wp-content\/uploads\/2022\/12\/ss1.jpeg 700w\" sizes=\"auto, (max-width: 600px) 100vw, 600px\" \/><\/p>\n<p><img loading=\"lazy\" decoding=\"async\" class=\"alignnone size-full wp-image-7493\" src=\"https:\/\/elbistanhabermerkezi.com\/wp-content\/uploads\/2022\/12\/Sahne-Maras.jpg\" alt=\"\" width=\"600\" height=\"337\" srcset=\"https:\/\/elbistanhabermerkezi.com\/wp-content\/uploads\/2022\/12\/Sahne-Maras.jpg 600w, https:\/\/elbistanhabermerkezi.com\/wp-content\/uploads\/2022\/12\/Sahne-Maras-171x96.jpg 171w, https:\/\/elbistanhabermerkezi.com\/wp-content\/uploads\/2022\/12\/Sahne-Maras-276x155.jpg 276w, https:\/\/elbistanhabermerkezi.com\/wp-content\/uploads\/2022\/12\/Sahne-Maras-376x211.jpg 376w\" sizes=\"auto, (max-width: 600px) 100vw, 600px\" \/><\/p>\n","protected":false},"excerpt":{"rendered":"<p>B\u00fcy\u00fck\u015fehir Belediyesi b\u00fcnyesinde faaliyet g\u00f6steren Sahne Mara\u015f Tiyatro Okulu\u2019nda yeni d\u00f6nem kay\u0131tlar\u0131 devam ediyor. Ba\u015fvuru formuna ve detayl\u0131 bilgiye B\u00fcy\u00fck\u015fehir Belediyesi\u2019nin internet sitesinden ula\u015f\u0131labiliyor. \u00a0 B\u00fcy\u00fck\u015fehir Belediyesi b\u00fcnyesinde faaliyet g\u00f6steren Sahne Mara\u015f Tiyatro Okulu\u2019nda yeni d\u00f6nem kay\u0131tlar\u0131 devam ediyor. Toplamda 16 hafta s\u00fcrecek e\u011fitimlere 16 ya\u015f ve \u00fczeri vatanda\u015flar ba\u015fvuru yapabiliyor. 30 Aral\u0131k Cuma g\u00fcn\u00fcne [&hellip;]<\/p>\n","protected":false},"author":1,"featured_media":7494,"comment_status":"open","ping_status":"open","sticky":false,"template":"","format":"standard","meta":{"_jetpack_memberships_contains_paid_content":false,"footnotes":""},"categories":[2,8,9],"tags":[],"class_list":["post-7492","post","type-post","status-publish","format-standard","has-post-thumbnail","hentry","category-3-sayfa","category-gundem","category-magazin"],"jetpack_featured_media_url":"https:\/\/elbistanhabermerkezi.com\/wp-content\/uploads\/2022\/12\/Sahne-MarasUO.jpg","jetpack_sharing_enabled":true,"_links":{"self":[{"href":"https:\/\/elbistanhabermerkezi.com\/index.php\/wp-json\/wp\/v2\/posts\/7492","targetHints":{"allow":["GET"]}}],"collection":[{"href":"https:\/\/elbistanhabermerkezi.com\/index.php\/wp-json\/wp\/v2\/posts"}],"about":[{"href":"https:\/\/elbistanhabermerkezi.com\/index.php\/wp-json\/wp\/v2\/types\/post"}],"author":[{"embeddable":true,"href":"https:\/\/elbistanhabermerkezi.com\/index.php\/wp-json\/wp\/v2\/users\/1"}],"replies":[{"embeddable":true,"href":"https:\/\/elbistanhabermerkezi.com\/index.php\/wp-json\/wp\/v2\/comments?post=7492"}],"version-history":[{"count":1,"href":"https:\/\/elbistanhabermerkezi.com\/index.php\/wp-json\/wp\/v2\/posts\/7492\/revisions"}],"predecessor-version":[{"id":7497,"href":"https:\/\/elbistanhabermerkezi.com\/index.php\/wp-json\/wp\/v2\/posts\/7492\/revisions\/7497"}],"wp:featuredmedia":[{"embeddable":true,"href":"https:\/\/elbistanhabermerkezi.com\/index.php\/wp-json\/wp\/v2\/media\/7494"}],"wp:attachment":[{"href":"https:\/\/elbistanhabermerkezi.com\/index.php\/wp-json\/wp\/v2\/media?parent=7492"}],"wp:term":[{"taxonomy":"category","embeddable":true,"href":"https:\/\/elbistanhabermerkezi.com\/index.php\/wp-json\/wp\/v2\/categories?post=7492"},{"taxonomy":"post_tag","embeddable":true,"href":"https:\/\/elbistanhabermerkezi.com\/index.php\/wp-json\/wp\/v2\/tags?post=7492"}],"curies":[{"name":"wp","href":"https:\/\/api.w.org\/{rel}","templated":true}]}}