{"id":6955,"date":"2022-12-05T06:02:49","date_gmt":"2022-12-05T06:02:49","guid":{"rendered":"https:\/\/elbistanhabermerkezi.com\/?p=6955"},"modified":"2022-12-05T06:02:49","modified_gmt":"2022-12-05T06:02:49","slug":"gelinlik-giyme-hayali-gercek-oldu","status":"publish","type":"post","link":"https:\/\/elbistanhabermerkezi.com\/index.php\/2022\/12\/05\/gelinlik-giyme-hayali-gercek-oldu\/","title":{"rendered":"&#8220;Gelinlik giyme hayali ger\u00e7ek oldu&#8221;"},"content":{"rendered":"<p style=\"text-align: justify;\"><strong><img loading=\"lazy\" decoding=\"async\" class=\"alignnone size-full wp-image-826\" src=\"https:\/\/elbistanhabermerkezi.com\/wp-content\/uploads\/2022\/02\/ahalil.jpg\" alt=\"\" width=\"300\" height=\"194\" srcset=\"https:\/\/elbistanhabermerkezi.com\/wp-content\/uploads\/2022\/02\/ahalil.jpg 300w, https:\/\/elbistanhabermerkezi.com\/wp-content\/uploads\/2022\/02\/ahalil-162x105.jpg 162w, https:\/\/elbistanhabermerkezi.com\/wp-content\/uploads\/2022\/02\/ahalil-240x155.jpg 240w\" sizes=\"auto, (max-width: 300px) 100vw, 300px\" \/><\/strong><\/p>\n<p style=\"text-align: justify;\"><strong><img loading=\"lazy\" decoding=\"async\" class=\"alignnone size-medium wp-image-6860\" src=\"https:\/\/elbistanhabermerkezi.com\/wp-content\/uploads\/2022\/12\/ss2-600x300.jpeg\" alt=\"\" width=\"600\" height=\"300\" srcset=\"https:\/\/elbistanhabermerkezi.com\/wp-content\/uploads\/2022\/12\/ss2-600x300.jpeg 600w, https:\/\/elbistanhabermerkezi.com\/wp-content\/uploads\/2022\/12\/ss2-171x86.jpeg 171w, https:\/\/elbistanhabermerkezi.com\/wp-content\/uploads\/2022\/12\/ss2-278x139.jpeg 278w, https:\/\/elbistanhabermerkezi.com\/wp-content\/uploads\/2022\/12\/ss2-376x188.jpeg 376w, https:\/\/elbistanhabermerkezi.com\/wp-content\/uploads\/2022\/12\/ss2.jpeg 700w\" sizes=\"auto, (max-width: 600px) 100vw, 600px\" \/><\/strong><\/p>\n<p style=\"text-align: justify;\"><strong>Elbistan\u2019da, 27 ya\u015f\u0131ndaki Ezgi Demirta\u015f ile 35 ya\u015f\u0131ndaki Aynur Zorlu adl\u0131 engelli k\u0131zlar\u0131n gelinlik giyme hayali, temsili d\u00fc\u011f\u00fcnle ger\u00e7ek oldu.<\/strong><\/p>\n<p style=\"text-align: justify;\"><strong>Gelinlik giyen ve karde\u015f ku\u015fa\u011f\u0131 ba\u011flanan engelli k\u0131zlar\u0131n damats\u0131z d\u00fc\u011f\u00fcn\u00fcnde resmi nikahlar\u0131 Belediye Ba\u015fkan\u0131 Mehmet G\u00fcrb\u00fcz taraf\u0131ndan k\u0131y\u0131l\u0131rken g\u00f6nl\u00fcnce halay \u00e7ekip oynayan Ezgi ile Aynur\u2019un sevin\u00e7leri g\u00f6zlerine yans\u0131d\u0131.<\/strong><\/p>\n<p style=\"text-align: justify;\"><strong>\u0130l\u00e7ede faaliyet g\u00f6steren bir \u00f6zel e\u011fitim ve rehabilitasyon merkezi\u2019nce 3 Aral\u0131k D\u00fcnya Engelliler G\u00fcn\u00fc dolay\u0131s\u0131yla bir etkinlik d\u00fczenlendi. Etkinli\u011fe, Elbistan Belediye Ba\u015fkan\u0131 Mehmet G\u00fcrb\u00fcz, Elbistan \u0130l\u00e7e Emniyet M\u00fcd\u00fcr\u00fc Hakan K\u0131r\u0131lmaz, Ekin\u00f6z\u00fc Belediye Ba\u015fkan\u0131 Bilal Eker, engelli \u00f6\u011frenciler ve aileleri kat\u0131ld\u0131.<\/strong><\/p>\n<p style=\"text-align: justify;\"><strong>Elbistan Belediyesi\u2019nin de destek verdi\u011fi etkinli\u011fin en \u00f6zel b\u00f6l\u00fcm\u00fc ise k\u00fc\u00e7\u00fckl\u00fck \u00e7a\u011flar\u0131ndan beri gelinlik giyme hayali kuran 27 ya\u015f\u0131ndaki Ezgi Demirta\u015f ile 35 ya\u015f\u0131ndaki Aynur Zorlu adl\u0131 engelli k\u0131zlar\u0131n d\u00fc\u011f\u00fcn ve nikahlar\u0131n\u0131n k\u0131y\u0131lmas\u0131 oldu. T\u00f6ren \u00f6ncesinde t\u0131pk\u0131 akranlar\u0131 gibi kuaf\u00f6re giden, gelinlik giyen Demirta\u015f ve Zorlu, salona da gelin arabas\u0131 ile geldi. Beyazlar i\u00e7inde salona giren Demirta\u015f ve Zorlu, konuklar\u0131n alk\u0131\u015flar\u0131 ile kar\u015f\u0131land\u0131. \u0130lk dans\u0131 da yak\u0131nlar\u0131 ile eden Demirta\u015f ve Zorlu\u2019nun mutluluklar\u0131 y\u00fczlerinden okundu.<\/strong><\/p>\n<p style=\"text-align: justify;\"><strong><img loading=\"lazy\" decoding=\"async\" class=\"alignnone size-medium wp-image-6859\" src=\"https:\/\/elbistanhabermerkezi.com\/wp-content\/uploads\/2022\/12\/ss1-600x300.jpeg\" alt=\"\" width=\"600\" height=\"300\" srcset=\"https:\/\/elbistanhabermerkezi.com\/wp-content\/uploads\/2022\/12\/ss1-600x300.jpeg 600w, https:\/\/elbistanhabermerkezi.com\/wp-content\/uploads\/2022\/12\/ss1-171x86.jpeg 171w, https:\/\/elbistanhabermerkezi.com\/wp-content\/uploads\/2022\/12\/ss1-278x139.jpeg 278w, https:\/\/elbistanhabermerkezi.com\/wp-content\/uploads\/2022\/12\/ss1-376x188.jpeg 376w, https:\/\/elbistanhabermerkezi.com\/wp-content\/uploads\/2022\/12\/ss1.jpeg 700w\" sizes=\"auto, (max-width: 600px) 100vw, 600px\" \/><\/strong><\/p>\n<p style=\"text-align: justify;\"><strong>Daha sonra Ezgi ve Aynur i\u00e7in temsili nikah merasimi d\u00fczenlendi. Ezgi ve Aynur\u2019un temsili damatlar\u0131 ise yak\u0131nlar\u0131ndan se\u00e7ildi. Elbistan Belediye Ba\u015fkan\u0131 Mehmet G\u00fcrb\u00fcz, t\u0131pk\u0131 normal bir d\u00fc\u011f\u00fcnm\u00fc\u015f gibi t\u00fcm prosed\u00fcrleri yerine getirdi. Gelin ve temsili damatlardan \u2018evet\u2019 cevab\u0131n\u0131 alan Ba\u015fkan G\u00fcrb\u00fcz, imzalar\u0131n at\u0131lmas\u0131n\u0131n ard\u0131ndan evlilik c\u00fczdanlar\u0131n\u0131 da Ezgi ve Aynur\u2019a verdi. Gelinler, temsili damatlar\u0131n aya\u011f\u0131na basmay\u0131 da ihmal etmedi. Nikah k\u0131y\u0131lmas\u0131n\u0131n ard\u0131ndan Yusuf Kurnaz adl\u0131 g\u00f6n\u00fcll\u00fc yard\u0131msever, \u00fczerinde para olan ku\u015faklar\u0131 gelinlere takt\u0131.<\/strong><\/p>\n<p style=\"text-align: justify;\"><strong>Gelinli\u011fi ile etrafa g\u00fcl\u00fcc\u00fckler da\u011f\u0131tan Ezgi Demirta\u015f, \u201cGelin oldum. Mutluyum. Heyecanl\u0131y\u0131m. D\u00fc\u011f\u00fcn\u00fcm var. Oynayaca\u011f\u0131m \u015fimdi\u201d derken annesi de \u00fczerine titredi\u011fi k\u0131z\u0131n\u0131n en b\u00fcy\u00fck hayalinin ger\u00e7ek oldu\u011funu s\u00f6yledi.<\/strong><\/p>\n<p style=\"text-align: justify;\"><strong>G\u00f6zleri dolan anne Demirta\u015f, \u201cGelinlik giymeye \u00e7ok hevesleniyordu.\u00a0 En b\u00fcy\u00fck hayaliydi. O \u00e7ok mutlu biz de \u00e7ok mutluyuz. Hem seviniyorum hem de \u00fcz\u00fcl\u00fcyorum\u201d dedi.<\/strong><\/p>\n<p style=\"text-align: justify;\"><strong>Gelin olan di\u011fer engelli Aynur Zorlu ise, \u201cOynayaca\u011f\u0131m \u015fimdi. D\u00fc\u011f\u00fcn\u00fcmde oynayaca\u011f\u0131m. Gelinli\u011fim \u00e7ok g\u00fczel be\u011fendim\u201d \u015feklinde konu\u015ftu.<\/strong><\/p>\n<p style=\"text-align: justify;\"><strong>Zorlu\u2019nun ablas\u0131 da, \u201c\u00c7ok sevindi. \u00c7ok istiyordu. Kuaf\u00f6re gittik. Gelinli\u011fini giydirdik. \u00c7ok heyecanl\u0131 \u015fimdi\u201d ifadelerini kulland\u0131.<\/strong><\/p>\n<p style=\"text-align: justify;\"><strong>Elbistan Belediye Ba\u015fkan\u0131 Mehmet G\u00fcrb\u00fcz de, \u201cEngelli karde\u015flerimizle bir araday\u0131z. 3 karde\u015fimize temsili nikah k\u0131yd\u0131k. Onlar\u0131n hayallerini ger\u00e7ekle\u015ftirmenin sevincini ya\u015fad\u0131k. D\u00fcnyaya hayallerini ger\u00e7ekle\u015ftirmek i\u00e7in engel tan\u0131may\u0131n mesaj\u0131n\u0131 verdik. Onlar\u0131n ya\u015famlar\u0131n\u0131 kolayla\u015ft\u0131rmak i\u00e7in elimizden geleni yapaca\u011f\u0131z. Temsili de olsa evlilik akitlerini ger\u00e7ekle\u015ftirdi\u011fimiz gen\u00e7lerimizi tebrik ediyorum\u201d de\u011ferlendirmesinde bulundu.<\/strong><\/p>\n<p style=\"text-align: justify;\"><strong>Programda, asker \u00fcniformas\u0131 ile kat\u0131lan Murat Kebeli\u2019nin de damat olma iste\u011fi k\u0131r\u0131lmad\u0131. Rehabilitasyon merkezi \u00f6\u011fretmeni de Murat\u2019\u0131n temsili gelini olarak nikahlar\u0131 k\u0131y\u0131ld\u0131.<\/strong><\/p>\n<p style=\"text-align: justify;\"><strong>Etkinlik, ba\u015flad\u0131\u011f\u0131 gibi halaylar ve oyunlarla devam etti.<\/strong><\/p>\n<p style=\"text-align: justify;\"><img loading=\"lazy\" decoding=\"async\" class=\"alignnone size-medium wp-image-6956\" src=\"https:\/\/elbistanhabermerkezi.com\/wp-content\/uploads\/2022\/12\/WhatsApp-Image-2022-12-03-at-16.36.05-600x400.jpeg\" alt=\"\" width=\"600\" height=\"400\" srcset=\"https:\/\/elbistanhabermerkezi.com\/wp-content\/uploads\/2022\/12\/WhatsApp-Image-2022-12-03-at-16.36.05-600x400.jpeg 600w, https:\/\/elbistanhabermerkezi.com\/wp-content\/uploads\/2022\/12\/WhatsApp-Image-2022-12-03-at-16.36.05-1024x682.jpeg 1024w, https:\/\/elbistanhabermerkezi.com\/wp-content\/uploads\/2022\/12\/WhatsApp-Image-2022-12-03-at-16.36.05-768x512.jpeg 768w, https:\/\/elbistanhabermerkezi.com\/wp-content\/uploads\/2022\/12\/WhatsApp-Image-2022-12-03-at-16.36.05-158x105.jpeg 158w, https:\/\/elbistanhabermerkezi.com\/wp-content\/uploads\/2022\/12\/WhatsApp-Image-2022-12-03-at-16.36.05-233x155.jpeg 233w, https:\/\/elbistanhabermerkezi.com\/wp-content\/uploads\/2022\/12\/WhatsApp-Image-2022-12-03-at-16.36.05-332x221.jpeg 332w, https:\/\/elbistanhabermerkezi.com\/wp-content\/uploads\/2022\/12\/WhatsApp-Image-2022-12-03-at-16.36.05-672x448.jpeg 672w, https:\/\/elbistanhabermerkezi.com\/wp-content\/uploads\/2022\/12\/WhatsApp-Image-2022-12-03-at-16.36.05.jpeg 1280w\" sizes=\"auto, (max-width: 600px) 100vw, 600px\" \/> <img loading=\"lazy\" decoding=\"async\" class=\"alignnone size-medium wp-image-6957\" src=\"https:\/\/elbistanhabermerkezi.com\/wp-content\/uploads\/2022\/12\/WhatsApp-Image-2022-12-03-at-16.36.06-1-600x400.jpeg\" alt=\"\" width=\"600\" height=\"400\" srcset=\"https:\/\/elbistanhabermerkezi.com\/wp-content\/uploads\/2022\/12\/WhatsApp-Image-2022-12-03-at-16.36.06-1-600x400.jpeg 600w, https:\/\/elbistanhabermerkezi.com\/wp-content\/uploads\/2022\/12\/WhatsApp-Image-2022-12-03-at-16.36.06-1-1024x682.jpeg 1024w, https:\/\/elbistanhabermerkezi.com\/wp-content\/uploads\/2022\/12\/WhatsApp-Image-2022-12-03-at-16.36.06-1-768x512.jpeg 768w, https:\/\/elbistanhabermerkezi.com\/wp-content\/uploads\/2022\/12\/WhatsApp-Image-2022-12-03-at-16.36.06-1-158x105.jpeg 158w, https:\/\/elbistanhabermerkezi.com\/wp-content\/uploads\/2022\/12\/WhatsApp-Image-2022-12-03-at-16.36.06-1-233x155.jpeg 233w, https:\/\/elbistanhabermerkezi.com\/wp-content\/uploads\/2022\/12\/WhatsApp-Image-2022-12-03-at-16.36.06-1-332x221.jpeg 332w, https:\/\/elbistanhabermerkezi.com\/wp-content\/uploads\/2022\/12\/WhatsApp-Image-2022-12-03-at-16.36.06-1-672x448.jpeg 672w, https:\/\/elbistanhabermerkezi.com\/wp-content\/uploads\/2022\/12\/WhatsApp-Image-2022-12-03-at-16.36.06-1.jpeg 1280w\" sizes=\"auto, (max-width: 600px) 100vw, 600px\" \/> <img loading=\"lazy\" decoding=\"async\" class=\"alignnone size-medium wp-image-6958\" src=\"https:\/\/elbistanhabermerkezi.com\/wp-content\/uploads\/2022\/12\/WhatsApp-Image-2022-12-03-at-16.36.06-600x400.jpeg\" alt=\"\" width=\"600\" height=\"400\" srcset=\"https:\/\/elbistanhabermerkezi.com\/wp-content\/uploads\/2022\/12\/WhatsApp-Image-2022-12-03-at-16.36.06-600x400.jpeg 600w, https:\/\/elbistanhabermerkezi.com\/wp-content\/uploads\/2022\/12\/WhatsApp-Image-2022-12-03-at-16.36.06-1024x682.jpeg 1024w, https:\/\/elbistanhabermerkezi.com\/wp-content\/uploads\/2022\/12\/WhatsApp-Image-2022-12-03-at-16.36.06-768x512.jpeg 768w, https:\/\/elbistanhabermerkezi.com\/wp-content\/uploads\/2022\/12\/WhatsApp-Image-2022-12-03-at-16.36.06-158x105.jpeg 158w, https:\/\/elbistanhabermerkezi.com\/wp-content\/uploads\/2022\/12\/WhatsApp-Image-2022-12-03-at-16.36.06-233x155.jpeg 233w, https:\/\/elbistanhabermerkezi.com\/wp-content\/uploads\/2022\/12\/WhatsApp-Image-2022-12-03-at-16.36.06-332x221.jpeg 332w, https:\/\/elbistanhabermerkezi.com\/wp-content\/uploads\/2022\/12\/WhatsApp-Image-2022-12-03-at-16.36.06-672x448.jpeg 672w, https:\/\/elbistanhabermerkezi.com\/wp-content\/uploads\/2022\/12\/WhatsApp-Image-2022-12-03-at-16.36.06.jpeg 1280w\" sizes=\"auto, (max-width: 600px) 100vw, 600px\" \/> <img loading=\"lazy\" decoding=\"async\" class=\"alignnone size-medium wp-image-6959\" src=\"https:\/\/elbistanhabermerkezi.com\/wp-content\/uploads\/2022\/12\/WhatsApp-Image-2022-12-03-at-16.36.07-1-600x400.jpeg\" alt=\"\" width=\"600\" height=\"400\" srcset=\"https:\/\/elbistanhabermerkezi.com\/wp-content\/uploads\/2022\/12\/WhatsApp-Image-2022-12-03-at-16.36.07-1-600x400.jpeg 600w, https:\/\/elbistanhabermerkezi.com\/wp-content\/uploads\/2022\/12\/WhatsApp-Image-2022-12-03-at-16.36.07-1-1024x682.jpeg 1024w, https:\/\/elbistanhabermerkezi.com\/wp-content\/uploads\/2022\/12\/WhatsApp-Image-2022-12-03-at-16.36.07-1-768x512.jpeg 768w, https:\/\/elbistanhabermerkezi.com\/wp-content\/uploads\/2022\/12\/WhatsApp-Image-2022-12-03-at-16.36.07-1-158x105.jpeg 158w, https:\/\/elbistanhabermerkezi.com\/wp-content\/uploads\/2022\/12\/WhatsApp-Image-2022-12-03-at-16.36.07-1-233x155.jpeg 233w, https:\/\/elbistanhabermerkezi.com\/wp-content\/uploads\/2022\/12\/WhatsApp-Image-2022-12-03-at-16.36.07-1-332x221.jpeg 332w, https:\/\/elbistanhabermerkezi.com\/wp-content\/uploads\/2022\/12\/WhatsApp-Image-2022-12-03-at-16.36.07-1-672x448.jpeg 672w, https:\/\/elbistanhabermerkezi.com\/wp-content\/uploads\/2022\/12\/WhatsApp-Image-2022-12-03-at-16.36.07-1.jpeg 1280w\" sizes=\"auto, (max-width: 600px) 100vw, 600px\" \/> <img loading=\"lazy\" decoding=\"async\" class=\"alignnone size-medium wp-image-6960\" src=\"https:\/\/elbistanhabermerkezi.com\/wp-content\/uploads\/2022\/12\/WhatsApp-Image-2022-12-03-at-16.36.07-2-600x400.jpeg\" alt=\"\" width=\"600\" height=\"400\" srcset=\"https:\/\/elbistanhabermerkezi.com\/wp-content\/uploads\/2022\/12\/WhatsApp-Image-2022-12-03-at-16.36.07-2-600x400.jpeg 600w, https:\/\/elbistanhabermerkezi.com\/wp-content\/uploads\/2022\/12\/WhatsApp-Image-2022-12-03-at-16.36.07-2-1024x682.jpeg 1024w, https:\/\/elbistanhabermerkezi.com\/wp-content\/uploads\/2022\/12\/WhatsApp-Image-2022-12-03-at-16.36.07-2-768x512.jpeg 768w, https:\/\/elbistanhabermerkezi.com\/wp-content\/uploads\/2022\/12\/WhatsApp-Image-2022-12-03-at-16.36.07-2-158x105.jpeg 158w, https:\/\/elbistanhabermerkezi.com\/wp-content\/uploads\/2022\/12\/WhatsApp-Image-2022-12-03-at-16.36.07-2-233x155.jpeg 233w, https:\/\/elbistanhabermerkezi.com\/wp-content\/uploads\/2022\/12\/WhatsApp-Image-2022-12-03-at-16.36.07-2-332x221.jpeg 332w, https:\/\/elbistanhabermerkezi.com\/wp-content\/uploads\/2022\/12\/WhatsApp-Image-2022-12-03-at-16.36.07-2-672x448.jpeg 672w, https:\/\/elbistanhabermerkezi.com\/wp-content\/uploads\/2022\/12\/WhatsApp-Image-2022-12-03-at-16.36.07-2.jpeg 1280w\" sizes=\"auto, (max-width: 600px) 100vw, 600px\" \/> <img loading=\"lazy\" decoding=\"async\" class=\"alignnone size-medium wp-image-6961\" src=\"https:\/\/elbistanhabermerkezi.com\/wp-content\/uploads\/2022\/12\/WhatsApp-Image-2022-12-03-at-16.36.07-600x400.jpeg\" alt=\"\" width=\"600\" height=\"400\" srcset=\"https:\/\/elbistanhabermerkezi.com\/wp-content\/uploads\/2022\/12\/WhatsApp-Image-2022-12-03-at-16.36.07-600x400.jpeg 600w, https:\/\/elbistanhabermerkezi.com\/wp-content\/uploads\/2022\/12\/WhatsApp-Image-2022-12-03-at-16.36.07-1024x682.jpeg 1024w, https:\/\/elbistanhabermerkezi.com\/wp-content\/uploads\/2022\/12\/WhatsApp-Image-2022-12-03-at-16.36.07-768x512.jpeg 768w, https:\/\/elbistanhabermerkezi.com\/wp-content\/uploads\/2022\/12\/WhatsApp-Image-2022-12-03-at-16.36.07-158x105.jpeg 158w, https:\/\/elbistanhabermerkezi.com\/wp-content\/uploads\/2022\/12\/WhatsApp-Image-2022-12-03-at-16.36.07-233x155.jpeg 233w, https:\/\/elbistanhabermerkezi.com\/wp-content\/uploads\/2022\/12\/WhatsApp-Image-2022-12-03-at-16.36.07-332x221.jpeg 332w, https:\/\/elbistanhabermerkezi.com\/wp-content\/uploads\/2022\/12\/WhatsApp-Image-2022-12-03-at-16.36.07-672x448.jpeg 672w, https:\/\/elbistanhabermerkezi.com\/wp-content\/uploads\/2022\/12\/WhatsApp-Image-2022-12-03-at-16.36.07.jpeg 1280w\" sizes=\"auto, (max-width: 600px) 100vw, 600px\" \/><\/p>\n","protected":false},"excerpt":{"rendered":"<p>Elbistan\u2019da, 27 ya\u015f\u0131ndaki Ezgi Demirta\u015f ile 35 ya\u015f\u0131ndaki Aynur Zorlu adl\u0131 engelli k\u0131zlar\u0131n gelinlik giyme hayali, temsili d\u00fc\u011f\u00fcnle ger\u00e7ek oldu. Gelinlik giyen ve karde\u015f ku\u015fa\u011f\u0131 ba\u011flanan engelli k\u0131zlar\u0131n damats\u0131z d\u00fc\u011f\u00fcn\u00fcnde resmi nikahlar\u0131 Belediye Ba\u015fkan\u0131 Mehmet G\u00fcrb\u00fcz taraf\u0131ndan k\u0131y\u0131l\u0131rken g\u00f6nl\u00fcnce halay \u00e7ekip oynayan Ezgi ile Aynur\u2019un sevin\u00e7leri g\u00f6zlerine yans\u0131d\u0131. \u0130l\u00e7ede faaliyet g\u00f6steren bir \u00f6zel e\u011fitim ve [&hellip;]<\/p>\n","protected":false},"author":1,"featured_media":6962,"comment_status":"open","ping_status":"open","sticky":false,"template":"","format":"standard","meta":{"_jetpack_memberships_contains_paid_content":false,"footnotes":""},"categories":[2,5,8,9,12],"tags":[],"class_list":["post-6955","post","type-post","status-publish","format-standard","has-post-thumbnail","hentry","category-3-sayfa","category-egitim","category-gundem","category-magazin","category-siyaset"],"jetpack_featured_media_url":"https:\/\/elbistanhabermerkezi.com\/wp-content\/uploads\/2022\/12\/WhatsApp-Image-2022-12-03-at-16.36.06-2.jpeg","jetpack_sharing_enabled":true,"_links":{"self":[{"href":"https:\/\/elbistanhabermerkezi.com\/index.php\/wp-json\/wp\/v2\/posts\/6955","targetHints":{"allow":["GET"]}}],"collection":[{"href":"https:\/\/elbistanhabermerkezi.com\/index.php\/wp-json\/wp\/v2\/posts"}],"about":[{"href":"https:\/\/elbistanhabermerkezi.com\/index.php\/wp-json\/wp\/v2\/types\/post"}],"author":[{"embeddable":true,"href":"https:\/\/elbistanhabermerkezi.com\/index.php\/wp-json\/wp\/v2\/users\/1"}],"replies":[{"embeddable":true,"href":"https:\/\/elbistanhabermerkezi.com\/index.php\/wp-json\/wp\/v2\/comments?post=6955"}],"version-history":[{"count":1,"href":"https:\/\/elbistanhabermerkezi.com\/index.php\/wp-json\/wp\/v2\/posts\/6955\/revisions"}],"predecessor-version":[{"id":6965,"href":"https:\/\/elbistanhabermerkezi.com\/index.php\/wp-json\/wp\/v2\/posts\/6955\/revisions\/6965"}],"wp:featuredmedia":[{"embeddable":true,"href":"https:\/\/elbistanhabermerkezi.com\/index.php\/wp-json\/wp\/v2\/media\/6962"}],"wp:attachment":[{"href":"https:\/\/elbistanhabermerkezi.com\/index.php\/wp-json\/wp\/v2\/media?parent=6955"}],"wp:term":[{"taxonomy":"category","embeddable":true,"href":"https:\/\/elbistanhabermerkezi.com\/index.php\/wp-json\/wp\/v2\/categories?post=6955"},{"taxonomy":"post_tag","embeddable":true,"href":"https:\/\/elbistanhabermerkezi.com\/index.php\/wp-json\/wp\/v2\/tags?post=6955"}],"curies":[{"name":"wp","href":"https:\/\/api.w.org\/{rel}","templated":true}]}}