{"id":6939,"date":"2022-12-03T06:42:32","date_gmt":"2022-12-03T06:42:32","guid":{"rendered":"https:\/\/elbistanhabermerkezi.com\/?p=6939"},"modified":"2022-12-03T06:42:32","modified_gmt":"2022-12-03T06:42:32","slug":"dezavantajli-cocuk-bireylere-yonelik-tedbirler-toplantisi-yapildi","status":"publish","type":"post","link":"https:\/\/elbistanhabermerkezi.com\/index.php\/2022\/12\/03\/dezavantajli-cocuk-bireylere-yonelik-tedbirler-toplantisi-yapildi\/","title":{"rendered":"&#8220;Dezavantajl\u0131 \u00c7ocuk Bireylere&#8221; y\u00f6nelik tedbirler toplant\u0131s\u0131 yap\u0131ld\u0131."},"content":{"rendered":"<p style=\"text-align: justify;\"><strong><img loading=\"lazy\" decoding=\"async\" class=\"alignnone size-full wp-image-826\" src=\"https:\/\/elbistanhabermerkezi.com\/wp-content\/uploads\/2022\/02\/ahalil.jpg\" alt=\"\" width=\"300\" height=\"194\" srcset=\"https:\/\/elbistanhabermerkezi.com\/wp-content\/uploads\/2022\/02\/ahalil.jpg 300w, https:\/\/elbistanhabermerkezi.com\/wp-content\/uploads\/2022\/02\/ahalil-162x105.jpg 162w, https:\/\/elbistanhabermerkezi.com\/wp-content\/uploads\/2022\/02\/ahalil-240x155.jpg 240w\" sizes=\"auto, (max-width: 300px) 100vw, 300px\" \/><\/strong><\/p>\n<p style=\"text-align: justify;\"><strong><img loading=\"lazy\" decoding=\"async\" class=\"alignnone size-medium wp-image-6860\" src=\"https:\/\/elbistanhabermerkezi.com\/wp-content\/uploads\/2022\/12\/ss2-600x300.jpeg\" alt=\"\" width=\"600\" height=\"300\" srcset=\"https:\/\/elbistanhabermerkezi.com\/wp-content\/uploads\/2022\/12\/ss2-600x300.jpeg 600w, https:\/\/elbistanhabermerkezi.com\/wp-content\/uploads\/2022\/12\/ss2-171x86.jpeg 171w, https:\/\/elbistanhabermerkezi.com\/wp-content\/uploads\/2022\/12\/ss2-278x139.jpeg 278w, https:\/\/elbistanhabermerkezi.com\/wp-content\/uploads\/2022\/12\/ss2-376x188.jpeg 376w, https:\/\/elbistanhabermerkezi.com\/wp-content\/uploads\/2022\/12\/ss2.jpeg 700w\" sizes=\"auto, (max-width: 600px) 100vw, 600px\" \/><\/strong><\/p>\n<p style=\"text-align: justify;\"><strong>Elbistan Kaymakam\u0131 Hasan H\u00fcseyin VURAL Ba\u015fkanl\u0131\u011f\u0131nda, &#8220;Dezavantajl\u0131 \u00c7ocuk Bireylere&#8221; y\u00f6nelik al\u0131nacak tedbirler konulu toplant\u0131 d\u00fczenlendi.<\/strong><\/p>\n<p style=\"text-align: justify;\"><strong>Sokakta \u00e7al\u0131\u015ft\u0131r\u0131lan, okul \u00e7a\u011f\u0131ndaki \u00e7ocuklar\u0131 d\u0131\u015f uyar\u0131c\u0131lardan korumak ve akranlar\u0131 ile e\u015fit f\u0131rsatlara kavu\u015fabilmeleri i\u00e7in, sosyal, k\u00fclt\u00fcrel ve sportif etkinliklerle bulu\u015fturarak \u00e7ocuklar\u0131n okul devaml\u0131l\u0131\u011f\u0131 ve topluma faydal\u0131 bir birey olarak yeti\u015ftirmeleri i\u00e7in geni\u015f kat\u0131l\u0131ml\u0131 isti\u015fare toplant\u0131s\u0131 ger\u00e7ekle\u015ftirildi.<\/strong><\/p>\n<p style=\"text-align: justify;\"><strong>Kaymakam Hasan H\u00fceyin VURAL ba\u015fkanl\u0131\u011f\u0131ndaki toplant\u0131ya; Elbistan Belediyesi Ba\u015fkan V. Ali DEM\u0130R, \u0130l\u00e7e M\u00fcft\u00fcs\u00fc Hac\u0131 Mustafa KILIN\u00c7, Sosyal Hizmet Merkezi M\u00fcd\u00fcr\u00fc Emine CUMA, Sosyal yard\u0131mla\u015fma ve Dayan\u0131\u015fma Vakf\u0131 M\u00fcd\u00fcr\u00fc Dilek OTLUTEPE, \u0130l\u00e7e Milli E\u011fitim M\u00fcd\u00fcr\u00fc Fatih \u00c7ET\u0130N, Gen\u00e7lik ve Spor \u0130l\u00e7e M\u00fcd\u00fcr V. Mevl\u00fct T\u00dcRKAN, Halk E\u011fitim M\u00fcd\u00fcr\u00fc Bayram ALI\u015e ve ilgili STK kurulu\u015flar\u0131 kat\u0131ld\u0131.<\/strong><\/p>\n<p style=\"text-align: justify;\"><strong><img loading=\"lazy\" decoding=\"async\" class=\"alignnone size-medium wp-image-6859\" src=\"https:\/\/elbistanhabermerkezi.com\/wp-content\/uploads\/2022\/12\/ss1-600x300.jpeg\" alt=\"\" width=\"600\" height=\"300\" srcset=\"https:\/\/elbistanhabermerkezi.com\/wp-content\/uploads\/2022\/12\/ss1-600x300.jpeg 600w, https:\/\/elbistanhabermerkezi.com\/wp-content\/uploads\/2022\/12\/ss1-171x86.jpeg 171w, https:\/\/elbistanhabermerkezi.com\/wp-content\/uploads\/2022\/12\/ss1-278x139.jpeg 278w, https:\/\/elbistanhabermerkezi.com\/wp-content\/uploads\/2022\/12\/ss1-376x188.jpeg 376w, https:\/\/elbistanhabermerkezi.com\/wp-content\/uploads\/2022\/12\/ss1.jpeg 700w\" sizes=\"auto, (max-width: 600px) 100vw, 600px\" \/><\/strong><\/p>\n<p><img loading=\"lazy\" decoding=\"async\" class=\"alignnone size-medium wp-image-6940\" src=\"https:\/\/elbistanhabermerkezi.com\/wp-content\/uploads\/2022\/12\/317734814_466187478996419_2175633268406467703_n-533x400.jpg\" alt=\"\" width=\"533\" height=\"400\" srcset=\"https:\/\/elbistanhabermerkezi.com\/wp-content\/uploads\/2022\/12\/317734814_466187478996419_2175633268406467703_n-533x400.jpg 533w, https:\/\/elbistanhabermerkezi.com\/wp-content\/uploads\/2022\/12\/317734814_466187478996419_2175633268406467703_n-1024x768.jpg 1024w, https:\/\/elbistanhabermerkezi.com\/wp-content\/uploads\/2022\/12\/317734814_466187478996419_2175633268406467703_n-768x576.jpg 768w, https:\/\/elbistanhabermerkezi.com\/wp-content\/uploads\/2022\/12\/317734814_466187478996419_2175633268406467703_n-140x105.jpg 140w, https:\/\/elbistanhabermerkezi.com\/wp-content\/uploads\/2022\/12\/317734814_466187478996419_2175633268406467703_n-207x155.jpg 207w, https:\/\/elbistanhabermerkezi.com\/wp-content\/uploads\/2022\/12\/317734814_466187478996419_2175633268406467703_n-295x221.jpg 295w, https:\/\/elbistanhabermerkezi.com\/wp-content\/uploads\/2022\/12\/317734814_466187478996419_2175633268406467703_n-597x448.jpg 597w, https:\/\/elbistanhabermerkezi.com\/wp-content\/uploads\/2022\/12\/317734814_466187478996419_2175633268406467703_n.jpg 1440w\" sizes=\"auto, (max-width: 533px) 100vw, 533px\" \/> <img loading=\"lazy\" decoding=\"async\" class=\"alignnone size-medium wp-image-6941\" src=\"https:\/\/elbistanhabermerkezi.com\/wp-content\/uploads\/2022\/12\/317931706_466187468996420_5008089558865319638_n-533x400.jpg\" alt=\"\" width=\"533\" height=\"400\" srcset=\"https:\/\/elbistanhabermerkezi.com\/wp-content\/uploads\/2022\/12\/317931706_466187468996420_5008089558865319638_n-533x400.jpg 533w, https:\/\/elbistanhabermerkezi.com\/wp-content\/uploads\/2022\/12\/317931706_466187468996420_5008089558865319638_n-1024x768.jpg 1024w, https:\/\/elbistanhabermerkezi.com\/wp-content\/uploads\/2022\/12\/317931706_466187468996420_5008089558865319638_n-768x576.jpg 768w, https:\/\/elbistanhabermerkezi.com\/wp-content\/uploads\/2022\/12\/317931706_466187468996420_5008089558865319638_n-140x105.jpg 140w, https:\/\/elbistanhabermerkezi.com\/wp-content\/uploads\/2022\/12\/317931706_466187468996420_5008089558865319638_n-207x155.jpg 207w, https:\/\/elbistanhabermerkezi.com\/wp-content\/uploads\/2022\/12\/317931706_466187468996420_5008089558865319638_n-295x221.jpg 295w, https:\/\/elbistanhabermerkezi.com\/wp-content\/uploads\/2022\/12\/317931706_466187468996420_5008089558865319638_n-597x448.jpg 597w, https:\/\/elbistanhabermerkezi.com\/wp-content\/uploads\/2022\/12\/317931706_466187468996420_5008089558865319638_n.jpg 1440w\" sizes=\"auto, (max-width: 533px) 100vw, 533px\" \/><\/p>\n","protected":false},"excerpt":{"rendered":"<p>Elbistan Kaymakam\u0131 Hasan H\u00fcseyin VURAL Ba\u015fkanl\u0131\u011f\u0131nda, &#8220;Dezavantajl\u0131 \u00c7ocuk Bireylere&#8221; y\u00f6nelik al\u0131nacak tedbirler konulu toplant\u0131 d\u00fczenlendi. Sokakta \u00e7al\u0131\u015ft\u0131r\u0131lan, okul \u00e7a\u011f\u0131ndaki \u00e7ocuklar\u0131 d\u0131\u015f uyar\u0131c\u0131lardan korumak ve akranlar\u0131 ile e\u015fit f\u0131rsatlara kavu\u015fabilmeleri i\u00e7in, sosyal, k\u00fclt\u00fcrel ve sportif etkinliklerle bulu\u015fturarak \u00e7ocuklar\u0131n okul devaml\u0131l\u0131\u011f\u0131 ve topluma faydal\u0131 bir birey olarak yeti\u015ftirmeleri i\u00e7in geni\u015f kat\u0131l\u0131ml\u0131 isti\u015fare toplant\u0131s\u0131 ger\u00e7ekle\u015ftirildi. Kaymakam Hasan H\u00fceyin [&hellip;]<\/p>\n","protected":false},"author":1,"featured_media":6942,"comment_status":"open","ping_status":"open","sticky":false,"template":"","format":"standard","meta":{"_jetpack_memberships_contains_paid_content":false,"footnotes":""},"categories":[2,8,11],"tags":[],"class_list":["post-6939","post","type-post","status-publish","format-standard","has-post-thumbnail","hentry","category-3-sayfa","category-gundem","category-saglik"],"jetpack_featured_media_url":"https:\/\/elbistanhabermerkezi.com\/wp-content\/uploads\/2022\/12\/317931706_466187468996420_5008089558865319638_nyui.jpg","jetpack_sharing_enabled":true,"_links":{"self":[{"href":"https:\/\/elbistanhabermerkezi.com\/index.php\/wp-json\/wp\/v2\/posts\/6939","targetHints":{"allow":["GET"]}}],"collection":[{"href":"https:\/\/elbistanhabermerkezi.com\/index.php\/wp-json\/wp\/v2\/posts"}],"about":[{"href":"https:\/\/elbistanhabermerkezi.com\/index.php\/wp-json\/wp\/v2\/types\/post"}],"author":[{"embeddable":true,"href":"https:\/\/elbistanhabermerkezi.com\/index.php\/wp-json\/wp\/v2\/users\/1"}],"replies":[{"embeddable":true,"href":"https:\/\/elbistanhabermerkezi.com\/index.php\/wp-json\/wp\/v2\/comments?post=6939"}],"version-history":[{"count":1,"href":"https:\/\/elbistanhabermerkezi.com\/index.php\/wp-json\/wp\/v2\/posts\/6939\/revisions"}],"predecessor-version":[{"id":6945,"href":"https:\/\/elbistanhabermerkezi.com\/index.php\/wp-json\/wp\/v2\/posts\/6939\/revisions\/6945"}],"wp:featuredmedia":[{"embeddable":true,"href":"https:\/\/elbistanhabermerkezi.com\/index.php\/wp-json\/wp\/v2\/media\/6942"}],"wp:attachment":[{"href":"https:\/\/elbistanhabermerkezi.com\/index.php\/wp-json\/wp\/v2\/media?parent=6939"}],"wp:term":[{"taxonomy":"category","embeddable":true,"href":"https:\/\/elbistanhabermerkezi.com\/index.php\/wp-json\/wp\/v2\/categories?post=6939"},{"taxonomy":"post_tag","embeddable":true,"href":"https:\/\/elbistanhabermerkezi.com\/index.php\/wp-json\/wp\/v2\/tags?post=6939"}],"curies":[{"name":"wp","href":"https:\/\/api.w.org\/{rel}","templated":true}]}}