{"id":6254,"date":"2022-11-03T05:51:07","date_gmt":"2022-11-03T05:51:07","guid":{"rendered":"https:\/\/elbistanhabermerkezi.com\/?p=6254"},"modified":"2022-11-03T05:51:07","modified_gmt":"2022-11-03T05:51:07","slug":"elbistanli-arzu-yucele-devletin-sefkat-eli-uzandi","status":"publish","type":"post","link":"https:\/\/elbistanhabermerkezi.com\/index.php\/2022\/11\/03\/elbistanli-arzu-yucele-devletin-sefkat-eli-uzandi\/","title":{"rendered":"Elbistan&#8217;l\u0131 Arzu Y\u00fccel&#8217;e Devletin \u015fefkat eli uzand\u0131."},"content":{"rendered":"<p style=\"text-align: justify;\"><strong><img loading=\"lazy\" decoding=\"async\" class=\"alignnone size-full wp-image-826\" src=\"https:\/\/elbistanhabermerkezi.com\/wp-content\/uploads\/2022\/02\/ahalil.jpg\" alt=\"\" width=\"300\" height=\"194\" srcset=\"https:\/\/elbistanhabermerkezi.com\/wp-content\/uploads\/2022\/02\/ahalil.jpg 300w, https:\/\/elbistanhabermerkezi.com\/wp-content\/uploads\/2022\/02\/ahalil-162x105.jpg 162w, https:\/\/elbistanhabermerkezi.com\/wp-content\/uploads\/2022\/02\/ahalil-240x155.jpg 240w\" sizes=\"auto, (max-width: 300px) 100vw, 300px\" \/><\/strong><\/p>\n<p style=\"text-align: justify;\"><strong><img loading=\"lazy\" decoding=\"async\" class=\"alignnone size-medium wp-image-5488\" src=\"https:\/\/elbistanhabermerkezi.com\/wp-content\/uploads\/2022\/09\/YENISUVARI-2-600x300.jpeg\" alt=\"\" width=\"600\" height=\"300\" srcset=\"https:\/\/elbistanhabermerkezi.com\/wp-content\/uploads\/2022\/09\/YENISUVARI-2-600x300.jpeg 600w, https:\/\/elbistanhabermerkezi.com\/wp-content\/uploads\/2022\/09\/YENISUVARI-2-768x384.jpeg 768w, https:\/\/elbistanhabermerkezi.com\/wp-content\/uploads\/2022\/09\/YENISUVARI-2-171x86.jpeg 171w, https:\/\/elbistanhabermerkezi.com\/wp-content\/uploads\/2022\/09\/YENISUVARI-2-278x139.jpeg 278w, https:\/\/elbistanhabermerkezi.com\/wp-content\/uploads\/2022\/09\/YENISUVARI-2-376x188.jpeg 376w, https:\/\/elbistanhabermerkezi.com\/wp-content\/uploads\/2022\/09\/YENISUVARI-2-796x398.jpeg 796w, https:\/\/elbistanhabermerkezi.com\/wp-content\/uploads\/2022\/09\/YENISUVARI-2.jpeg 1000w\" sizes=\"auto, (max-width: 600px) 100vw, 600px\" \/><\/strong><\/p>\n<p style=\"text-align: justify;\"><strong>Elbistan\u2019da ya\u015fayan, \u201cb\u00fcll\u00f6z pemfigoid\u201d ad\u0131 verilen a\u011f\u0131r bir cilt hastal\u0131\u011f\u0131 nedeniyle t\u00fcm v\u00fccudu i\u00e7i su dolu kabarc\u0131klar ve yaralarla kapl\u0131 olan 47 ya\u015f\u0131ndaki Arzu Y\u00fccel\u2019e, devletin \u015fefkat eli uzand\u0131.<\/strong><\/p>\n<p style=\"text-align: justify;\"><strong>Y\u00fccel\u2019i evinde ziyaret eden Elbistan Kaymakam\u0131 Hasan H\u00fcseyin Vural, tedavisi i\u00e7in gerekli ad\u0131mlar\u0131n at\u0131laca\u011f\u0131n\u0131n alt\u0131n\u0131 \u00e7izdi.<\/strong><\/p>\n<p style=\"text-align: justify;\"><strong>Elbistan&#8217;a ba\u011fl\u0131 Battalgazi Mahallesi\u2019nde ikamet eden 47 ya\u015f\u0131ndaki Arzu Y\u00fccel, yakla\u015f\u0131k 1 y\u0131l \u00f6nce v\u00fccudunda alerjik ka\u015f\u0131nt\u0131 ba\u015flamas\u0131 \u00fczerine hastaneye ba\u015fvurdu. Biyopsi yap\u0131lan Y\u00fccel&#8217;e, nadir bir hastal\u0131k olan b\u00fcll\u00f6z pemfigoid te\u015fhisi konuldu. Y\u00fccel, v\u00fccutta su dolu kabarc\u0131klar olu\u015fmas\u0131na ve \u015fiddetli ka\u015f\u0131nma sonucu bu kabarc\u0131klar\u0131n patlayarak t\u00fcm v\u00fccudunu yaralar\u0131n kaplamas\u0131na neden olan hastal\u0131k y\u00fcz\u00fcnden \u00e7e\u015fitli hastanelerde tedavi g\u00f6rd\u00fc. Tedaviye ra\u011fmen sa\u011fl\u0131k durumu k\u00f6t\u00fcye giden Y\u00fccel, evine d\u00f6nd\u00fc. \u0130ltihapl\u0131 yaralar\u0131n ak\u0131nt\u0131lar\u0131ndan korunmas\u0131 i\u00e7in naylon serilen yatakta ya\u015fam m\u00fccadelesi veren Y\u00fccel\u2019in yetkililere yapt\u0131\u011f\u0131 yard\u0131m \u00e7a\u011fr\u0131s\u0131 kar\u015f\u0131l\u0131ks\u0131z kalmad\u0131. Durumdan haberdar olan Elbistan Kaymakam\u0131 Hasan H\u00fcseyin Vural, Elbistan \u015eehit Hilmi \u00d6zer \u0130l\u00e7e Sa\u011fl\u0131k M\u00fcd\u00fcr\u00fc Dr. Kaz\u0131m \u00c7\u0131tak ve SYDV M\u00fcd\u00fcr\u00fc Dilek Otlutepe ile birlikte Arzu Y\u00fccel\u2019i evinde ziyaret etti.<\/strong><\/p>\n<p style=\"text-align: justify;\"><strong>Burada, hasta kad\u0131n\u0131n e\u015fi Halil Y\u00fccel\u2019den s\u00fcre\u00e7 hakk\u0131nda detayl\u0131 bilgi alan Kaymakam Vural, gerekli tedavinin yap\u0131lmas\u0131yla ilgili de giri\u015fimleri hemen ba\u015flatt\u0131.<\/strong><\/p>\n<p style=\"text-align: justify;\"><strong>Ge\u00e7mi\u015f olsun dile\u011finde bulundu\u011fu Y\u00fccel\u2019in, hastanenin steril ortam\u0131nda tedavi g\u00f6rmesi i\u00e7in devletin t\u00fcm imkanlar\u0131n\u0131n seferber edilece\u011fini vurgulayan Kaymakam Vural, \u201cHastam\u0131z\u0131n durumunu \u00f6\u011frenir \u00f6\u011frenmez hemen harekete ge\u00e7tik. \u0130l\u00e7e sa\u011fl\u0131k m\u00fcd\u00fcr\u00fcm\u00fcz ve SYDV m\u00fcd\u00fcr\u00fcm\u00fczle birlikte buraday\u0131z. Hastal\u0131k ve tedavi s\u00fcreciyle ilgili bilgileri kendilerinden ald\u0131k. Olduk\u00e7a zor bir s\u00fcre\u00e7ten ge\u00e7mi\u015fler. Arzu Y\u00fccel han\u0131m\u0131n a\u011f\u0131r bir cilt hastal\u0131\u011f\u0131 var ve ya\u015fam\u0131n\u0131 steril bir ortamda s\u00fcrd\u00fcrmesi gerekli. Biz de devlet olarak bundan sonra onlar\u0131n her anlar\u0131nda gerekli yard\u0131m\u0131 sunaca\u011f\u0131z. Devletimiz b\u00fcy\u00fckt\u00fcr. Hastam\u0131z\u0131n tedavisi i\u00e7in iyi bir hastane bulana kadar Elbistan\u2019da hastanemizde veya Kahramanmara\u015f\u2019ta t\u0131p fak\u00fcltesi hastanesinde steril bir ortamda hastam\u0131za bakaca\u011f\u0131z. En iyi sa\u011fl\u0131k hizmetini alabilmesi i\u00e7in ne gerekiyorsa yapaca\u011f\u0131z\u201d ifadelerini kulland\u0131.<\/strong><\/p>\n<p style=\"text-align: justify;\"><strong>Hastan\u0131n e\u015fi Halil Y\u00fccel ise, tedavi i\u00e7in bir\u00e7ok \u00f6zel hastane ve \u00fcniversite hastanesine gittiklerini an\u0131msatarak, \u201cTedaviye yan\u0131t alamad\u0131k. E\u015fimin steril bir ortamda iyi bir tedavi almas\u0131n\u0131n istiyorum. Ekonomik olarak bir destek istemiyorum sadece hastam\u0131n iyi bir tedavi g\u00f6rerek sa\u011fl\u0131\u011f\u0131na bir an \u00f6nce kavu\u015fmas\u0131n\u0131 istiyorum. E\u015fim yakla\u015f\u0131k 1 bu\u00e7uk y\u0131ld\u0131r tedavi g\u00f6r\u00fcyor ve yataktan \u00e7\u0131kam\u0131yor. E\u015fimin bir an \u00f6nce sa\u011fl\u0131\u011f\u0131na kavu\u015fmas\u0131n\u0131 diliyorum. Kaymakam\u0131m\u0131za, il\u00e7e sa\u011fl\u0131k m\u00fcd\u00fcr\u00fcm\u00fcze ve bizimle ilgilenen herkese te\u015fekk\u00fcr ediyorum\u201d \u015feklinde konu\u015ftu.<\/strong><\/p>\n<p style=\"text-align: justify;\"><strong>Hastal\u0131\u011f\u0131 nedeniyle yata\u011fa ba\u011fl\u0131 kald\u0131\u011f\u0131n\u0131 vurgulayan Aruz Y\u00fccel de, \u201cBundan sonras\u0131 i\u00e7in bizlere yard\u0131mc\u0131 olacaklar\u0131n\u0131 belirten devlet yetkililerimize te\u015fekk\u00fcr ediyorum. \u00dcmitlerim kesiliyordu. Gittik\u00e7e yaralar\u0131m fazlala\u015f\u0131yor. \u0130n\u015fallah devletimizin deste\u011fi ile derdime bir derman bulunur ve ben de kurtulurum\u201d diye konu\u015ftu.<\/strong><\/p>\n<p style=\"text-align: justify;\"><strong>B\u00fcll\u00f6z pemfigoid nedir_<\/strong><\/p>\n<p style=\"text-align: justify;\"><strong>B\u00fcll\u00f6z pemfigoid, i\u00e7i su dolu kabarc\u0131klar olu\u015fturan ve bu su dolu kabarc\u0131klar\u0131n patlay\u0131p a\u00e7\u0131lmas\u0131 ile \u00fczeri kabuklanan, y\u00fczeysel yaralar \u015feklinde seyreden \u00f6nemli bir deri hastal\u0131\u011f\u0131. Halk aras\u0131nda bilinen bir ad\u0131 olmayan b\u00fcll\u00f6z pemfigoid, nadir g\u00f6r\u00fclen bir hastal\u0131k. \u00d6zellikle 60 \u00fcst\u00fc ya\u015f grubunda g\u00f6r\u00fclen hastal\u0131\u011f\u0131n, ya\u015fl\u0131 n\u00fcfusun fazla oldu\u011fu Avrupa&#8217;da g\u00f6r\u00fclme s\u0131kl\u0131\u011f\u0131 yakla\u015f\u0131k olarak bir milyon ki\u015fide 10. Gen\u00e7 n\u00fcfusun hakim oldu\u011fu T\u00fcrkiye&#8217;de hastal\u0131\u011f\u0131n g\u00f6r\u00fclme s\u0131kl\u0131\u011f\u0131 ise tam olarak bilinmiyor. Hastal\u0131k, kad\u0131nlarda ve erkeklerde e\u015fit s\u0131kl\u0131kta g\u00f6r\u00fcl\u00fcyor.<\/strong><\/p>\n<p style=\"text-align: justify;\"><img loading=\"lazy\" decoding=\"async\" class=\"alignnone size-medium wp-image-5487\" src=\"https:\/\/elbistanhabermerkezi.com\/wp-content\/uploads\/2022\/09\/YENISUVARI-1-600x300.jpeg\" alt=\"\" width=\"600\" height=\"300\" srcset=\"https:\/\/elbistanhabermerkezi.com\/wp-content\/uploads\/2022\/09\/YENISUVARI-1-600x300.jpeg 600w, https:\/\/elbistanhabermerkezi.com\/wp-content\/uploads\/2022\/09\/YENISUVARI-1-768x384.jpeg 768w, https:\/\/elbistanhabermerkezi.com\/wp-content\/uploads\/2022\/09\/YENISUVARI-1-171x86.jpeg 171w, https:\/\/elbistanhabermerkezi.com\/wp-content\/uploads\/2022\/09\/YENISUVARI-1-278x139.jpeg 278w, https:\/\/elbistanhabermerkezi.com\/wp-content\/uploads\/2022\/09\/YENISUVARI-1-376x188.jpeg 376w, https:\/\/elbistanhabermerkezi.com\/wp-content\/uploads\/2022\/09\/YENISUVARI-1-796x398.jpeg 796w, https:\/\/elbistanhabermerkezi.com\/wp-content\/uploads\/2022\/09\/YENISUVARI-1.jpeg 1000w\" sizes=\"auto, (max-width: 600px) 100vw, 600px\" \/><\/p>\n<p><img loading=\"lazy\" decoding=\"async\" class=\"alignnone size-medium wp-image-6255\" src=\"https:\/\/elbistanhabermerkezi.com\/wp-content\/uploads\/2022\/11\/312218571_444615594486941_6382832511364374645_n-600x398.jpg\" alt=\"\" width=\"600\" height=\"398\" srcset=\"https:\/\/elbistanhabermerkezi.com\/wp-content\/uploads\/2022\/11\/312218571_444615594486941_6382832511364374645_n-600x398.jpg 600w, https:\/\/elbistanhabermerkezi.com\/wp-content\/uploads\/2022\/11\/312218571_444615594486941_6382832511364374645_n-1024x680.jpg 1024w, https:\/\/elbistanhabermerkezi.com\/wp-content\/uploads\/2022\/11\/312218571_444615594486941_6382832511364374645_n-768x510.jpg 768w, https:\/\/elbistanhabermerkezi.com\/wp-content\/uploads\/2022\/11\/312218571_444615594486941_6382832511364374645_n-1536x1020.jpg 1536w, https:\/\/elbistanhabermerkezi.com\/wp-content\/uploads\/2022\/11\/312218571_444615594486941_6382832511364374645_n-158x105.jpg 158w, https:\/\/elbistanhabermerkezi.com\/wp-content\/uploads\/2022\/11\/312218571_444615594486941_6382832511364374645_n-234x155.jpg 234w, https:\/\/elbistanhabermerkezi.com\/wp-content\/uploads\/2022\/11\/312218571_444615594486941_6382832511364374645_n-333x221.jpg 333w, https:\/\/elbistanhabermerkezi.com\/wp-content\/uploads\/2022\/11\/312218571_444615594486941_6382832511364374645_n-675x448.jpg 675w, https:\/\/elbistanhabermerkezi.com\/wp-content\/uploads\/2022\/11\/312218571_444615594486941_6382832511364374645_n.jpg 1600w\" sizes=\"auto, (max-width: 600px) 100vw, 600px\" \/> <img loading=\"lazy\" decoding=\"async\" class=\"alignnone size-medium wp-image-6256\" src=\"https:\/\/elbistanhabermerkezi.com\/wp-content\/uploads\/2022\/11\/312900168_444644437817390_5888411158788295335_n-600x398.jpg\" alt=\"\" width=\"600\" height=\"398\" srcset=\"https:\/\/elbistanhabermerkezi.com\/wp-content\/uploads\/2022\/11\/312900168_444644437817390_5888411158788295335_n-600x398.jpg 600w, https:\/\/elbistanhabermerkezi.com\/wp-content\/uploads\/2022\/11\/312900168_444644437817390_5888411158788295335_n-1024x680.jpg 1024w, https:\/\/elbistanhabermerkezi.com\/wp-content\/uploads\/2022\/11\/312900168_444644437817390_5888411158788295335_n-768x510.jpg 768w, https:\/\/elbistanhabermerkezi.com\/wp-content\/uploads\/2022\/11\/312900168_444644437817390_5888411158788295335_n-1536x1020.jpg 1536w, https:\/\/elbistanhabermerkezi.com\/wp-content\/uploads\/2022\/11\/312900168_444644437817390_5888411158788295335_n-158x105.jpg 158w, https:\/\/elbistanhabermerkezi.com\/wp-content\/uploads\/2022\/11\/312900168_444644437817390_5888411158788295335_n-234x155.jpg 234w, https:\/\/elbistanhabermerkezi.com\/wp-content\/uploads\/2022\/11\/312900168_444644437817390_5888411158788295335_n-333x221.jpg 333w, https:\/\/elbistanhabermerkezi.com\/wp-content\/uploads\/2022\/11\/312900168_444644437817390_5888411158788295335_n-675x448.jpg 675w, https:\/\/elbistanhabermerkezi.com\/wp-content\/uploads\/2022\/11\/312900168_444644437817390_5888411158788295335_n.jpg 1600w\" sizes=\"auto, (max-width: 600px) 100vw, 600px\" \/> <img loading=\"lazy\" decoding=\"async\" class=\"alignnone size-medium wp-image-6257\" src=\"https:\/\/elbistanhabermerkezi.com\/wp-content\/uploads\/2022\/11\/313191940_444617484486752_3062887515100539415_nY-600x324.jpg\" alt=\"\" width=\"600\" height=\"324\" srcset=\"https:\/\/elbistanhabermerkezi.com\/wp-content\/uploads\/2022\/11\/313191940_444617484486752_3062887515100539415_nY-600x324.jpg 600w, https:\/\/elbistanhabermerkezi.com\/wp-content\/uploads\/2022\/11\/313191940_444617484486752_3062887515100539415_nY-1024x553.jpg 1024w, https:\/\/elbistanhabermerkezi.com\/wp-content\/uploads\/2022\/11\/313191940_444617484486752_3062887515100539415_nY-768x415.jpg 768w, https:\/\/elbistanhabermerkezi.com\/wp-content\/uploads\/2022\/11\/313191940_444617484486752_3062887515100539415_nY-171x92.jpg 171w, https:\/\/elbistanhabermerkezi.com\/wp-content\/uploads\/2022\/11\/313191940_444617484486752_3062887515100539415_nY-278x150.jpg 278w, https:\/\/elbistanhabermerkezi.com\/wp-content\/uploads\/2022\/11\/313191940_444617484486752_3062887515100539415_nY-376x203.jpg 376w, https:\/\/elbistanhabermerkezi.com\/wp-content\/uploads\/2022\/11\/313191940_444617484486752_3062887515100539415_nY-796x430.jpg 796w, https:\/\/elbistanhabermerkezi.com\/wp-content\/uploads\/2022\/11\/313191940_444617484486752_3062887515100539415_nY.jpg 1062w\" sizes=\"auto, (max-width: 600px) 100vw, 600px\" \/><\/p>\n","protected":false},"excerpt":{"rendered":"<p>Elbistan\u2019da ya\u015fayan, \u201cb\u00fcll\u00f6z pemfigoid\u201d ad\u0131 verilen a\u011f\u0131r bir cilt hastal\u0131\u011f\u0131 nedeniyle t\u00fcm v\u00fccudu i\u00e7i su dolu kabarc\u0131klar ve yaralarla kapl\u0131 olan 47 ya\u015f\u0131ndaki Arzu Y\u00fccel\u2019e, devletin \u015fefkat eli uzand\u0131. Y\u00fccel\u2019i evinde ziyaret eden Elbistan Kaymakam\u0131 Hasan H\u00fcseyin Vural, tedavisi i\u00e7in gerekli ad\u0131mlar\u0131n at\u0131laca\u011f\u0131n\u0131n alt\u0131n\u0131 \u00e7izdi. Elbistan&#8217;a ba\u011fl\u0131 Battalgazi Mahallesi\u2019nde ikamet eden 47 ya\u015f\u0131ndaki Arzu Y\u00fccel, [&hellip;]<\/p>\n","protected":false},"author":1,"featured_media":6260,"comment_status":"open","ping_status":"open","sticky":false,"template":"","format":"standard","meta":{"_jetpack_memberships_contains_paid_content":false,"footnotes":""},"categories":[2,8,11],"tags":[],"class_list":["post-6254","post","type-post","status-publish","format-standard","has-post-thumbnail","hentry","category-3-sayfa","category-gundem","category-saglik"],"jetpack_featured_media_url":"https:\/\/elbistanhabermerkezi.com\/wp-content\/uploads\/2022\/11\/312900168_444644437817390_5888411158788295335_nyut.jpg","jetpack_sharing_enabled":true,"_links":{"self":[{"href":"https:\/\/elbistanhabermerkezi.com\/index.php\/wp-json\/wp\/v2\/posts\/6254","targetHints":{"allow":["GET"]}}],"collection":[{"href":"https:\/\/elbistanhabermerkezi.com\/index.php\/wp-json\/wp\/v2\/posts"}],"about":[{"href":"https:\/\/elbistanhabermerkezi.com\/index.php\/wp-json\/wp\/v2\/types\/post"}],"author":[{"embeddable":true,"href":"https:\/\/elbistanhabermerkezi.com\/index.php\/wp-json\/wp\/v2\/users\/1"}],"replies":[{"embeddable":true,"href":"https:\/\/elbistanhabermerkezi.com\/index.php\/wp-json\/wp\/v2\/comments?post=6254"}],"version-history":[{"count":1,"href":"https:\/\/elbistanhabermerkezi.com\/index.php\/wp-json\/wp\/v2\/posts\/6254\/revisions"}],"predecessor-version":[{"id":6261,"href":"https:\/\/elbistanhabermerkezi.com\/index.php\/wp-json\/wp\/v2\/posts\/6254\/revisions\/6261"}],"wp:featuredmedia":[{"embeddable":true,"href":"https:\/\/elbistanhabermerkezi.com\/index.php\/wp-json\/wp\/v2\/media\/6260"}],"wp:attachment":[{"href":"https:\/\/elbistanhabermerkezi.com\/index.php\/wp-json\/wp\/v2\/media?parent=6254"}],"wp:term":[{"taxonomy":"category","embeddable":true,"href":"https:\/\/elbistanhabermerkezi.com\/index.php\/wp-json\/wp\/v2\/categories?post=6254"},{"taxonomy":"post_tag","embeddable":true,"href":"https:\/\/elbistanhabermerkezi.com\/index.php\/wp-json\/wp\/v2\/tags?post=6254"}],"curies":[{"name":"wp","href":"https:\/\/api.w.org\/{rel}","templated":true}]}}