{"id":6057,"date":"2022-10-26T15:46:05","date_gmt":"2022-10-26T15:46:05","guid":{"rendered":"https:\/\/elbistanhabermerkezi.com\/?p=6057"},"modified":"2022-10-26T15:46:05","modified_gmt":"2022-10-26T15:46:05","slug":"may-saglik-grup-yonetim-kurulu-baskani-mehmet-yinanca-ziyaret","status":"publish","type":"post","link":"https:\/\/elbistanhabermerkezi.com\/index.php\/2022\/10\/26\/may-saglik-grup-yonetim-kurulu-baskani-mehmet-yinanca-ziyaret\/","title":{"rendered":"MAY Sa\u011fl\u0131k Grup Y\u00f6netim Kurulu Ba\u015fkan\u0131 Mehmet Yinan\u00e7&#8217;a ziyaret."},"content":{"rendered":"<p style=\"text-align: justify;\"><strong><img loading=\"lazy\" decoding=\"async\" class=\"alignnone size-full wp-image-4452\" src=\"https:\/\/elbistanhabermerkezi.com\/wp-content\/uploads\/2022\/08\/ahab.jpg\" alt=\"\" width=\"300\" height=\"194\" srcset=\"https:\/\/elbistanhabermerkezi.com\/wp-content\/uploads\/2022\/08\/ahab.jpg 300w, https:\/\/elbistanhabermerkezi.com\/wp-content\/uploads\/2022\/08\/ahab-162x105.jpg 162w, https:\/\/elbistanhabermerkezi.com\/wp-content\/uploads\/2022\/08\/ahab-240x155.jpg 240w\" sizes=\"auto, (max-width: 300px) 100vw, 300px\" \/><\/strong><\/p>\n<p style=\"text-align: justify;\"><strong><img loading=\"lazy\" decoding=\"async\" class=\"alignnone size-medium wp-image-5488\" src=\"https:\/\/elbistanhabermerkezi.com\/wp-content\/uploads\/2022\/09\/YENISUVARI-2-600x300.jpeg\" alt=\"\" width=\"600\" height=\"300\" srcset=\"https:\/\/elbistanhabermerkezi.com\/wp-content\/uploads\/2022\/09\/YENISUVARI-2-600x300.jpeg 600w, https:\/\/elbistanhabermerkezi.com\/wp-content\/uploads\/2022\/09\/YENISUVARI-2-768x384.jpeg 768w, https:\/\/elbistanhabermerkezi.com\/wp-content\/uploads\/2022\/09\/YENISUVARI-2-171x86.jpeg 171w, https:\/\/elbistanhabermerkezi.com\/wp-content\/uploads\/2022\/09\/YENISUVARI-2-278x139.jpeg 278w, https:\/\/elbistanhabermerkezi.com\/wp-content\/uploads\/2022\/09\/YENISUVARI-2-376x188.jpeg 376w, https:\/\/elbistanhabermerkezi.com\/wp-content\/uploads\/2022\/09\/YENISUVARI-2-796x398.jpeg 796w, https:\/\/elbistanhabermerkezi.com\/wp-content\/uploads\/2022\/09\/YENISUVARI-2.jpeg 1000w\" sizes=\"auto, (max-width: 600px) 100vw, 600px\" \/><\/strong><\/p>\n<p style=\"text-align: justify;\"><strong>B\u00fcnyesinde May \u0130\u015fitme,May Optik,May Pharma,May \u0130la\u00e7 ve avis Sa\u011fl\u0131k Dan\u0131\u015fmanl\u0131k gibi kurumlar\u0131 bar\u0131nd\u0131ran May Sa\u011fl\u0131k Grup Y\u00f6netim Kurulu Ba\u015fkan\u0131 Elbistanl\u0131 hem\u015fehrimiz Mehmet Yinan\u00e7&#8217;\u0131 makam\u0131nda ziyaret ederek Sa\u011fl\u0131k alan\u0131nda ki \u00e7al\u0131\u015fmalar\u0131n\u0131 kendisinden dinledik.<\/strong><\/p>\n<p style=\"text-align: justify;\"><strong>Ar\u0131ta\u015f Mahallesi Derne\u011fi Ba\u015fkan Yard\u0131mc\u0131s\u0131 Adem \u00c7elik ile Ba\u011fc\u0131lar&#8217;da May Sa\u011fl\u0131k Grup Merkezinde birlikte ziyaret etti\u011fimiz hem\u015fehrimiz Mehmet Yinan\u00e7, May Sa\u011fl\u0131k Grup olarak \u0130\u015fitme,Di\u015f,Optik,\u0130la\u00e7 ve bu sekt\u00f6rler de Dan\u0131\u015fmanl\u0131k hizmeti verdiklerini bunun yan\u0131 s\u0131ra Aroma Terapi&#8217;de O&#8217;dore ad\u0131yla bir marka \u00e7\u0131kard\u0131klar\u0131n\u0131 ve sekt\u00f6rde hizmete devam ettiklerini belirtti.<\/strong><\/p>\n<p style=\"text-align: justify;\"><strong>Ba\u011fc\u0131lar E\u011fitim ve Ara\u015ft\u0131rma Hastanesi kar\u015f\u0131s\u0131nda bulunan May Sa\u011fl\u0131k Grup \u0130stanbul&#8217;un bir \u00e7ok semtinde Sa\u011fl\u0131k alan\u0131nda a\u00e7\u0131lan \u015eubelerle vatanda\u015flar\u0131m\u0131za hizmet veriyor.<\/strong><\/p>\n<p style=\"text-align: justify;\"><strong>Af\u015fin Merkez Yay\u0131n Grubunun 10 g\u00fcnl\u00fck \u0130stanbul programlar\u0131 kapsam\u0131nda ziyaret etti\u011fimiz Mehmet Yinan\u00e7 beye ilgilerinden dolay\u0131 \u00e7ok te\u015fekk\u00fcr ediyor,\u00e7al\u0131\u015fmalar\u0131nda ba\u015far\u0131lar temenni ediyoruz.\u00a0<\/strong><\/p>\n<p style=\"text-align: justify;\"><strong><img loading=\"lazy\" decoding=\"async\" class=\"alignnone size-medium wp-image-5487\" src=\"https:\/\/elbistanhabermerkezi.com\/wp-content\/uploads\/2022\/09\/YENISUVARI-1-600x300.jpeg\" alt=\"\" width=\"600\" height=\"300\" srcset=\"https:\/\/elbistanhabermerkezi.com\/wp-content\/uploads\/2022\/09\/YENISUVARI-1-600x300.jpeg 600w, https:\/\/elbistanhabermerkezi.com\/wp-content\/uploads\/2022\/09\/YENISUVARI-1-768x384.jpeg 768w, https:\/\/elbistanhabermerkezi.com\/wp-content\/uploads\/2022\/09\/YENISUVARI-1-171x86.jpeg 171w, https:\/\/elbistanhabermerkezi.com\/wp-content\/uploads\/2022\/09\/YENISUVARI-1-278x139.jpeg 278w, https:\/\/elbistanhabermerkezi.com\/wp-content\/uploads\/2022\/09\/YENISUVARI-1-376x188.jpeg 376w, https:\/\/elbistanhabermerkezi.com\/wp-content\/uploads\/2022\/09\/YENISUVARI-1-796x398.jpeg 796w, https:\/\/elbistanhabermerkezi.com\/wp-content\/uploads\/2022\/09\/YENISUVARI-1.jpeg 1000w\" sizes=\"auto, (max-width: 600px) 100vw, 600px\" \/><\/strong><\/p>\n<p><img loading=\"lazy\" decoding=\"async\" class=\"alignnone size-medium wp-image-6061\" src=\"https:\/\/elbistanhabermerkezi.com\/wp-content\/uploads\/2022\/10\/IMG_4790-600x400.jpg\" alt=\"\" width=\"600\" height=\"400\" srcset=\"https:\/\/elbistanhabermerkezi.com\/wp-content\/uploads\/2022\/10\/IMG_4790.jpg 600w, https:\/\/elbistanhabermerkezi.com\/wp-content\/uploads\/2022\/10\/IMG_4790-158x105.jpg 158w, https:\/\/elbistanhabermerkezi.com\/wp-content\/uploads\/2022\/10\/IMG_4790-233x155.jpg 233w, https:\/\/elbistanhabermerkezi.com\/wp-content\/uploads\/2022\/10\/IMG_4790-332x221.jpg 332w\" sizes=\"auto, (max-width: 600px) 100vw, 600px\" \/> <img loading=\"lazy\" decoding=\"async\" class=\"alignnone size-medium wp-image-6062\" src=\"https:\/\/elbistanhabermerkezi.com\/wp-content\/uploads\/2022\/10\/IMG_4794-600x400.jpg\" alt=\"\" width=\"600\" height=\"400\" srcset=\"https:\/\/elbistanhabermerkezi.com\/wp-content\/uploads\/2022\/10\/IMG_4794.jpg 600w, https:\/\/elbistanhabermerkezi.com\/wp-content\/uploads\/2022\/10\/IMG_4794-158x105.jpg 158w, https:\/\/elbistanhabermerkezi.com\/wp-content\/uploads\/2022\/10\/IMG_4794-233x155.jpg 233w, https:\/\/elbistanhabermerkezi.com\/wp-content\/uploads\/2022\/10\/IMG_4794-332x221.jpg 332w\" sizes=\"auto, (max-width: 600px) 100vw, 600px\" \/><img loading=\"lazy\" decoding=\"async\" class=\"alignnone size-full wp-image-6063\" src=\"https:\/\/elbistanhabermerkezi.com\/wp-content\/uploads\/2022\/10\/20220906_135244.jpg\" alt=\"\" width=\"600\" height=\"338\" srcset=\"https:\/\/elbistanhabermerkezi.com\/wp-content\/uploads\/2022\/10\/20220906_135244.jpg 600w, https:\/\/elbistanhabermerkezi.com\/wp-content\/uploads\/2022\/10\/20220906_135244-171x96.jpg 171w, https:\/\/elbistanhabermerkezi.com\/wp-content\/uploads\/2022\/10\/20220906_135244-275x155.jpg 275w, https:\/\/elbistanhabermerkezi.com\/wp-content\/uploads\/2022\/10\/20220906_135244-376x212.jpg 376w\" sizes=\"auto, (max-width: 600px) 100vw, 600px\" \/><\/p>\n","protected":false},"excerpt":{"rendered":"<p>B\u00fcnyesinde May \u0130\u015fitme,May Optik,May Pharma,May \u0130la\u00e7 ve avis Sa\u011fl\u0131k Dan\u0131\u015fmanl\u0131k gibi kurumlar\u0131 bar\u0131nd\u0131ran May Sa\u011fl\u0131k Grup Y\u00f6netim Kurulu Ba\u015fkan\u0131 Elbistanl\u0131 hem\u015fehrimiz Mehmet Yinan\u00e7&#8217;\u0131 makam\u0131nda ziyaret ederek Sa\u011fl\u0131k alan\u0131nda ki \u00e7al\u0131\u015fmalar\u0131n\u0131 kendisinden dinledik. Ar\u0131ta\u015f Mahallesi Derne\u011fi Ba\u015fkan Yard\u0131mc\u0131s\u0131 Adem \u00c7elik ile Ba\u011fc\u0131lar&#8217;da May Sa\u011fl\u0131k Grup Merkezinde birlikte ziyaret etti\u011fimiz hem\u015fehrimiz Mehmet Yinan\u00e7, May Sa\u011fl\u0131k Grup olarak [&hellip;]<\/p>\n","protected":false},"author":1,"featured_media":6060,"comment_status":"open","ping_status":"open","sticky":false,"template":"","format":"standard","meta":{"_jetpack_memberships_contains_paid_content":false,"footnotes":""},"categories":[2,6,8,11],"tags":[],"class_list":["post-6057","post","type-post","status-publish","format-standard","has-post-thumbnail","hentry","category-3-sayfa","category-ekonomi","category-gundem","category-saglik"],"jetpack_featured_media_url":"https:\/\/elbistanhabermerkezi.com\/wp-content\/uploads\/2022\/10\/IMG_4788yyt.jpg","jetpack_sharing_enabled":true,"_links":{"self":[{"href":"https:\/\/elbistanhabermerkezi.com\/index.php\/wp-json\/wp\/v2\/posts\/6057","targetHints":{"allow":["GET"]}}],"collection":[{"href":"https:\/\/elbistanhabermerkezi.com\/index.php\/wp-json\/wp\/v2\/posts"}],"about":[{"href":"https:\/\/elbistanhabermerkezi.com\/index.php\/wp-json\/wp\/v2\/types\/post"}],"author":[{"embeddable":true,"href":"https:\/\/elbistanhabermerkezi.com\/index.php\/wp-json\/wp\/v2\/users\/1"}],"replies":[{"embeddable":true,"href":"https:\/\/elbistanhabermerkezi.com\/index.php\/wp-json\/wp\/v2\/comments?post=6057"}],"version-history":[{"count":1,"href":"https:\/\/elbistanhabermerkezi.com\/index.php\/wp-json\/wp\/v2\/posts\/6057\/revisions"}],"predecessor-version":[{"id":6064,"href":"https:\/\/elbistanhabermerkezi.com\/index.php\/wp-json\/wp\/v2\/posts\/6057\/revisions\/6064"}],"wp:featuredmedia":[{"embeddable":true,"href":"https:\/\/elbistanhabermerkezi.com\/index.php\/wp-json\/wp\/v2\/media\/6060"}],"wp:attachment":[{"href":"https:\/\/elbistanhabermerkezi.com\/index.php\/wp-json\/wp\/v2\/media?parent=6057"}],"wp:term":[{"taxonomy":"category","embeddable":true,"href":"https:\/\/elbistanhabermerkezi.com\/index.php\/wp-json\/wp\/v2\/categories?post=6057"},{"taxonomy":"post_tag","embeddable":true,"href":"https:\/\/elbistanhabermerkezi.com\/index.php\/wp-json\/wp\/v2\/tags?post=6057"}],"curies":[{"name":"wp","href":"https:\/\/api.w.org\/{rel}","templated":true}]}}