{"id":4850,"date":"2022-08-27T06:00:26","date_gmt":"2022-08-27T06:00:26","guid":{"rendered":"https:\/\/elbistanhabermerkezi.com\/?p=4850"},"modified":"2022-08-29T06:27:36","modified_gmt":"2022-08-29T06:27:36","slug":"elbistanda-haftasonu-nobetci-eczaneler-22","status":"publish","type":"post","link":"https:\/\/elbistanhabermerkezi.com\/index.php\/2022\/08\/27\/elbistanda-haftasonu-nobetci-eczaneler-22\/","title":{"rendered":"Elbistan&#8217;da Haftasonu N\u00f6bet\u00e7i Eczaneler."},"content":{"rendered":"<p><strong>27 A\u011eUSTOS 2022 CUMARTES\u0130<\/strong><\/p>\n<p><img loading=\"lazy\" decoding=\"async\" class=\"alignnone size-full wp-image-1840\" src=\"https:\/\/elbistanhabermerkezi.com\/wp-content\/uploads\/2022\/03\/ERDEN-1.jpg\" alt=\"\" width=\"600\" height=\"375\" srcset=\"https:\/\/elbistanhabermerkezi.com\/wp-content\/uploads\/2022\/03\/ERDEN-1.jpg 600w, https:\/\/elbistanhabermerkezi.com\/wp-content\/uploads\/2022\/03\/ERDEN-1-168x105.jpg 168w, https:\/\/elbistanhabermerkezi.com\/wp-content\/uploads\/2022\/03\/ERDEN-1-248x155.jpg 248w, https:\/\/elbistanhabermerkezi.com\/wp-content\/uploads\/2022\/03\/ERDEN-1-354x221.jpg 354w\" sizes=\"auto, (max-width: 600px) 100vw, 600px\" \/><img loading=\"lazy\" decoding=\"async\" class=\"alignnone size-full wp-image-1497\" src=\"https:\/\/elbistanhabermerkezi.com\/wp-content\/uploads\/2022\/03\/MUTLU.jpg\" alt=\"\" width=\"600\" height=\"375\" srcset=\"https:\/\/elbistanhabermerkezi.com\/wp-content\/uploads\/2022\/03\/MUTLU.jpg 600w, https:\/\/elbistanhabermerkezi.com\/wp-content\/uploads\/2022\/03\/MUTLU-168x105.jpg 168w, https:\/\/elbistanhabermerkezi.com\/wp-content\/uploads\/2022\/03\/MUTLU-248x155.jpg 248w, https:\/\/elbistanhabermerkezi.com\/wp-content\/uploads\/2022\/03\/MUTLU-354x221.jpg 354w\" sizes=\"auto, (max-width: 600px) 100vw, 600px\" \/><\/p>\n<p><strong>28 A\u011eUSTOS 2022 PAZAR<\/strong><\/p>\n<p><img loading=\"lazy\" decoding=\"async\" class=\"alignnone size-full wp-image-2075\" src=\"https:\/\/elbistanhabermerkezi.com\/wp-content\/uploads\/2022\/04\/GUVENAY.jpg\" alt=\"\" width=\"600\" height=\"375\" srcset=\"https:\/\/elbistanhabermerkezi.com\/wp-content\/uploads\/2022\/04\/GUVENAY.jpg 600w, https:\/\/elbistanhabermerkezi.com\/wp-content\/uploads\/2022\/04\/GUVENAY-168x105.jpg 168w, https:\/\/elbistanhabermerkezi.com\/wp-content\/uploads\/2022\/04\/GUVENAY-248x155.jpg 248w, https:\/\/elbistanhabermerkezi.com\/wp-content\/uploads\/2022\/04\/GUVENAY-354x221.jpg 354w\" sizes=\"auto, (max-width: 600px) 100vw, 600px\" \/><img loading=\"lazy\" decoding=\"async\" class=\"alignnone size-full wp-image-1888\" src=\"https:\/\/elbistanhabermerkezi.com\/wp-content\/uploads\/2022\/03\/UMUT.jpg\" alt=\"\" width=\"600\" height=\"375\" srcset=\"https:\/\/elbistanhabermerkezi.com\/wp-content\/uploads\/2022\/03\/UMUT.jpg 600w, https:\/\/elbistanhabermerkezi.com\/wp-content\/uploads\/2022\/03\/UMUT-168x105.jpg 168w, https:\/\/elbistanhabermerkezi.com\/wp-content\/uploads\/2022\/03\/UMUT-248x155.jpg 248w, https:\/\/elbistanhabermerkezi.com\/wp-content\/uploads\/2022\/03\/UMUT-354x221.jpg 354w\" sizes=\"auto, (max-width: 600px) 100vw, 600px\" \/><\/p>\n","protected":false},"excerpt":{"rendered":"<p>27 A\u011eUSTOS 2022 CUMARTES\u0130 28 A\u011eUSTOS 2022 PAZAR<\/p>\n","protected":false},"author":1,"featured_media":1157,"comment_status":"open","ping_status":"open","sticky":false,"template":"","format":"standard","meta":{"_jetpack_memberships_contains_paid_content":false,"footnotes":""},"categories":[2,8,11],"tags":[],"class_list":["post-4850","post","type-post","status-publish","format-standard","has-post-thumbnail","hentry","category-3-sayfa","category-gundem","category-saglik"],"jetpack_featured_media_url":"https:\/\/elbistanhabermerkezi.com\/wp-content\/uploads\/2022\/03\/NORMAL-MANSET.jpg","jetpack_sharing_enabled":true,"_links":{"self":[{"href":"https:\/\/elbistanhabermerkezi.com\/index.php\/wp-json\/wp\/v2\/posts\/4850","targetHints":{"allow":["GET"]}}],"collection":[{"href":"https:\/\/elbistanhabermerkezi.com\/index.php\/wp-json\/wp\/v2\/posts"}],"about":[{"href":"https:\/\/elbistanhabermerkezi.com\/index.php\/wp-json\/wp\/v2\/types\/post"}],"author":[{"embeddable":true,"href":"https:\/\/elbistanhabermerkezi.com\/index.php\/wp-json\/wp\/v2\/users\/1"}],"replies":[{"embeddable":true,"href":"https:\/\/elbistanhabermerkezi.com\/index.php\/wp-json\/wp\/v2\/comments?post=4850"}],"version-history":[{"count":1,"href":"https:\/\/elbistanhabermerkezi.com\/index.php\/wp-json\/wp\/v2\/posts\/4850\/revisions"}],"predecessor-version":[{"id":4851,"href":"https:\/\/elbistanhabermerkezi.com\/index.php\/wp-json\/wp\/v2\/posts\/4850\/revisions\/4851"}],"wp:featuredmedia":[{"embeddable":true,"href":"https:\/\/elbistanhabermerkezi.com\/index.php\/wp-json\/wp\/v2\/media\/1157"}],"wp:attachment":[{"href":"https:\/\/elbistanhabermerkezi.com\/index.php\/wp-json\/wp\/v2\/media?parent=4850"}],"wp:term":[{"taxonomy":"category","embeddable":true,"href":"https:\/\/elbistanhabermerkezi.com\/index.php\/wp-json\/wp\/v2\/categories?post=4850"},{"taxonomy":"post_tag","embeddable":true,"href":"https:\/\/elbistanhabermerkezi.com\/index.php\/wp-json\/wp\/v2\/tags?post=4850"}],"curies":[{"name":"wp","href":"https:\/\/api.w.org\/{rel}","templated":true}]}}