{"id":4842,"date":"2022-08-25T14:57:35","date_gmt":"2022-08-25T14:57:35","guid":{"rendered":"https:\/\/elbistanhabermerkezi.com\/?p=4842"},"modified":"2024-04-28T08:38:08","modified_gmt":"2024-04-28T08:38:08","slug":"gripin-kahramanmarasta-sahne-alacak","status":"publish","type":"post","link":"https:\/\/elbistanhabermerkezi.com\/index.php\/2022\/08\/25\/gripin-kahramanmarasta-sahne-alacak\/","title":{"rendered":"Gripin, Kahramanmara\u015f\u2019ta Sahne Alacak."},"content":{"rendered":"<p style=\"text-align: justify;\"><img loading=\"lazy\" decoding=\"async\" class=\"alignnone size-full wp-image-826\" src=\"https:\/\/elbistanhabermerkezi.com\/wp-content\/uploads\/2022\/02\/ahalil.jpg\" alt=\"\" width=\"300\" height=\"194\" srcset=\"https:\/\/elbistanhabermerkezi.com\/wp-content\/uploads\/2022\/02\/ahalil.jpg 300w, https:\/\/elbistanhabermerkezi.com\/wp-content\/uploads\/2022\/02\/ahalil-162x105.jpg 162w, https:\/\/elbistanhabermerkezi.com\/wp-content\/uploads\/2022\/02\/ahalil-240x155.jpg 240w\" sizes=\"auto, (max-width: 300px) 100vw, 300px\" \/><img loading=\"lazy\" decoding=\"async\" class=\"alignnone size-full wp-image-4827\" src=\"https:\/\/elbistanhabermerkezi.com\/wp-content\/uploads\/2022\/08\/SUVARI-2.jpeg\" alt=\"\" width=\"1000\" height=\"500\" srcset=\"https:\/\/elbistanhabermerkezi.com\/wp-content\/uploads\/2022\/08\/SUVARI-2.jpeg 1000w, https:\/\/elbistanhabermerkezi.com\/wp-content\/uploads\/2022\/08\/SUVARI-2-600x300.jpeg 600w, https:\/\/elbistanhabermerkezi.com\/wp-content\/uploads\/2022\/08\/SUVARI-2-768x384.jpeg 768w, https:\/\/elbistanhabermerkezi.com\/wp-content\/uploads\/2022\/08\/SUVARI-2-171x86.jpeg 171w, https:\/\/elbistanhabermerkezi.com\/wp-content\/uploads\/2022\/08\/SUVARI-2-278x139.jpeg 278w, https:\/\/elbistanhabermerkezi.com\/wp-content\/uploads\/2022\/08\/SUVARI-2-376x188.jpeg 376w, https:\/\/elbistanhabermerkezi.com\/wp-content\/uploads\/2022\/08\/SUVARI-2-796x398.jpeg 796w\" sizes=\"auto, (max-width: 1000px) 100vw, 1000px\" \/><\/p>\n<p style=\"text-align: justify;\"><strong>B\u00fcy\u00fck\u015fehir Belediyesi Yaz Konserleri\u2019nde sahne alacak \u00fcnl\u00fc rock grubu Gripin, 27 A\u011fustos Cumartesi g\u00fcn\u00fc unutulmaz \u015fark\u0131lar\u0131n\u0131 Kahramanmara\u015fl\u0131lar i\u00e7in seslendirecek.<\/strong><\/p>\n<p style=\"text-align: justify;\">Kahramanmara\u015f B\u00fcy\u00fck\u015fehir Belediyesi taraf\u0131ndan d\u00fczenlenen Yaz Konserleri\u2019nde birbirinden \u00fcnl\u00fc isimler m\u00fczikseverlerle bulu\u015fuyor. Bu kapsamda 27 A\u011fustos Cumartesi g\u00fcn\u00fc \u00fcnl\u00fc rock grubu <a href=\"https:\/\/mp3indirdur.life\/sarkici\/Gripin\">Gripin \u015fark\u0131lar\u0131<\/a>, Kahramanmara\u015fl\u0131larla bir araya gelecek. Milli \u0130rade Meydan\u0131\u2019nda ger\u00e7ekle\u015ftirilecek konser, saat 20.30\u2019da ba\u015flayacak. B\u00fcy\u00fck\u015fehir Belediyesi\u2019nden yap\u0131lan a\u00e7\u0131klamada, \u00fccretsiz olarak ger\u00e7ekle\u015ftirilecek konsere t\u00fcm m\u00fczik tutkunlar\u0131n\u0131n davetli oldu\u011fu belirtildi.<\/p>\n<p style=\"text-align: justify;\"><img loading=\"lazy\" decoding=\"async\" class=\"alignnone size-full wp-image-4843\" src=\"https:\/\/elbistanhabermerkezi.com\/wp-content\/uploads\/2022\/08\/Gripin.jpg\" alt=\"\" width=\"600\" height=\"338\" srcset=\"https:\/\/elbistanhabermerkezi.com\/wp-content\/uploads\/2022\/08\/Gripin.jpg 600w, https:\/\/elbistanhabermerkezi.com\/wp-content\/uploads\/2022\/08\/Gripin-171x96.jpg 171w, https:\/\/elbistanhabermerkezi.com\/wp-content\/uploads\/2022\/08\/Gripin-275x155.jpg 275w, https:\/\/elbistanhabermerkezi.com\/wp-content\/uploads\/2022\/08\/Gripin-376x212.jpg 376w\" sizes=\"auto, (max-width: 600px) 100vw, 600px\" \/><\/p>\n<p>kaynak: <a href=\"https:\/\/mp3indirdur.life\/kategori\/turkce-sarkilar\">https:\/\/mp3indirdur.life\/kategori\/turkce-sarkilar<\/a><\/p>\n","protected":false},"excerpt":{"rendered":"<p>B\u00fcy\u00fck\u015fehir Belediyesi Yaz Konserleri\u2019nde sahne alacak \u00fcnl\u00fc rock grubu Gripin, 27 A\u011fustos Cumartesi g\u00fcn\u00fc unutulmaz \u015fark\u0131lar\u0131n\u0131 Kahramanmara\u015fl\u0131lar i\u00e7in seslendirecek. Kahramanmara\u015f B\u00fcy\u00fck\u015fehir Belediyesi taraf\u0131ndan d\u00fczenlenen Yaz Konserleri\u2019nde birbirinden \u00fcnl\u00fc isimler m\u00fczikseverlerle bulu\u015fuyor. Bu kapsamda 27 A\u011fustos Cumartesi g\u00fcn\u00fc \u00fcnl\u00fc rock grubu Gripin \u015fark\u0131lar\u0131, Kahramanmara\u015fl\u0131larla bir araya gelecek. Milli \u0130rade Meydan\u0131\u2019nda ger\u00e7ekle\u015ftirilecek konser, saat 20.30\u2019da ba\u015flayacak. B\u00fcy\u00fck\u015fehir [&hellip;]<\/p>\n","protected":false},"author":1,"featured_media":4846,"comment_status":"open","ping_status":"open","sticky":false,"template":"","format":"standard","meta":{"_jetpack_memberships_contains_paid_content":false,"footnotes":""},"categories":[2,8,9],"tags":[],"class_list":["post-4842","post","type-post","status-publish","format-standard","has-post-thumbnail","hentry","category-3-sayfa","category-gundem","category-magazin"],"jetpack_featured_media_url":"https:\/\/elbistanhabermerkezi.com\/wp-content\/uploads\/2022\/08\/Gripinmjuhyy.jpg","jetpack_sharing_enabled":true,"_links":{"self":[{"href":"https:\/\/elbistanhabermerkezi.com\/index.php\/wp-json\/wp\/v2\/posts\/4842","targetHints":{"allow":["GET"]}}],"collection":[{"href":"https:\/\/elbistanhabermerkezi.com\/index.php\/wp-json\/wp\/v2\/posts"}],"about":[{"href":"https:\/\/elbistanhabermerkezi.com\/index.php\/wp-json\/wp\/v2\/types\/post"}],"author":[{"embeddable":true,"href":"https:\/\/elbistanhabermerkezi.com\/index.php\/wp-json\/wp\/v2\/users\/1"}],"replies":[{"embeddable":true,"href":"https:\/\/elbistanhabermerkezi.com\/index.php\/wp-json\/wp\/v2\/comments?post=4842"}],"version-history":[{"count":3,"href":"https:\/\/elbistanhabermerkezi.com\/index.php\/wp-json\/wp\/v2\/posts\/4842\/revisions"}],"predecessor-version":[{"id":14323,"href":"https:\/\/elbistanhabermerkezi.com\/index.php\/wp-json\/wp\/v2\/posts\/4842\/revisions\/14323"}],"wp:featuredmedia":[{"embeddable":true,"href":"https:\/\/elbistanhabermerkezi.com\/index.php\/wp-json\/wp\/v2\/media\/4846"}],"wp:attachment":[{"href":"https:\/\/elbistanhabermerkezi.com\/index.php\/wp-json\/wp\/v2\/media?parent=4842"}],"wp:term":[{"taxonomy":"category","embeddable":true,"href":"https:\/\/elbistanhabermerkezi.com\/index.php\/wp-json\/wp\/v2\/categories?post=4842"},{"taxonomy":"post_tag","embeddable":true,"href":"https:\/\/elbistanhabermerkezi.com\/index.php\/wp-json\/wp\/v2\/tags?post=4842"}],"curies":[{"name":"wp","href":"https:\/\/api.w.org\/{rel}","templated":true}]}}