{"id":4309,"date":"2022-08-02T07:52:14","date_gmt":"2022-08-02T07:52:14","guid":{"rendered":"https:\/\/elbistanhabermerkezi.com\/?p=4309"},"modified":"2022-08-02T07:52:14","modified_gmt":"2022-08-02T07:52:14","slug":"turk-kizilayi-elbistanda-kan-bagiscilarini-bekliyor","status":"publish","type":"post","link":"https:\/\/elbistanhabermerkezi.com\/index.php\/2022\/08\/02\/turk-kizilayi-elbistanda-kan-bagiscilarini-bekliyor\/","title":{"rendered":"T\u00fcrk K\u0131z\u0131lay\u0131 Elbistan&#8217;da Kan Ba\u011f\u0131\u015f\u00e7\u0131lar\u0131n\u0131 bekliyor."},"content":{"rendered":"<p style=\"text-align: justify;\"><strong><img loading=\"lazy\" decoding=\"async\" class=\"alignnone size-full wp-image-3972\" src=\"https:\/\/elbistanhabermerkezi.com\/wp-content\/uploads\/2022\/07\/damat.jpg\" alt=\"\" width=\"750\" height=\"375\" srcset=\"https:\/\/elbistanhabermerkezi.com\/wp-content\/uploads\/2022\/07\/damat.jpg 750w, https:\/\/elbistanhabermerkezi.com\/wp-content\/uploads\/2022\/07\/damat-600x300.jpg 600w, https:\/\/elbistanhabermerkezi.com\/wp-content\/uploads\/2022\/07\/damat-171x86.jpg 171w, https:\/\/elbistanhabermerkezi.com\/wp-content\/uploads\/2022\/07\/damat-278x139.jpg 278w, https:\/\/elbistanhabermerkezi.com\/wp-content\/uploads\/2022\/07\/damat-376x188.jpg 376w\" sizes=\"auto, (max-width: 750px) 100vw, 750px\" \/><\/strong><\/p>\n<p><img loading=\"lazy\" decoding=\"async\" class=\"alignnone size-full wp-image-4311\" src=\"https:\/\/elbistanhabermerkezi.com\/wp-content\/uploads\/2022\/08\/beyaz-renkuo.jpg\" alt=\"\" width=\"781\" height=\"450\" srcset=\"https:\/\/elbistanhabermerkezi.com\/wp-content\/uploads\/2022\/08\/beyaz-renkuo.jpg 781w, https:\/\/elbistanhabermerkezi.com\/wp-content\/uploads\/2022\/08\/beyaz-renkuo-600x346.jpg 600w, https:\/\/elbistanhabermerkezi.com\/wp-content\/uploads\/2022\/08\/beyaz-renkuo-768x443.jpg 768w, https:\/\/elbistanhabermerkezi.com\/wp-content\/uploads\/2022\/08\/beyaz-renkuo-171x99.jpg 171w, https:\/\/elbistanhabermerkezi.com\/wp-content\/uploads\/2022\/08\/beyaz-renkuo-269x155.jpg 269w, https:\/\/elbistanhabermerkezi.com\/wp-content\/uploads\/2022\/08\/beyaz-renkuo-376x217.jpg 376w, https:\/\/elbistanhabermerkezi.com\/wp-content\/uploads\/2022\/08\/beyaz-renkuo-778x448.jpg 778w\" sizes=\"auto, (max-width: 781px) 100vw, 781px\" \/><\/p>\n<p style=\"text-align: justify;\"><strong>T\u00fcrk K\u0131z\u0131lay\u0131 Kahramanmara\u015f \u015eubesi Kan Ba\u011f\u0131\u015f\u0131 ekipleri d\u00fcn itibariyle Elbistan&#8217;a geldi.<\/strong><\/p>\n<p style=\"text-align: justify;\"><strong>Malatya Caddesi Akbank kar\u015f\u0131s\u0131na konu\u015flanan T\u00fcrk K\u0131z\u0131lay\u0131 Kahramanmara\u015f \u015eubesi Kan Ba\u011f\u0131\u015f\u0131 T\u0131r\u0131 8 g\u00fcn boyunca \u0130l\u00e7emiz Elbistan&#8217;da Kan ba\u011f\u0131\u015flar\u0131n\u0131 kabul edecek.<\/strong><\/p>\n<p style=\"text-align: justify;\"><strong>1 Kan 3 Can slogan\u0131yla \u00dclkemizin d\u00f6rt bir yan\u0131nda Kan ba\u011f\u0131\u015flar\u0131 alan T\u00fcrk K\u0131z\u0131lay\u0131 Elbistan&#8217;da da Kan ba\u011f\u0131\u015f\u00e7\u0131lar\u0131n\u0131 bekliyor.<\/strong><\/p>\n<p style=\"text-align: justify;\">\n","protected":false},"excerpt":{"rendered":"<p>T\u00fcrk K\u0131z\u0131lay\u0131 Kahramanmara\u015f \u015eubesi Kan Ba\u011f\u0131\u015f\u0131 ekipleri d\u00fcn itibariyle Elbistan&#8217;a geldi. Malatya Caddesi Akbank kar\u015f\u0131s\u0131na konu\u015flanan T\u00fcrk K\u0131z\u0131lay\u0131 Kahramanmara\u015f \u015eubesi Kan Ba\u011f\u0131\u015f\u0131 T\u0131r\u0131 8 g\u00fcn boyunca \u0130l\u00e7emiz Elbistan&#8217;da Kan ba\u011f\u0131\u015flar\u0131n\u0131 kabul edecek. 1 Kan 3 Can slogan\u0131yla \u00dclkemizin d\u00f6rt bir yan\u0131nda Kan ba\u011f\u0131\u015flar\u0131 alan T\u00fcrk K\u0131z\u0131lay\u0131 Elbistan&#8217;da da Kan ba\u011f\u0131\u015f\u00e7\u0131lar\u0131n\u0131 bekliyor.<\/p>\n","protected":false},"author":1,"featured_media":4311,"comment_status":"open","ping_status":"open","sticky":false,"template":"","format":"standard","meta":{"_jetpack_memberships_contains_paid_content":false,"footnotes":""},"categories":[2,8,11],"tags":[],"class_list":["post-4309","post","type-post","status-publish","format-standard","has-post-thumbnail","hentry","category-3-sayfa","category-gundem","category-saglik"],"jetpack_featured_media_url":"https:\/\/elbistanhabermerkezi.com\/wp-content\/uploads\/2022\/08\/beyaz-renkuo.jpg","jetpack_sharing_enabled":true,"_links":{"self":[{"href":"https:\/\/elbistanhabermerkezi.com\/index.php\/wp-json\/wp\/v2\/posts\/4309","targetHints":{"allow":["GET"]}}],"collection":[{"href":"https:\/\/elbistanhabermerkezi.com\/index.php\/wp-json\/wp\/v2\/posts"}],"about":[{"href":"https:\/\/elbistanhabermerkezi.com\/index.php\/wp-json\/wp\/v2\/types\/post"}],"author":[{"embeddable":true,"href":"https:\/\/elbistanhabermerkezi.com\/index.php\/wp-json\/wp\/v2\/users\/1"}],"replies":[{"embeddable":true,"href":"https:\/\/elbistanhabermerkezi.com\/index.php\/wp-json\/wp\/v2\/comments?post=4309"}],"version-history":[{"count":2,"href":"https:\/\/elbistanhabermerkezi.com\/index.php\/wp-json\/wp\/v2\/posts\/4309\/revisions"}],"predecessor-version":[{"id":4314,"href":"https:\/\/elbistanhabermerkezi.com\/index.php\/wp-json\/wp\/v2\/posts\/4309\/revisions\/4314"}],"wp:featuredmedia":[{"embeddable":true,"href":"https:\/\/elbistanhabermerkezi.com\/index.php\/wp-json\/wp\/v2\/media\/4311"}],"wp:attachment":[{"href":"https:\/\/elbistanhabermerkezi.com\/index.php\/wp-json\/wp\/v2\/media?parent=4309"}],"wp:term":[{"taxonomy":"category","embeddable":true,"href":"https:\/\/elbistanhabermerkezi.com\/index.php\/wp-json\/wp\/v2\/categories?post=4309"},{"taxonomy":"post_tag","embeddable":true,"href":"https:\/\/elbistanhabermerkezi.com\/index.php\/wp-json\/wp\/v2\/tags?post=4309"}],"curies":[{"name":"wp","href":"https:\/\/api.w.org\/{rel}","templated":true}]}}