{"id":4264,"date":"2022-08-01T14:28:48","date_gmt":"2022-08-01T14:28:48","guid":{"rendered":"https:\/\/elbistanhabermerkezi.com\/?p=4264"},"modified":"2022-08-01T14:28:48","modified_gmt":"2022-08-01T14:28:48","slug":"elbistan-asik-mahzun-i-serif-festivali-sona-erdi","status":"publish","type":"post","link":"https:\/\/elbistanhabermerkezi.com\/index.php\/2022\/08\/01\/elbistan-asik-mahzun-i-serif-festivali-sona-erdi\/","title":{"rendered":"Elbistan A\u015f\u0131k Mahzun-i \u015eerif Festivali sona erdi."},"content":{"rendered":"<p style=\"text-align: justify;\"><strong><img loading=\"lazy\" decoding=\"async\" class=\"alignnone size-full wp-image-826\" src=\"https:\/\/elbistanhabermerkezi.com\/wp-content\/uploads\/2022\/02\/ahalil.jpg\" alt=\"\" width=\"300\" height=\"194\" srcset=\"https:\/\/elbistanhabermerkezi.com\/wp-content\/uploads\/2022\/02\/ahalil.jpg 300w, https:\/\/elbistanhabermerkezi.com\/wp-content\/uploads\/2022\/02\/ahalil-162x105.jpg 162w, https:\/\/elbistanhabermerkezi.com\/wp-content\/uploads\/2022\/02\/ahalil-240x155.jpg 240w\" sizes=\"auto, (max-width: 300px) 100vw, 300px\" \/><img loading=\"lazy\" decoding=\"async\" class=\"alignnone size-full wp-image-3972\" src=\"https:\/\/elbistanhabermerkezi.com\/wp-content\/uploads\/2022\/07\/damat.jpg\" alt=\"\" width=\"750\" height=\"375\" srcset=\"https:\/\/elbistanhabermerkezi.com\/wp-content\/uploads\/2022\/07\/damat.jpg 750w, https:\/\/elbistanhabermerkezi.com\/wp-content\/uploads\/2022\/07\/damat-600x300.jpg 600w, https:\/\/elbistanhabermerkezi.com\/wp-content\/uploads\/2022\/07\/damat-171x86.jpg 171w, https:\/\/elbistanhabermerkezi.com\/wp-content\/uploads\/2022\/07\/damat-278x139.jpg 278w, https:\/\/elbistanhabermerkezi.com\/wp-content\/uploads\/2022\/07\/damat-376x188.jpg 376w\" sizes=\"auto, (max-width: 750px) 100vw, 750px\" \/><\/strong><\/p>\n<p style=\"text-align: justify;\"><strong>Elbistan Belediyesi taraf\u0131ndan Organize edilen A\u015f\u0131k Mahzun-i \u015eerif Festivali d\u00fcn gece ger\u00e7ekle\u015ftirilen Final program\u0131 ile son buldu.<\/strong><\/p>\n<p style=\"text-align: justify;\"><strong>25 Temmuz&#8217;da Haluk Levent Konseri ile ba\u015flayan etkinliklerde Derya Ulu\u011f,Velet,Buray,Koray Avc\u0131,Ali K\u0131n\u0131k,Demet Akal\u0131n\u00a0 sahne ald\u0131. Yavuz Bing\u00f6l&#8217;\u00fcn sahneye \u00e7\u0131kt\u0131\u011f\u0131 d\u00fcn gece ki etkinlikte araba \u00e7ekili\u015fi ve muhte\u015fem Havai Fi\u015fek g\u00f6sterisi ile Festival sona erdi.<\/strong><\/p>\n<p style=\"text-align: justify;\"><strong>7 g\u00fcn boyunca Elbistan ve \u00e7evresinden gelen vatanda\u015flar unutulmaz anlar ya\u015fad\u0131lar.<\/strong><\/p>\n<p style=\"text-align: justify;\"><strong>G\u00fcnd\u00fcz\u00fc etkinliklerle,gecesi ise \u00fcnl\u00fc isimlerin geldi\u011fi konserlerle ge\u00e7en Festivalde P\u0131narba\u015f\u0131 alan\u0131 adeta panay\u0131ra d\u00f6nd\u00fc. Etkinlik alan\u0131nda onlarca esnaf a\u00e7t\u0131\u011f\u0131 standda sat\u0131\u015flar yaparken,bir \u00e7ok standda da tan\u0131t\u0131mlar ger\u00e7ekle\u015ftirildi.<\/strong><\/p>\n<p style=\"text-align: justify;\"><strong>Festivalin son gecesi sahneye \u00e7\u0131kan Elbistan Belediye Ba\u015fkan\u0131 Mehmet G\u00fcrb\u00fcz, A\u015f\u0131klar diyar\u0131n\u0131n Festivalinin kapan\u0131\u015f\u0131 muhte\u015fem bir Ozan ile yap\u0131lmal\u0131 idi. Yavuz Bing\u00f6l abime bizleri k\u0131rmay\u0131p geldi\u011fi i\u00e7in \u00e7ok te\u015fekk\u00fcr ediyorum. Seneye g\u00f6r\u00fc\u015fmek \u00fczere Festivalimize kat\u0131lan herkese sonsuz te\u015fekk\u00fcrlerimizi sunuyoruz dedi.<\/strong><\/p>\n<p style=\"text-align: justify;\"><strong>Gecede Son model bir de Araba \u00e7ekili\u015fi vard\u0131. \u00c7ekili\u015f i\u00e7in b\u00fcy\u00fck katk\u0131 sunan Elbistanl\u0131 \u0130\u015f Adam\u0131 ayn\u0131 zamanda \u0130stanbul Mara\u015f Yurt Derne\u011fi Ba\u015fkan\u0131 Harun Demir bir konu\u015fma yapt\u0131.<\/strong><\/p>\n<p style=\"text-align: justify;\"><strong>Festivale kat\u0131larak renk katan herkese te\u015fekk\u00fcr ediyorum diyerek s\u00f6zlerine ba\u015flayan \u0130\u015f Adam\u0131 Harun Demir,bu festivali d\u00fczenleyerek \u015fehrimize de\u011fer katan Elbistan Belediye Ba\u015fkan\u0131 Mehmet G\u00fcrb\u00fcz&#8217;e de ayr\u0131ca te\u015fekk\u00fcr ediyorum. Ben alana her geldi\u011fimde insanlar\u0131n hem al\u0131\u015f veri\u015f keyfi ya\u015fad\u0131\u011f\u0131n\u0131,hem tatil yapt\u0131\u011f\u0131n\u0131 hem de m\u00fczik ziyafetinden faydaland\u0131\u011f\u0131n\u0131 g\u00f6rd\u00fcm. Ben desteklerinden dolay\u0131 Belediye Ba\u015fkan\u0131m\u0131z\u0131 kutluyorum dedi.<\/strong><\/p>\n<p style=\"text-align: justify;\"><strong>Yap\u0131lan \u00e7ekili\u015fle araba talihlisine arac\u0131 hediye edilirken gece 7 dakika s\u00fcren Muhte\u015fem Havai Fi\u015fek g\u00f6sterisi ile son buldu.<\/strong><\/p>\n<p><iframe loading=\"lazy\" src=\"\/\/www.youtube.com\/embed\/AIjoqlX5SW8\" width=\"714\" height=\"400\" allowfullscreen=\"allowfullscreen\"><\/iframe><\/p>\n<p><iframe loading=\"lazy\" src=\"\/\/www.youtube.com\/embed\/fWNK3bSGYv4\" width=\"714\" height=\"400\" allowfullscreen=\"allowfullscreen\"><\/iframe><\/p>\n<p><iframe loading=\"lazy\" src=\"\/\/www.youtube.com\/embed\/CRunqV4HKvs\" width=\"714\" height=\"400\" allowfullscreen=\"allowfullscreen\"><\/iframe><\/p>\n<p style=\"text-align: justify;\"><img loading=\"lazy\" decoding=\"async\" class=\"alignnone size-full wp-image-4265\" src=\"https:\/\/elbistanhabermerkezi.com\/wp-content\/uploads\/2022\/08\/20220731_231649.jpg\" alt=\"\" width=\"600\" height=\"338\" srcset=\"https:\/\/elbistanhabermerkezi.com\/wp-content\/uploads\/2022\/08\/20220731_231649.jpg 600w, https:\/\/elbistanhabermerkezi.com\/wp-content\/uploads\/2022\/08\/20220731_231649-171x96.jpg 171w, https:\/\/elbistanhabermerkezi.com\/wp-content\/uploads\/2022\/08\/20220731_231649-275x155.jpg 275w, https:\/\/elbistanhabermerkezi.com\/wp-content\/uploads\/2022\/08\/20220731_231649-376x212.jpg 376w\" sizes=\"auto, (max-width: 600px) 100vw, 600px\" \/> <img loading=\"lazy\" decoding=\"async\" class=\"alignnone size-full wp-image-4266\" src=\"https:\/\/elbistanhabermerkezi.com\/wp-content\/uploads\/2022\/08\/IMG_2015.jpg\" alt=\"\" width=\"600\" height=\"400\" srcset=\"https:\/\/elbistanhabermerkezi.com\/wp-content\/uploads\/2022\/08\/IMG_2015.jpg 600w, https:\/\/elbistanhabermerkezi.com\/wp-content\/uploads\/2022\/08\/IMG_2015-158x105.jpg 158w, https:\/\/elbistanhabermerkezi.com\/wp-content\/uploads\/2022\/08\/IMG_2015-233x155.jpg 233w, https:\/\/elbistanhabermerkezi.com\/wp-content\/uploads\/2022\/08\/IMG_2015-332x221.jpg 332w\" sizes=\"auto, (max-width: 600px) 100vw, 600px\" \/> <img loading=\"lazy\" decoding=\"async\" class=\"alignnone size-full wp-image-4267\" src=\"https:\/\/elbistanhabermerkezi.com\/wp-content\/uploads\/2022\/08\/IMG_2016.jpg\" alt=\"\" width=\"600\" height=\"400\" srcset=\"https:\/\/elbistanhabermerkezi.com\/wp-content\/uploads\/2022\/08\/IMG_2016.jpg 600w, https:\/\/elbistanhabermerkezi.com\/wp-content\/uploads\/2022\/08\/IMG_2016-158x105.jpg 158w, https:\/\/elbistanhabermerkezi.com\/wp-content\/uploads\/2022\/08\/IMG_2016-233x155.jpg 233w, https:\/\/elbistanhabermerkezi.com\/wp-content\/uploads\/2022\/08\/IMG_2016-332x221.jpg 332w\" sizes=\"auto, (max-width: 600px) 100vw, 600px\" \/> <img loading=\"lazy\" decoding=\"async\" class=\"alignnone size-full wp-image-4268\" src=\"https:\/\/elbistanhabermerkezi.com\/wp-content\/uploads\/2022\/08\/IMG_2019.jpg\" alt=\"\" width=\"600\" height=\"400\" srcset=\"https:\/\/elbistanhabermerkezi.com\/wp-content\/uploads\/2022\/08\/IMG_2019.jpg 600w, https:\/\/elbistanhabermerkezi.com\/wp-content\/uploads\/2022\/08\/IMG_2019-158x105.jpg 158w, https:\/\/elbistanhabermerkezi.com\/wp-content\/uploads\/2022\/08\/IMG_2019-233x155.jpg 233w, https:\/\/elbistanhabermerkezi.com\/wp-content\/uploads\/2022\/08\/IMG_2019-332x221.jpg 332w\" sizes=\"auto, (max-width: 600px) 100vw, 600px\" \/> <img loading=\"lazy\" decoding=\"async\" class=\"alignnone size-full wp-image-4269\" src=\"https:\/\/elbistanhabermerkezi.com\/wp-content\/uploads\/2022\/08\/IMG_2032.jpg\" alt=\"\" width=\"600\" height=\"400\" srcset=\"https:\/\/elbistanhabermerkezi.com\/wp-content\/uploads\/2022\/08\/IMG_2032.jpg 600w, https:\/\/elbistanhabermerkezi.com\/wp-content\/uploads\/2022\/08\/IMG_2032-158x105.jpg 158w, https:\/\/elbistanhabermerkezi.com\/wp-content\/uploads\/2022\/08\/IMG_2032-233x155.jpg 233w, https:\/\/elbistanhabermerkezi.com\/wp-content\/uploads\/2022\/08\/IMG_2032-332x221.jpg 332w\" sizes=\"auto, (max-width: 600px) 100vw, 600px\" \/> <img loading=\"lazy\" decoding=\"async\" class=\"alignnone size-full wp-image-4270\" src=\"https:\/\/elbistanhabermerkezi.com\/wp-content\/uploads\/2022\/08\/IMG_2039.jpg\" alt=\"\" width=\"600\" height=\"400\" srcset=\"https:\/\/elbistanhabermerkezi.com\/wp-content\/uploads\/2022\/08\/IMG_2039.jpg 600w, https:\/\/elbistanhabermerkezi.com\/wp-content\/uploads\/2022\/08\/IMG_2039-158x105.jpg 158w, https:\/\/elbistanhabermerkezi.com\/wp-content\/uploads\/2022\/08\/IMG_2039-233x155.jpg 233w, https:\/\/elbistanhabermerkezi.com\/wp-content\/uploads\/2022\/08\/IMG_2039-332x221.jpg 332w\" sizes=\"auto, (max-width: 600px) 100vw, 600px\" \/> <img loading=\"lazy\" decoding=\"async\" class=\"alignnone size-full wp-image-4271\" src=\"https:\/\/elbistanhabermerkezi.com\/wp-content\/uploads\/2022\/08\/IMG_2048.jpg\" alt=\"\" width=\"600\" height=\"400\" srcset=\"https:\/\/elbistanhabermerkezi.com\/wp-content\/uploads\/2022\/08\/IMG_2048.jpg 600w, https:\/\/elbistanhabermerkezi.com\/wp-content\/uploads\/2022\/08\/IMG_2048-158x105.jpg 158w, https:\/\/elbistanhabermerkezi.com\/wp-content\/uploads\/2022\/08\/IMG_2048-233x155.jpg 233w, https:\/\/elbistanhabermerkezi.com\/wp-content\/uploads\/2022\/08\/IMG_2048-332x221.jpg 332w\" sizes=\"auto, (max-width: 600px) 100vw, 600px\" \/> <img loading=\"lazy\" decoding=\"async\" class=\"alignnone size-full wp-image-4272\" src=\"https:\/\/elbistanhabermerkezi.com\/wp-content\/uploads\/2022\/08\/IMG_2068.jpg\" alt=\"\" width=\"600\" height=\"400\" srcset=\"https:\/\/elbistanhabermerkezi.com\/wp-content\/uploads\/2022\/08\/IMG_2068.jpg 600w, https:\/\/elbistanhabermerkezi.com\/wp-content\/uploads\/2022\/08\/IMG_2068-158x105.jpg 158w, https:\/\/elbistanhabermerkezi.com\/wp-content\/uploads\/2022\/08\/IMG_2068-233x155.jpg 233w, https:\/\/elbistanhabermerkezi.com\/wp-content\/uploads\/2022\/08\/IMG_2068-332x221.jpg 332w\" sizes=\"auto, (max-width: 600px) 100vw, 600px\" \/> <img loading=\"lazy\" decoding=\"async\" class=\"alignnone size-full wp-image-4273\" src=\"https:\/\/elbistanhabermerkezi.com\/wp-content\/uploads\/2022\/08\/IMG_2094.jpg\" alt=\"\" width=\"600\" height=\"400\" srcset=\"https:\/\/elbistanhabermerkezi.com\/wp-content\/uploads\/2022\/08\/IMG_2094.jpg 600w, https:\/\/elbistanhabermerkezi.com\/wp-content\/uploads\/2022\/08\/IMG_2094-158x105.jpg 158w, https:\/\/elbistanhabermerkezi.com\/wp-content\/uploads\/2022\/08\/IMG_2094-233x155.jpg 233w, https:\/\/elbistanhabermerkezi.com\/wp-content\/uploads\/2022\/08\/IMG_2094-332x221.jpg 332w\" sizes=\"auto, (max-width: 600px) 100vw, 600px\" \/> <img loading=\"lazy\" decoding=\"async\" class=\"alignnone size-full wp-image-4274\" src=\"https:\/\/elbistanhabermerkezi.com\/wp-content\/uploads\/2022\/08\/IMG_2109.jpg\" alt=\"\" width=\"600\" height=\"400\" srcset=\"https:\/\/elbistanhabermerkezi.com\/wp-content\/uploads\/2022\/08\/IMG_2109.jpg 600w, https:\/\/elbistanhabermerkezi.com\/wp-content\/uploads\/2022\/08\/IMG_2109-158x105.jpg 158w, https:\/\/elbistanhabermerkezi.com\/wp-content\/uploads\/2022\/08\/IMG_2109-233x155.jpg 233w, https:\/\/elbistanhabermerkezi.com\/wp-content\/uploads\/2022\/08\/IMG_2109-332x221.jpg 332w\" sizes=\"auto, (max-width: 600px) 100vw, 600px\" \/> <img loading=\"lazy\" decoding=\"async\" class=\"alignnone size-full wp-image-4275\" src=\"https:\/\/elbistanhabermerkezi.com\/wp-content\/uploads\/2022\/08\/IMG_2121.jpg\" alt=\"\" width=\"600\" height=\"400\" srcset=\"https:\/\/elbistanhabermerkezi.com\/wp-content\/uploads\/2022\/08\/IMG_2121.jpg 600w, https:\/\/elbistanhabermerkezi.com\/wp-content\/uploads\/2022\/08\/IMG_2121-158x105.jpg 158w, https:\/\/elbistanhabermerkezi.com\/wp-content\/uploads\/2022\/08\/IMG_2121-233x155.jpg 233w, https:\/\/elbistanhabermerkezi.com\/wp-content\/uploads\/2022\/08\/IMG_2121-332x221.jpg 332w\" sizes=\"auto, (max-width: 600px) 100vw, 600px\" \/> <img loading=\"lazy\" decoding=\"async\" class=\"alignnone size-full wp-image-4276\" src=\"https:\/\/elbistanhabermerkezi.com\/wp-content\/uploads\/2022\/08\/IMG_2141.jpg\" alt=\"\" width=\"600\" height=\"400\" srcset=\"https:\/\/elbistanhabermerkezi.com\/wp-content\/uploads\/2022\/08\/IMG_2141.jpg 600w, https:\/\/elbistanhabermerkezi.com\/wp-content\/uploads\/2022\/08\/IMG_2141-158x105.jpg 158w, https:\/\/elbistanhabermerkezi.com\/wp-content\/uploads\/2022\/08\/IMG_2141-233x155.jpg 233w, https:\/\/elbistanhabermerkezi.com\/wp-content\/uploads\/2022\/08\/IMG_2141-332x221.jpg 332w\" sizes=\"auto, (max-width: 600px) 100vw, 600px\" \/> <img loading=\"lazy\" decoding=\"async\" class=\"alignnone size-full wp-image-4277\" src=\"https:\/\/elbistanhabermerkezi.com\/wp-content\/uploads\/2022\/08\/IMG_2147.jpg\" alt=\"\" width=\"600\" height=\"400\" srcset=\"https:\/\/elbistanhabermerkezi.com\/wp-content\/uploads\/2022\/08\/IMG_2147.jpg 600w, https:\/\/elbistanhabermerkezi.com\/wp-content\/uploads\/2022\/08\/IMG_2147-158x105.jpg 158w, https:\/\/elbistanhabermerkezi.com\/wp-content\/uploads\/2022\/08\/IMG_2147-233x155.jpg 233w, https:\/\/elbistanhabermerkezi.com\/wp-content\/uploads\/2022\/08\/IMG_2147-332x221.jpg 332w\" sizes=\"auto, (max-width: 600px) 100vw, 600px\" \/> <img loading=\"lazy\" decoding=\"async\" class=\"alignnone size-full wp-image-4278\" src=\"https:\/\/elbistanhabermerkezi.com\/wp-content\/uploads\/2022\/08\/IMG_2164.jpg\" alt=\"\" width=\"600\" height=\"400\" srcset=\"https:\/\/elbistanhabermerkezi.com\/wp-content\/uploads\/2022\/08\/IMG_2164.jpg 600w, https:\/\/elbistanhabermerkezi.com\/wp-content\/uploads\/2022\/08\/IMG_2164-158x105.jpg 158w, https:\/\/elbistanhabermerkezi.com\/wp-content\/uploads\/2022\/08\/IMG_2164-233x155.jpg 233w, https:\/\/elbistanhabermerkezi.com\/wp-content\/uploads\/2022\/08\/IMG_2164-332x221.jpg 332w\" sizes=\"auto, (max-width: 600px) 100vw, 600px\" \/> <img loading=\"lazy\" decoding=\"async\" class=\"alignnone size-full wp-image-4279\" src=\"https:\/\/elbistanhabermerkezi.com\/wp-content\/uploads\/2022\/08\/IMG_2172.jpg\" alt=\"\" width=\"600\" height=\"400\" srcset=\"https:\/\/elbistanhabermerkezi.com\/wp-content\/uploads\/2022\/08\/IMG_2172.jpg 600w, https:\/\/elbistanhabermerkezi.com\/wp-content\/uploads\/2022\/08\/IMG_2172-158x105.jpg 158w, https:\/\/elbistanhabermerkezi.com\/wp-content\/uploads\/2022\/08\/IMG_2172-233x155.jpg 233w, https:\/\/elbistanhabermerkezi.com\/wp-content\/uploads\/2022\/08\/IMG_2172-332x221.jpg 332w\" sizes=\"auto, (max-width: 600px) 100vw, 600px\" \/> <img loading=\"lazy\" decoding=\"async\" class=\"alignnone size-full wp-image-4280\" src=\"https:\/\/elbistanhabermerkezi.com\/wp-content\/uploads\/2022\/08\/IMG_2177.jpg\" alt=\"\" width=\"600\" height=\"400\" srcset=\"https:\/\/elbistanhabermerkezi.com\/wp-content\/uploads\/2022\/08\/IMG_2177.jpg 600w, https:\/\/elbistanhabermerkezi.com\/wp-content\/uploads\/2022\/08\/IMG_2177-158x105.jpg 158w, https:\/\/elbistanhabermerkezi.com\/wp-content\/uploads\/2022\/08\/IMG_2177-233x155.jpg 233w, https:\/\/elbistanhabermerkezi.com\/wp-content\/uploads\/2022\/08\/IMG_2177-332x221.jpg 332w\" sizes=\"auto, (max-width: 600px) 100vw, 600px\" \/> <img loading=\"lazy\" decoding=\"async\" class=\"alignnone size-full wp-image-4285\" src=\"https:\/\/elbistanhabermerkezi.com\/wp-content\/uploads\/2022\/08\/IMG_2201.jpg\" alt=\"\" width=\"600\" height=\"400\" srcset=\"https:\/\/elbistanhabermerkezi.com\/wp-content\/uploads\/2022\/08\/IMG_2201.jpg 600w, https:\/\/elbistanhabermerkezi.com\/wp-content\/uploads\/2022\/08\/IMG_2201-158x105.jpg 158w, https:\/\/elbistanhabermerkezi.com\/wp-content\/uploads\/2022\/08\/IMG_2201-233x155.jpg 233w, https:\/\/elbistanhabermerkezi.com\/wp-content\/uploads\/2022\/08\/IMG_2201-332x221.jpg 332w\" sizes=\"auto, (max-width: 600px) 100vw, 600px\" \/> <img loading=\"lazy\" decoding=\"async\" class=\"alignnone size-full wp-image-4286\" src=\"https:\/\/elbistanhabermerkezi.com\/wp-content\/uploads\/2022\/08\/IMG_2207.jpg\" alt=\"\" width=\"600\" height=\"400\" srcset=\"https:\/\/elbistanhabermerkezi.com\/wp-content\/uploads\/2022\/08\/IMG_2207.jpg 600w, https:\/\/elbistanhabermerkezi.com\/wp-content\/uploads\/2022\/08\/IMG_2207-158x105.jpg 158w, https:\/\/elbistanhabermerkezi.com\/wp-content\/uploads\/2022\/08\/IMG_2207-233x155.jpg 233w, https:\/\/elbistanhabermerkezi.com\/wp-content\/uploads\/2022\/08\/IMG_2207-332x221.jpg 332w\" sizes=\"auto, (max-width: 600px) 100vw, 600px\" \/> <img loading=\"lazy\" decoding=\"async\" class=\"alignnone size-full wp-image-4287\" src=\"https:\/\/elbistanhabermerkezi.com\/wp-content\/uploads\/2022\/08\/IMG_2220.jpg\" alt=\"\" width=\"600\" height=\"400\" srcset=\"https:\/\/elbistanhabermerkezi.com\/wp-content\/uploads\/2022\/08\/IMG_2220.jpg 600w, https:\/\/elbistanhabermerkezi.com\/wp-content\/uploads\/2022\/08\/IMG_2220-158x105.jpg 158w, https:\/\/elbistanhabermerkezi.com\/wp-content\/uploads\/2022\/08\/IMG_2220-233x155.jpg 233w, https:\/\/elbistanhabermerkezi.com\/wp-content\/uploads\/2022\/08\/IMG_2220-332x221.jpg 332w\" sizes=\"auto, (max-width: 600px) 100vw, 600px\" \/> <img loading=\"lazy\" decoding=\"async\" class=\"alignnone size-full wp-image-4288\" src=\"https:\/\/elbistanhabermerkezi.com\/wp-content\/uploads\/2022\/08\/IMG_2225.jpg\" alt=\"\" width=\"600\" height=\"400\" srcset=\"https:\/\/elbistanhabermerkezi.com\/wp-content\/uploads\/2022\/08\/IMG_2225.jpg 600w, https:\/\/elbistanhabermerkezi.com\/wp-content\/uploads\/2022\/08\/IMG_2225-158x105.jpg 158w, https:\/\/elbistanhabermerkezi.com\/wp-content\/uploads\/2022\/08\/IMG_2225-233x155.jpg 233w, https:\/\/elbistanhabermerkezi.com\/wp-content\/uploads\/2022\/08\/IMG_2225-332x221.jpg 332w\" sizes=\"auto, (max-width: 600px) 100vw, 600px\" \/> <img loading=\"lazy\" decoding=\"async\" class=\"alignnone size-full wp-image-4289\" src=\"https:\/\/elbistanhabermerkezi.com\/wp-content\/uploads\/2022\/08\/IMG_2227.jpg\" alt=\"\" width=\"600\" height=\"400\" srcset=\"https:\/\/elbistanhabermerkezi.com\/wp-content\/uploads\/2022\/08\/IMG_2227.jpg 600w, https:\/\/elbistanhabermerkezi.com\/wp-content\/uploads\/2022\/08\/IMG_2227-158x105.jpg 158w, https:\/\/elbistanhabermerkezi.com\/wp-content\/uploads\/2022\/08\/IMG_2227-233x155.jpg 233w, https:\/\/elbistanhabermerkezi.com\/wp-content\/uploads\/2022\/08\/IMG_2227-332x221.jpg 332w\" sizes=\"auto, (max-width: 600px) 100vw, 600px\" \/> <img loading=\"lazy\" decoding=\"async\" class=\"alignnone size-full wp-image-4281\" src=\"https:\/\/elbistanhabermerkezi.com\/wp-content\/uploads\/2022\/08\/IMG_2191.jpg\" alt=\"\" width=\"600\" height=\"400\" srcset=\"https:\/\/elbistanhabermerkezi.com\/wp-content\/uploads\/2022\/08\/IMG_2191.jpg 600w, https:\/\/elbistanhabermerkezi.com\/wp-content\/uploads\/2022\/08\/IMG_2191-158x105.jpg 158w, https:\/\/elbistanhabermerkezi.com\/wp-content\/uploads\/2022\/08\/IMG_2191-233x155.jpg 233w, https:\/\/elbistanhabermerkezi.com\/wp-content\/uploads\/2022\/08\/IMG_2191-332x221.jpg 332w\" sizes=\"auto, (max-width: 600px) 100vw, 600px\" \/><\/p>\n","protected":false},"excerpt":{"rendered":"<p>Elbistan Belediyesi taraf\u0131ndan Organize edilen A\u015f\u0131k Mahzun-i \u015eerif Festivali d\u00fcn gece ger\u00e7ekle\u015ftirilen Final program\u0131 ile son buldu. 25 Temmuz&#8217;da Haluk Levent Konseri ile ba\u015flayan etkinliklerde Derya Ulu\u011f,Velet,Buray,Koray Avc\u0131,Ali K\u0131n\u0131k,Demet Akal\u0131n\u00a0 sahne ald\u0131. Yavuz Bing\u00f6l&#8217;\u00fcn sahneye \u00e7\u0131kt\u0131\u011f\u0131 d\u00fcn gece ki etkinlikte araba \u00e7ekili\u015fi ve muhte\u015fem Havai Fi\u015fek g\u00f6sterisi ile Festival sona erdi. 7 g\u00fcn boyunca Elbistan [&hellip;]<\/p>\n","protected":false},"author":1,"featured_media":4284,"comment_status":"open","ping_status":"open","sticky":false,"template":"","format":"standard","meta":{"_jetpack_memberships_contains_paid_content":false,"footnotes":""},"categories":[2,8,9,12],"tags":[],"class_list":["post-4264","post","type-post","status-publish","format-standard","has-post-thumbnail","hentry","category-3-sayfa","category-gundem","category-magazin","category-siyaset"],"jetpack_featured_media_url":"https:\/\/elbistanhabermerkezi.com\/wp-content\/uploads\/2022\/08\/IMG_2191uiotutu.jpg","jetpack_sharing_enabled":true,"_links":{"self":[{"href":"https:\/\/elbistanhabermerkezi.com\/index.php\/wp-json\/wp\/v2\/posts\/4264","targetHints":{"allow":["GET"]}}],"collection":[{"href":"https:\/\/elbistanhabermerkezi.com\/index.php\/wp-json\/wp\/v2\/posts"}],"about":[{"href":"https:\/\/elbistanhabermerkezi.com\/index.php\/wp-json\/wp\/v2\/types\/post"}],"author":[{"embeddable":true,"href":"https:\/\/elbistanhabermerkezi.com\/index.php\/wp-json\/wp\/v2\/users\/1"}],"replies":[{"embeddable":true,"href":"https:\/\/elbistanhabermerkezi.com\/index.php\/wp-json\/wp\/v2\/comments?post=4264"}],"version-history":[{"count":1,"href":"https:\/\/elbistanhabermerkezi.com\/index.php\/wp-json\/wp\/v2\/posts\/4264\/revisions"}],"predecessor-version":[{"id":4290,"href":"https:\/\/elbistanhabermerkezi.com\/index.php\/wp-json\/wp\/v2\/posts\/4264\/revisions\/4290"}],"wp:featuredmedia":[{"embeddable":true,"href":"https:\/\/elbistanhabermerkezi.com\/index.php\/wp-json\/wp\/v2\/media\/4284"}],"wp:attachment":[{"href":"https:\/\/elbistanhabermerkezi.com\/index.php\/wp-json\/wp\/v2\/media?parent=4264"}],"wp:term":[{"taxonomy":"category","embeddable":true,"href":"https:\/\/elbistanhabermerkezi.com\/index.php\/wp-json\/wp\/v2\/categories?post=4264"},{"taxonomy":"post_tag","embeddable":true,"href":"https:\/\/elbistanhabermerkezi.com\/index.php\/wp-json\/wp\/v2\/tags?post=4264"}],"curies":[{"name":"wp","href":"https:\/\/api.w.org\/{rel}","templated":true}]}}