{"id":3639,"date":"2022-06-21T14:31:35","date_gmt":"2022-06-21T14:31:35","guid":{"rendered":"https:\/\/elbistanhabermerkezi.com\/?p=3639"},"modified":"2022-06-21T14:31:35","modified_gmt":"2022-06-21T14:31:35","slug":"baskan-gurbuz-festivalde-9-ulusal-25-yerel-sanatci-sahne-alacak","status":"publish","type":"post","link":"https:\/\/elbistanhabermerkezi.com\/index.php\/2022\/06\/21\/baskan-gurbuz-festivalde-9-ulusal-25-yerel-sanatci-sahne-alacak\/","title":{"rendered":"Ba\u015fkan G\u00fcrb\u00fcz: \u201cFestivalde 9 ulusal, 25 yerel sanat\u00e7\u0131 sahne alacak\u201d"},"content":{"rendered":"<p style=\"text-align: justify;\"><strong><img loading=\"lazy\" decoding=\"async\" class=\"alignnone size-full wp-image-3346\" src=\"https:\/\/elbistanhabermerkezi.com\/wp-content\/uploads\/2022\/06\/BABA.jpeg\" alt=\"\" width=\"600\" height=\"500\" srcset=\"https:\/\/elbistanhabermerkezi.com\/wp-content\/uploads\/2022\/06\/BABA.jpeg 600w, https:\/\/elbistanhabermerkezi.com\/wp-content\/uploads\/2022\/06\/BABA-480x400.jpeg 480w, https:\/\/elbistanhabermerkezi.com\/wp-content\/uploads\/2022\/06\/BABA-126x105.jpeg 126w, https:\/\/elbistanhabermerkezi.com\/wp-content\/uploads\/2022\/06\/BABA-186x155.jpeg 186w, https:\/\/elbistanhabermerkezi.com\/wp-content\/uploads\/2022\/06\/BABA-265x221.jpeg 265w, https:\/\/elbistanhabermerkezi.com\/wp-content\/uploads\/2022\/06\/BABA-538x448.jpeg 538w\" sizes=\"auto, (max-width: 600px) 100vw, 600px\" \/><\/strong><\/p>\n<p style=\"text-align: justify;\"><strong>Elbistan\u2019da kentin tan\u0131t\u0131m\u0131n\u0131n sa\u011flanarak, ekonomik canl\u0131l\u0131\u011f\u0131n art\u0131r\u0131lmas\u0131 ile kentin sosyal ve k\u00fclt\u00fcrel geli\u015fiminin sa\u011flanmas\u0131 amac\u0131yla yap\u0131lan festivalin haz\u0131rl\u0131klar\u0131n\u0131n sorunsuz bir \u015fekilde s\u00fcrd\u00fcr\u00fcld\u00fc\u011f\u00fcn\u00fc belirten Belediye Ba\u015fkan\u0131 Mehmet G\u00fcrb\u00fcz, 9 ulusal sanat\u00e7\u0131 ile 25 yerel sanat\u00e7\u0131n\u0131n sahne alaca\u011f\u0131 festivalin y\u00fczbinlerce ki\u015fiye ev sahipli\u011fi yapaca\u011f\u0131n\u0131 s\u00f6yledi.<\/strong><\/p>\n<p style=\"text-align: justify;\"><strong>Elbistan bu y\u0131l 3.s\u00fcn\u00fcn d\u00fczenlenece\u011fi festivale haz\u0131rlan\u0131yor.<\/strong><\/p>\n<p style=\"text-align: justify;\"><strong>25 Temmuz Haluk Levent konseriyle ba\u015flayacak olan festivalde birbirinden \u00fcnl\u00fc sanat\u00e7\u0131lar sahne alacak.<\/strong><\/p>\n<p style=\"text-align: justify;\"><strong>Kentin tan\u0131t\u0131m\u0131, ekonomik ve sosyo k\u00fclt\u00fcrel geli\u015fimi i\u00e7in d\u00fczenlenen festivalin haz\u0131rl\u0131klar\u0131 Belediye Ba\u015fkan\u0131 Mehmet G\u00fcrb\u00fcz \u00f6nderli\u011finde kurulan festival komitesince s\u00fcrd\u00fcr\u00fcl\u00fcyor.<\/strong><\/p>\n<p style=\"text-align: justify;\"><strong>Organize alt yap\u0131s\u0131n\u0131n olu\u015fturuldu\u011fu toplant\u0131 sonras\u0131 a\u00e7\u0131klama yapan Belediye Ba\u015fkan\u0131 Mehmet G\u00fcrb\u00fcz, y\u00fczbinlerce insana ev sahipli\u011fi yapmaya haz\u0131rland\u0131klar\u0131n\u0131 s\u00f6yledi.<\/strong><\/p>\n<p style=\"text-align: justify;\"><strong>\u201cFestival \u015fehrin tan\u0131t\u0131m\u0131, ekonomik ve sosyo k\u00fclt\u00fcrel geli\u015fimi i\u00e7in yap\u0131l\u0131yor\u201d<\/strong><\/p>\n<p style=\"text-align: justify;\"><strong>\u015eehrin tan\u0131t\u0131lmas\u0131 ve ekonomisinin canland\u0131r\u0131lmas\u0131 ad\u0131na yapt\u0131klar\u0131 festivalin kente b\u00fcy\u00fck katk\u0131lar\u0131n\u0131n oldu\u011funu ifade eden G\u00fcrb\u00fcz: \u201c\u015eehrimizin tan\u0131t\u0131lmas\u0131, \u015fehrimizin \u00fcretim de\u011ferinin kalitesinin b\u00fct\u00fcn d\u00fcnyayla payla\u015f\u0131lmas\u0131 ad\u0131na \u00fc\u00e7 y\u0131ld\u0131r d\u00fczenledi\u011fimiz Elbistan Festivallerinin yine in\u015fallah \u00fc\u00e7\u00fcnc\u00fcs\u00fcn\u00fc 25 Temmuz\u2019da hayata ge\u00e7irmeyi planl\u0131yoruz. Etkinlik takvimimiz netle\u015fti. Sosyal k\u00fclt\u00fcrel sportif bir\u00e7ok alanda \u00e7ok renkli etkinliklere ev sahipli\u011fi yapaca\u011f\u0131z. Bir\u00e7ok sanat\u00e7\u0131y\u0131 Elbistan&#8217;da a\u011f\u0131rlayaca\u011f\u0131z. \u0130n\u015fallah 25 Temmuz\u2019da Haluk Levent ile a\u00e7\u0131l\u0131\u015f yap\u0131yoruz. 26 Temmuz\u2019da Velet ve Derya Ulu\u011f ile hem rap hem de pop m\u00fczik alan\u0131nda in\u015fallah sanat\u00e7\u0131lar\u0131m\u0131z\u0131 misafir edece\u011fiz. 27 Temmuz\u2019da Buray\u2019\u0131, 28 Temmuz\u2019da Koray Avc\u0131\u2019y\u0131, 29 Temmuz\u2019da Ali K\u0131n\u0131k\u2019\u0131, 30 Temmuz\u2019da Demet Akal\u0131n\u2019\u0131 ve 31 Temmuz\u2019da Yavuz Bing\u00f6l\u2019\u00fc Elbistan\u2019da a\u011f\u0131rlamay\u0131 planl\u0131yoruz. 24 Temmuz\u2019da da in\u015fallah Mustafa Ceceli konseri olacak. Mustafa Ceceli\u2019nin de g\u00f6r\u00fc\u015fmelerini y\u00fcr\u00fct\u00fcyoruz. Buradaki bir i\u015f adam\u0131m\u0131z AVM a\u00e7\u0131l\u0131\u015f\u0131 i\u00e7in kendisini davet etmi\u015fti. Onu da festivalimize katmay\u0131 planl\u0131yoruz. Bu festivalle biz kentin \u00e7ok \u00f6nemli de\u011ferlerini ulusal ve uluslararas\u0131 sunumunu ger\u00e7ekle\u015ftirmi\u015f olaca\u011f\u0131z. Biz bir tar\u0131m kentiyiz. Tar\u0131msal \u00fcr\u00fcnlerimizi sergileyece\u011fiz. Ayn\u0131 zamanda bir\u00e7ok sanat k\u00fclt\u00fcr ve spor insan\u0131 \u00e7\u0131kartm\u0131\u015f bir toplumuz. \u0130nsanlar\u0131m\u0131zla beraber in\u015fallah 1 A\u011fustos\u2019ta ge\u00e7en y\u0131l ilkini yapt\u0131\u011f\u0131m\u0131z Elbistanl\u0131lar g\u00fcn\u00fcnde\u00a0 bir araya gelece\u011fiz ve \u015fehre ne kazand\u0131rabiliriz, ne katabiliriz \u015fehrin sosyal hayat\u0131na, k\u00fclt\u00fcrel hayat\u0131na yeni katabilece\u011fimiz projelerimiz hedeflerimiz bunlar\u0131 misafir edece\u011fimiz hem\u015ferilerimizle konu\u015faca\u011f\u0131z. Onlar\u0131n kente katk\u0131lar\u0131n\u0131 isteyece\u011fiz. Ayr\u0131ca onlarla bu anlamda ge\u00e7en y\u0131llarda yapm\u0131\u015f oldu\u011fumuz g\u00f6r\u00fc\u015fmelerde edinimlerimiz ve bize yap\u0131lan \u00f6nerileri getirdi\u011fimiz a\u015famalar\u0131 payla\u015fm\u0131\u015f olaca\u011f\u0131z. Elbistan Festivali T\u00fcrkiye\u2019de \u00e7ok ses getiren festivallerden. Bu seneki komite ba\u015fkan\u0131m\u0131z \u0130brahim T\u00fcrk Bey, yakla\u015f\u0131k yirmi kadar esnaf\u0131m\u0131z\u0131n her g\u00fcn neredeyse d\u00fczenli toplant\u0131larla bir araya gelerek \u015fekillendirdi\u011fi bir festival. Bu anlamda ben festival komite ba\u015fkan\u0131m\u0131z \u0130brahim beye \u00e7ok te\u015fekk\u00fcr ediyorum. \u015eahs\u0131nda t\u00fcm komite \u00fcyelerimize te\u015fekk\u00fcr ediyorum. Elbistan yakla\u015f\u0131k 150 bin n\u00fcfuslu bir kent ama \u00e7evre il\u00e7elerimizle beraber yakla\u015f\u0131k 350 bin n\u00fcfusu burada a\u011f\u0131rl\u0131yoruz, onlar\u0131nda bir ticaret merkezi konumunday\u0131z. Bizim yakla\u015f\u0131k 150 bin n\u00fcfusumuz da yurt d\u0131\u015f\u0131nda ya\u015f\u0131yor. \u00d6zellikle 25 Temmuz\u2019da yurtd\u0131\u015f\u0131ndaki deneklerimizle yapm\u0131\u015f oldu\u011fumuz g\u00f6r\u00fc\u015fmelerde onlar\u0131n kente yo\u011funlukla kat\u0131laca\u011f\u0131n\u0131 ve festival alan\u0131nda olacaklar\u0131n\u0131 d\u00fc\u015f\u00fcn\u00fcyorum. \u00c7\u00fcnk\u00fc festival takvimini onlarla g\u00f6r\u00fc\u015ferek belirlemi\u015f olduk\u201d ifadelerini kulland\u0131.<\/strong><\/p>\n<p style=\"text-align: justify;\"><strong>\u201cA\u015f\u0131k Mahzuni \u015eerif hepimizin ortak de\u011feridir\u201d<\/strong><\/p>\n<p style=\"text-align: justify;\"><strong>Bu y\u0131l ki festivalin kentin \u00f6nemli bir de\u011feri olan A\u015f\u0131k Mahzuni \u015eerif ad\u0131na d\u00fczenlendi\u011fini an\u0131msatan G\u00fcrb\u00fcz: \u201cBu seneki festivalimizi \u00e7ok daha anlaml\u0131 k\u0131lacak temayla vatanda\u015flar\u0131m\u0131z\u0131n huzuruna \u00e7\u0131k\u0131yoruz. Bu seneki festivalimizi A\u015f\u0131k Mahzuni \u015eerif an\u0131s\u0131na d\u00fczenleyece\u011fiz ve ustaya sayg\u0131 diyoruz. B\u00fct\u00fcn sanat d\u00fcnyas\u0131ndaki dostlar\u0131m\u0131z\u0131, sanat\u00e7\u0131 karde\u015flerimizi beyefendileri han\u0131mefendileri davet ederken ben bunu \u00f6zellikle s\u00f6yl\u00fcyorum. Mahzuni \u015eerif\u2019in memleketinde vefat\u0131ndan yakla\u015f\u0131k 20 y\u0131l sonra onun an\u0131s\u0131na devasa b\u00fcy\u00fck bir festivali hayata ge\u00e7irmi\u015f olmak bizim i\u00e7in de ayr\u0131ca mutluluk verici olacakt\u0131r\u201d diye konu\u015ftu.<\/strong><\/p>\n<p style=\"text-align: justify;\"><strong>\u00c7ok ciddi kazan\u0131mlar elde ediyoruz\u201d<\/strong><\/p>\n<p style=\"text-align: justify;\"><strong>Festivalin Elbistan ekonomisine \u00e7ok b\u00fcy\u00fck katk\u0131 sa\u011flad\u0131\u011f\u0131n\u0131 belirten Ba\u015fkan G\u00fcrb\u00fcz: \u201dBurada Aksutv arac\u0131l\u0131\u011f\u0131yla da bir hususu belirtmek istiyorum. Sevgili hem\u015ferilerim bu festivalde in\u015fallah \u00e7ok ciddi bir ekonomik de\u011fer elde edece\u011fiz. Bir\u00e7ok firma sat\u0131\u015f yapacak, \u00e7ok \u00f6zel s\u00fcrprizlerimiz olacak, hem vatanda\u015flar\u0131m\u0131za hem de esnaf karde\u015flerimize. Ge\u00e7en y\u0131l yakla\u015f\u0131k 500 bin ki\u015fiyi misafir ettik Elbistan\u2019da, her g\u00fcn her sanat\u00e7\u0131m\u0131za yakla\u015f\u0131k 75-80 bin band\u0131nda dinleyici geldi. Hatta \u0130zmir\u2019den Ege\u2019den bir\u00e7ok misafirimizi konuk ettik Elbistan\u2019da. Kamp yapanlar, kamp ara\u00e7lar\u0131yla gelenler oldu. Dolay\u0131s\u0131yla bu festival sadece m\u00fczik etkinli\u011fi ad\u0131na de\u011ferlendirilmemeli. Daralan ekonominin, kent ekonomisinin a\u00e7\u0131lmas\u0131 ve nakit ak\u0131\u015f\u0131n\u0131n h\u0131zlanmas\u0131ndan da \u00e7ok b\u00fcy\u00fck bir fayda sa\u011flayaca\u011f\u0131n\u0131 d\u00fc\u015f\u00fcn\u00fcyorum. Baz\u0131 yanl\u0131\u015f bilgileri de buradan aktarmak istiyorum. Ge\u00e7en y\u0131l yap\u0131lan festivalde Elbistan Belediyemizin ekonomik anlamda herhangi bir katk\u0131s\u0131 olmad\u0131. Yani biz burada kamu kayna\u011f\u0131n\u0131 kullanmam\u0131\u015f olduk. Bu tamamen yerel esnaf\u0131m\u0131z\u0131n ve sponsor karde\u015flerimizin firmalar\u0131m\u0131z\u0131n destekleriyle yap\u0131lm\u0131\u015f oldu. Bu sene de ayn\u0131 \u015fekilde yapaca\u011f\u0131z. Yani biz burada \u015funu yap\u0131yoruz. 1-Esnaf\u0131m\u0131za ekonomik kaynak \u00fcretece\u011fiz.\u00a0 2- yurtd\u0131\u015f\u0131ndan \u00e7ok say\u0131da gurbet\u00e7i vatanda\u015f\u0131m\u0131z\u0131 onlar\u0131n onuruna d\u00fczenlemi\u015f oldu\u011fumuz bu etkinlikle hasreti gidermi\u015f olaca\u011f\u0131z. 3-yerel esnaf\u0131m\u0131za inan\u0131lmaz b\u00fcy\u00fck bir ekonomik fayda sa\u011flam\u0131\u015f olaca\u011f\u0131z. Tabiki insanlar\u0131n birbirleriyle olan kayna\u015fmas\u0131, g\u00fcl\u00fcmsemeleri o g\u00fczel ho\u015fg\u00f6r\u00fclerini festival alan\u0131nda yans\u0131tmalar\u0131 da \u00e7ok ayr\u0131 biz kazan\u00e7 olacak bizim i\u00e7in.<\/strong><\/p>\n<p style=\"text-align: justify;\"><strong>\u201cHer \u015feyi bu \u015fehrin g\u00fczel insanlar\u0131 i\u00e7in yap\u0131yoruz\u201d<\/strong><\/p>\n<p style=\"text-align: justify;\"><strong>Siyaset\u00e7ilerin sorumluluk alan\u0131ndaki insanlar\u0131n y\u00fcz\u00fcn\u00fc g\u00fcld\u00fcrmek gibi \u00e7ok \u00f6nemli bir g\u00f6revleri oldu\u011funa inand\u0131\u011f\u0131n\u0131 belirten Mehmet G\u00fcrb\u00fcz: \u201cBen \u015funa inan\u0131yor ve s\u00f6yl\u00fcyorum. Siyaset yapan insanlar\u0131n vatanda\u015flar\u0131n y\u00fczlerini g\u00fcl\u00fcmsetmek gibi bir de g\u00f6revleri var. Ben bu \u015fehrin belediye ba\u015fkan\u0131 olarak \u015fehrin gen\u00e7lerinin e\u011flenmesi gerekti\u011fini d\u00fc\u015f\u00fcn\u00fcyorum. Gen\u00e7 karde\u015flerimi orada yo\u011funlukla misafir edece\u011fime inan\u0131yorum. \u00d6zellikle sanat\u00e7\u0131 se\u00e7imlerine dikkat edilecek olunursa rap, pop, rock, sanat m\u00fczi\u011fi ve t\u00fcrk\u00fcden olu\u015fan bir geni\u015f yelpazeye hitap ediyor. Tabiki yerel sanat\u00e7\u0131lar\u0131m\u0131z\u0131 da unutmayaca\u011f\u0131z. Yakla\u015f\u0131k 25 civar\u0131nda gen\u00e7 karde\u015flerimle, sokak sanat\u00e7\u0131lar\u0131yla Elbistan\u2019daki karde\u015flerimle g\u00f6r\u00fc\u015f\u00fcyorum. Onlar\u0131 da sahneye alaca\u011f\u0131z. Onlar i\u00e7inde bir etkinlik d\u00fc\u015f\u00fcn\u00fcyoruz. \u015e\u00f6yle s\u00f6yleyeyim, yakla\u015f\u0131k 25 yerel sanat\u00e7\u0131, 9 ulusal sanat\u00e7\u0131yla T\u00fcrkiye\u2019nin en b\u00fcy\u00fck hem m\u00fczik festivaline hem k\u00fclt\u00fcrel etkinli\u011fine hem de b\u00fcy\u00fck bir karde\u015flik etkinli\u011fine ev sahipli\u011fi yapacak Elbistan. Burada Mahzuni \u015eerif ismi \u00e7ok \u00f6nemli, \u00e7\u00fcnk\u00fc bizim de\u011ferimiz.<\/strong><\/p>\n<p style=\"text-align: justify;\"><strong>\u201cKentin de\u011ferlerini 1 A\u011fustos\u2019ta bir araya getirece\u011fiz\u201d<\/strong><\/p>\n<p style=\"text-align: justify;\"><strong>1 A\u011fustos Elbistanl\u0131lar G\u00fcn\u00fc bulu\u015fmas\u0131n\u0131n da kentin \u00f6nemli de\u011ferlerini bir araya getirece\u011fine de\u011finen G\u00fcrb\u00fcz: \u201cElbistan&#8217;\u0131n yeti\u015ftirmi\u015f oldu\u011fu akademisyenler bilim adamlar\u0131, k\u00fclt\u00fcr insanlar\u0131 spor insanlar\u0131 devlet insanlar\u0131 bunlar bizim i\u00e7in \u00e7ok \u00f6nemli. Biz bu \u015fehirden \u00e7\u0131kan ve bu \u015fehre de\u011fer \u00fcreten i\u015fadamlar\u0131m\u0131z\u0131, sanat insanlar\u0131m\u0131z\u0131 k\u00fclt\u00fcr insanlar\u0131m\u0131z\u0131 ve devlet adamlar\u0131m\u0131z\u0131 \u00e7ok \u00f6nemsiyoruz. Ve nerede olurlarsa olsunlar onlar\u0131 burada g\u00f6rmek istiyoruz.<\/strong><\/p>\n<p style=\"text-align: justify;\"><strong>\u201cBaz\u0131 kesimler karalamaya \u00e7al\u0131\u015fsa da ba\u015faramayacaklar\u201d<\/strong><\/p>\n<p style=\"text-align: justify;\"><strong>Elbistan festivalinin baz\u0131 kesimler taraf\u0131ndan baltalanmaya karalanmaya \u00e7al\u0131\u015f\u0131ld\u0131\u011f\u0131n\u0131 belirten Ba\u015fkan G\u00fcrb\u00fcz, buna kimsenin g\u00fcn\u00fcn\u00fc yetmeyece\u011fini s\u00f6yledi.<\/strong><\/p>\n<p style=\"text-align: justify;\"><strong>Ne zaman \u015fehrin geli\u015fimi i\u00e7in bir ad\u0131m at\u0131lsa, baz\u0131 kesimler taraf\u0131ndan yalan yanl\u0131\u015f haber ve beyanlarla karalanmaya \u00e7al\u0131\u015f\u0131ld\u0131\u011f\u0131n\u0131 belirten G\u00fcrb\u00fcz: \u201cBaz\u0131 bas\u0131n yay\u0131n organlar\u0131nda. Bu organizeye \u00e7ok b\u00fcy\u00fck bir b\u00fct\u00e7enin yar\u0131ld\u0131\u011f\u0131n\u0131 dolay\u0131s\u0131yla istihdam sorununun ya\u015fand\u0131\u011f\u0131 g\u00fcn\u00fcm\u00fczde b\u00f6yle bir etkinli\u011fe gerek olmad\u0131\u011f\u0131n\u0131 ifade eden siyaset\u00e7i s\u00f6ylemlere de tan\u0131k oluyoruz. Ama bunun iyi niyetle ba\u011fda\u015fmad\u0131\u011f\u0131n\u0131 d\u00fc\u015f\u00fcn\u00fcyorum. Yani d\u00fc\u015f\u00fcn\u00fcn b\u00fct\u00fcn d\u00fcnyada bu t\u00fcr etkinlikler var T\u00fcrkiye\u2019nin her kentinde bu etkinlikler var, Elbistan\u2019da olunca m\u0131 sorun oluyor. Yani bu kentin insan\u0131na g\u00fcl\u00fcmsemeyi neden \u00e7ok g\u00f6r\u00fcyorsunuz. Dolay\u0131s\u0131yla ben bu s\u00f6ylemi \u00e7ok \u00f6nemsemeyece\u011fim. Ve kentin insanlar\u0131 g\u00fclene kadar mutlu olana kadar onlar\u0131n hem istihdam sorunlar\u0131yla, onlar\u0131n k\u00fclt\u00fcrel e\u011fitim sosyal sorunlar\u0131yla ilgilenmeye devam edece\u011fim.\u00a0 K\u0131sacas\u0131 festivalin bize kazand\u0131rd\u0131\u011f\u0131 \u00e7ok \u015fey var. Dolay\u0131s\u0131yla ben buradan b\u00fct\u00fcn hem\u015ferilerime \u015funu s\u00f6yl\u00fcyorum. \u0130nad\u0131na birlik yapal\u0131m. \u0130nad\u0131na birbirimizi sevelim. O insanlar\u0131n kentin tan\u0131t\u0131lmas\u0131 ve kentteki bu de\u011ferlerin Mahzuni \u015eerif gibi de\u011ferlerin uluslararas\u0131 kamuoyuyla payla\u015f\u0131lmas\u0131 noktas\u0131nda g\u00f6stermi\u015f olduklar\u0131 diren\u00e7leri sevgimizle y\u0131kal\u0131m diyorum. Ben hi\u00e7bir bendi, kentin \u00f6n\u00fcne konulacak hi\u00e7bir engeli ve tehdidi kabul etmiyorum, ret ediyorum. Bu \u015fehrin kalk\u0131nmas\u0131, geli\u015fmesi b\u00fcy\u00fcmesi sosyal ve k\u00fclt\u00fcrel etkinliklerle ta\u00e7land\u0131r\u0131lmas\u0131 ve vatanda\u015flar\u0131m\u0131z\u0131n mutlulu\u011fu ad\u0131na \u00f6nemsedi\u011fimi ifade ediyorum\u201d ifadelerini kulland\u0131.<\/strong><\/p>\n<p style=\"text-align: justify;\"><img loading=\"lazy\" decoding=\"async\" class=\"alignnone size-full wp-image-3640\" src=\"https:\/\/elbistanhabermerkezi.com\/wp-content\/uploads\/2022\/06\/WhatsApp-Image-2022-06-21-at-16.56.59.jpeg\" alt=\"\" width=\"1600\" height=\"900\" srcset=\"https:\/\/elbistanhabermerkezi.com\/wp-content\/uploads\/2022\/06\/WhatsApp-Image-2022-06-21-at-16.56.59.jpeg 1600w, https:\/\/elbistanhabermerkezi.com\/wp-content\/uploads\/2022\/06\/WhatsApp-Image-2022-06-21-at-16.56.59-600x338.jpeg 600w, https:\/\/elbistanhabermerkezi.com\/wp-content\/uploads\/2022\/06\/WhatsApp-Image-2022-06-21-at-16.56.59-1024x576.jpeg 1024w, https:\/\/elbistanhabermerkezi.com\/wp-content\/uploads\/2022\/06\/WhatsApp-Image-2022-06-21-at-16.56.59-768x432.jpeg 768w, https:\/\/elbistanhabermerkezi.com\/wp-content\/uploads\/2022\/06\/WhatsApp-Image-2022-06-21-at-16.56.59-1536x864.jpeg 1536w, https:\/\/elbistanhabermerkezi.com\/wp-content\/uploads\/2022\/06\/WhatsApp-Image-2022-06-21-at-16.56.59-171x96.jpeg 171w, https:\/\/elbistanhabermerkezi.com\/wp-content\/uploads\/2022\/06\/WhatsApp-Image-2022-06-21-at-16.56.59-276x155.jpeg 276w, https:\/\/elbistanhabermerkezi.com\/wp-content\/uploads\/2022\/06\/WhatsApp-Image-2022-06-21-at-16.56.59-376x212.jpeg 376w, https:\/\/elbistanhabermerkezi.com\/wp-content\/uploads\/2022\/06\/WhatsApp-Image-2022-06-21-at-16.56.59-796x448.jpeg 796w\" sizes=\"auto, (max-width: 1600px) 100vw, 1600px\" \/> <img loading=\"lazy\" decoding=\"async\" class=\"alignnone size-full wp-image-3641\" src=\"https:\/\/elbistanhabermerkezi.com\/wp-content\/uploads\/2022\/06\/WhatsApp-Image-2022-06-21-at-16.57.00-1.jpeg\" alt=\"\" width=\"1600\" height=\"900\" srcset=\"https:\/\/elbistanhabermerkezi.com\/wp-content\/uploads\/2022\/06\/WhatsApp-Image-2022-06-21-at-16.57.00-1.jpeg 1600w, https:\/\/elbistanhabermerkezi.com\/wp-content\/uploads\/2022\/06\/WhatsApp-Image-2022-06-21-at-16.57.00-1-600x338.jpeg 600w, https:\/\/elbistanhabermerkezi.com\/wp-content\/uploads\/2022\/06\/WhatsApp-Image-2022-06-21-at-16.57.00-1-1024x576.jpeg 1024w, https:\/\/elbistanhabermerkezi.com\/wp-content\/uploads\/2022\/06\/WhatsApp-Image-2022-06-21-at-16.57.00-1-768x432.jpeg 768w, https:\/\/elbistanhabermerkezi.com\/wp-content\/uploads\/2022\/06\/WhatsApp-Image-2022-06-21-at-16.57.00-1-1536x864.jpeg 1536w, https:\/\/elbistanhabermerkezi.com\/wp-content\/uploads\/2022\/06\/WhatsApp-Image-2022-06-21-at-16.57.00-1-171x96.jpeg 171w, https:\/\/elbistanhabermerkezi.com\/wp-content\/uploads\/2022\/06\/WhatsApp-Image-2022-06-21-at-16.57.00-1-276x155.jpeg 276w, https:\/\/elbistanhabermerkezi.com\/wp-content\/uploads\/2022\/06\/WhatsApp-Image-2022-06-21-at-16.57.00-1-376x212.jpeg 376w, https:\/\/elbistanhabermerkezi.com\/wp-content\/uploads\/2022\/06\/WhatsApp-Image-2022-06-21-at-16.57.00-1-796x448.jpeg 796w\" sizes=\"auto, (max-width: 1600px) 100vw, 1600px\" \/> <img loading=\"lazy\" decoding=\"async\" class=\"alignnone size-full wp-image-3642\" src=\"https:\/\/elbistanhabermerkezi.com\/wp-content\/uploads\/2022\/06\/WhatsApp-Image-2022-06-21-at-16.57.00-2.jpeg\" alt=\"\" width=\"1600\" height=\"900\" srcset=\"https:\/\/elbistanhabermerkezi.com\/wp-content\/uploads\/2022\/06\/WhatsApp-Image-2022-06-21-at-16.57.00-2.jpeg 1600w, https:\/\/elbistanhabermerkezi.com\/wp-content\/uploads\/2022\/06\/WhatsApp-Image-2022-06-21-at-16.57.00-2-600x338.jpeg 600w, https:\/\/elbistanhabermerkezi.com\/wp-content\/uploads\/2022\/06\/WhatsApp-Image-2022-06-21-at-16.57.00-2-1024x576.jpeg 1024w, https:\/\/elbistanhabermerkezi.com\/wp-content\/uploads\/2022\/06\/WhatsApp-Image-2022-06-21-at-16.57.00-2-768x432.jpeg 768w, https:\/\/elbistanhabermerkezi.com\/wp-content\/uploads\/2022\/06\/WhatsApp-Image-2022-06-21-at-16.57.00-2-1536x864.jpeg 1536w, https:\/\/elbistanhabermerkezi.com\/wp-content\/uploads\/2022\/06\/WhatsApp-Image-2022-06-21-at-16.57.00-2-171x96.jpeg 171w, https:\/\/elbistanhabermerkezi.com\/wp-content\/uploads\/2022\/06\/WhatsApp-Image-2022-06-21-at-16.57.00-2-276x155.jpeg 276w, https:\/\/elbistanhabermerkezi.com\/wp-content\/uploads\/2022\/06\/WhatsApp-Image-2022-06-21-at-16.57.00-2-376x212.jpeg 376w, https:\/\/elbistanhabermerkezi.com\/wp-content\/uploads\/2022\/06\/WhatsApp-Image-2022-06-21-at-16.57.00-2-796x448.jpeg 796w\" sizes=\"auto, (max-width: 1600px) 100vw, 1600px\" \/> <img loading=\"lazy\" decoding=\"async\" class=\"alignnone size-full wp-image-3643\" src=\"https:\/\/elbistanhabermerkezi.com\/wp-content\/uploads\/2022\/06\/WhatsApp-Image-2022-06-21-at-16.57.00.jpeg\" alt=\"\" width=\"1600\" height=\"900\" srcset=\"https:\/\/elbistanhabermerkezi.com\/wp-content\/uploads\/2022\/06\/WhatsApp-Image-2022-06-21-at-16.57.00.jpeg 1600w, https:\/\/elbistanhabermerkezi.com\/wp-content\/uploads\/2022\/06\/WhatsApp-Image-2022-06-21-at-16.57.00-600x338.jpeg 600w, https:\/\/elbistanhabermerkezi.com\/wp-content\/uploads\/2022\/06\/WhatsApp-Image-2022-06-21-at-16.57.00-1024x576.jpeg 1024w, https:\/\/elbistanhabermerkezi.com\/wp-content\/uploads\/2022\/06\/WhatsApp-Image-2022-06-21-at-16.57.00-768x432.jpeg 768w, https:\/\/elbistanhabermerkezi.com\/wp-content\/uploads\/2022\/06\/WhatsApp-Image-2022-06-21-at-16.57.00-1536x864.jpeg 1536w, https:\/\/elbistanhabermerkezi.com\/wp-content\/uploads\/2022\/06\/WhatsApp-Image-2022-06-21-at-16.57.00-171x96.jpeg 171w, https:\/\/elbistanhabermerkezi.com\/wp-content\/uploads\/2022\/06\/WhatsApp-Image-2022-06-21-at-16.57.00-276x155.jpeg 276w, https:\/\/elbistanhabermerkezi.com\/wp-content\/uploads\/2022\/06\/WhatsApp-Image-2022-06-21-at-16.57.00-376x212.jpeg 376w, https:\/\/elbistanhabermerkezi.com\/wp-content\/uploads\/2022\/06\/WhatsApp-Image-2022-06-21-at-16.57.00-796x448.jpeg 796w\" sizes=\"auto, (max-width: 1600px) 100vw, 1600px\" \/><\/p>\n","protected":false},"excerpt":{"rendered":"<p>Elbistan\u2019da kentin tan\u0131t\u0131m\u0131n\u0131n sa\u011flanarak, ekonomik canl\u0131l\u0131\u011f\u0131n art\u0131r\u0131lmas\u0131 ile kentin sosyal ve k\u00fclt\u00fcrel geli\u015fiminin sa\u011flanmas\u0131 amac\u0131yla yap\u0131lan festivalin haz\u0131rl\u0131klar\u0131n\u0131n sorunsuz bir \u015fekilde s\u00fcrd\u00fcr\u00fcld\u00fc\u011f\u00fcn\u00fc belirten Belediye Ba\u015fkan\u0131 Mehmet G\u00fcrb\u00fcz, 9 ulusal sanat\u00e7\u0131 ile 25 yerel sanat\u00e7\u0131n\u0131n sahne alaca\u011f\u0131 festivalin y\u00fczbinlerce ki\u015fiye ev sahipli\u011fi yapaca\u011f\u0131n\u0131 s\u00f6yledi. Elbistan bu y\u0131l 3.s\u00fcn\u00fcn d\u00fczenlenece\u011fi festivale haz\u0131rlan\u0131yor. 25 Temmuz Haluk Levent konseriyle [&hellip;]<\/p>\n","protected":false},"author":1,"featured_media":3646,"comment_status":"open","ping_status":"open","sticky":false,"template":"","format":"standard","meta":{"_jetpack_memberships_contains_paid_content":false,"footnotes":""},"categories":[2,8,9,12],"tags":[],"class_list":["post-3639","post","type-post","status-publish","format-standard","has-post-thumbnail","hentry","category-3-sayfa","category-gundem","category-magazin","category-siyaset"],"jetpack_featured_media_url":"https:\/\/elbistanhabermerkezi.com\/wp-content\/uploads\/2022\/06\/WhatsApp-Image-2022-06-21-at-16.56.59tup.jpeg","jetpack_sharing_enabled":true,"_links":{"self":[{"href":"https:\/\/elbistanhabermerkezi.com\/index.php\/wp-json\/wp\/v2\/posts\/3639","targetHints":{"allow":["GET"]}}],"collection":[{"href":"https:\/\/elbistanhabermerkezi.com\/index.php\/wp-json\/wp\/v2\/posts"}],"about":[{"href":"https:\/\/elbistanhabermerkezi.com\/index.php\/wp-json\/wp\/v2\/types\/post"}],"author":[{"embeddable":true,"href":"https:\/\/elbistanhabermerkezi.com\/index.php\/wp-json\/wp\/v2\/users\/1"}],"replies":[{"embeddable":true,"href":"https:\/\/elbistanhabermerkezi.com\/index.php\/wp-json\/wp\/v2\/comments?post=3639"}],"version-history":[{"count":1,"href":"https:\/\/elbistanhabermerkezi.com\/index.php\/wp-json\/wp\/v2\/posts\/3639\/revisions"}],"predecessor-version":[{"id":3647,"href":"https:\/\/elbistanhabermerkezi.com\/index.php\/wp-json\/wp\/v2\/posts\/3639\/revisions\/3647"}],"wp:featuredmedia":[{"embeddable":true,"href":"https:\/\/elbistanhabermerkezi.com\/index.php\/wp-json\/wp\/v2\/media\/3646"}],"wp:attachment":[{"href":"https:\/\/elbistanhabermerkezi.com\/index.php\/wp-json\/wp\/v2\/media?parent=3639"}],"wp:term":[{"taxonomy":"category","embeddable":true,"href":"https:\/\/elbistanhabermerkezi.com\/index.php\/wp-json\/wp\/v2\/categories?post=3639"},{"taxonomy":"post_tag","embeddable":true,"href":"https:\/\/elbistanhabermerkezi.com\/index.php\/wp-json\/wp\/v2\/tags?post=3639"}],"curies":[{"name":"wp","href":"https:\/\/api.w.org\/{rel}","templated":true}]}}