{"id":3536,"date":"2022-06-16T12:57:50","date_gmt":"2022-06-16T12:57:50","guid":{"rendered":"https:\/\/elbistanhabermerkezi.com\/?p=3536"},"modified":"2022-06-16T12:57:50","modified_gmt":"2022-06-16T12:57:50","slug":"haydi-cocuklar-senlige","status":"publish","type":"post","link":"https:\/\/elbistanhabermerkezi.com\/index.php\/2022\/06\/16\/haydi-cocuklar-senlige\/","title":{"rendered":"Haydi \u00c7ocuklar \u015eenli\u011fe."},"content":{"rendered":"<p style=\"text-align: justify;\"><strong><img loading=\"lazy\" decoding=\"async\" class=\"alignnone size-full wp-image-3346\" src=\"https:\/\/elbistanhabermerkezi.com\/wp-content\/uploads\/2022\/06\/BABA.jpeg\" alt=\"\" width=\"600\" height=\"500\" srcset=\"https:\/\/elbistanhabermerkezi.com\/wp-content\/uploads\/2022\/06\/BABA.jpeg 600w, https:\/\/elbistanhabermerkezi.com\/wp-content\/uploads\/2022\/06\/BABA-480x400.jpeg 480w, https:\/\/elbistanhabermerkezi.com\/wp-content\/uploads\/2022\/06\/BABA-126x105.jpeg 126w, https:\/\/elbistanhabermerkezi.com\/wp-content\/uploads\/2022\/06\/BABA-186x155.jpeg 186w, https:\/\/elbistanhabermerkezi.com\/wp-content\/uploads\/2022\/06\/BABA-265x221.jpeg 265w, https:\/\/elbistanhabermerkezi.com\/wp-content\/uploads\/2022\/06\/BABA-538x448.jpeg 538w\" sizes=\"auto, (max-width: 600px) 100vw, 600px\" \/><\/strong><\/p>\n<p style=\"text-align: justify;\"><strong>B\u00fcy\u00fck\u015fehir Belediyesi, k\u00fclt\u00fcr sanat etkinliklerini s\u00fcrd\u00fcr\u00fcyor. Bu kapsamda, 18 Haziran Cumartesi g\u00fcn\u00fc Ma\u015fa ile Koca Ay\u0131, 19 Haziran Pazar g\u00fcn\u00fc ise Ege ile Gaga adl\u0131 tiyatro etkinlikleri miniklerle bulu\u015facak. \u00dccretsiz etkinliklere t\u00fcm \u00e7ocuklar davet edildi.<\/strong><\/p>\n<p style=\"text-align: justify;\"><strong>Kahramanmara\u015f B\u00fcy\u00fck\u015fehir Belediyesi, k\u00fclt\u00fcr sanat etkinliklerini vatanda\u015flarla bulu\u015fturmaya devam ediyor. \u015eehirde 7\u2019den 70\u2019e t\u00fcm ya\u015f gruplar\u0131na y\u00f6nelik \u00e7e\u015fitli k\u00fclt\u00fcr sanat etkinlikleri ger\u00e7ekle\u015ftiren B\u00fcy\u00fck\u015fehir Belediyesi, \u015fimdi de \u2018\u00c7ocuk \u015eenli\u011fi\u2019 d\u00fczenliyor. \u015eenlik kapsam\u0131nda 18 Haziran Cumartesi g\u00fcn\u00fc Ma\u015fa ile Koca Ay\u0131, 19 Haziran Pazar g\u00fcn\u00fc ise Ege ile Gaga adl\u0131 \u00e7ocuk tiyatrolar\u0131 miniklerle bulu\u015facak. Mehmet Akif Ersoy K\u00fclt\u00fcr Merkezi\u2019nde ger\u00e7ekle\u015ftirilecek etkinlikler saat 13.00 &#8211; 15.00 &#8211; 17.00 olmak \u00fczere \u00fc\u00e7 seans \u015feklide minik tiyatroseverlerle bir araya gelecek. K\u00fclt\u00fcr Spor ve Turizm Dairesi Ba\u015fkanl\u0131\u011f\u0131\u2019ndan yap\u0131lana a\u00e7\u0131klamada, \u201cCumartesi ve Pazar g\u00fcnleri Mehmet Akif Ersoy K\u00fclt\u00fcr Merkezi\u2019nde \u00fccretsiz olarak ger\u00e7ekle\u015ftirilecek \u00e7ocuk tiyatrosu etkinliklerimize t\u00fcm \u00e7ocuklar ve ebeveynleri davetlidir\u201d ifadelerine yer verildi.<\/strong><\/p>\n<p style=\"text-align: justify;\"><img loading=\"lazy\" decoding=\"async\" class=\"alignnone size-full wp-image-3537\" src=\"https:\/\/elbistanhabermerkezi.com\/wp-content\/uploads\/2022\/06\/Cocuk-Senligi.jpg\" alt=\"\" width=\"600\" height=\"338\" srcset=\"https:\/\/elbistanhabermerkezi.com\/wp-content\/uploads\/2022\/06\/Cocuk-Senligi.jpg 600w, https:\/\/elbistanhabermerkezi.com\/wp-content\/uploads\/2022\/06\/Cocuk-Senligi-171x96.jpg 171w, https:\/\/elbistanhabermerkezi.com\/wp-content\/uploads\/2022\/06\/Cocuk-Senligi-275x155.jpg 275w, https:\/\/elbistanhabermerkezi.com\/wp-content\/uploads\/2022\/06\/Cocuk-Senligi-376x212.jpg 376w\" sizes=\"auto, (max-width: 600px) 100vw, 600px\" \/> <img loading=\"lazy\" decoding=\"async\" class=\"alignnone size-full wp-image-3538\" src=\"https:\/\/elbistanhabermerkezi.com\/wp-content\/uploads\/2022\/06\/Ege-ile-Gaga.jpeg\" alt=\"\" width=\"600\" height=\"300\" srcset=\"https:\/\/elbistanhabermerkezi.com\/wp-content\/uploads\/2022\/06\/Ege-ile-Gaga.jpeg 600w, https:\/\/elbistanhabermerkezi.com\/wp-content\/uploads\/2022\/06\/Ege-ile-Gaga-171x86.jpeg 171w, https:\/\/elbistanhabermerkezi.com\/wp-content\/uploads\/2022\/06\/Ege-ile-Gaga-278x139.jpeg 278w, https:\/\/elbistanhabermerkezi.com\/wp-content\/uploads\/2022\/06\/Ege-ile-Gaga-376x188.jpeg 376w\" sizes=\"auto, (max-width: 600px) 100vw, 600px\" \/> <img loading=\"lazy\" decoding=\"async\" class=\"alignnone size-full wp-image-3539\" src=\"https:\/\/elbistanhabermerkezi.com\/wp-content\/uploads\/2022\/06\/Masa-ile-Koca-Ayi.jpeg\" alt=\"\" width=\"600\" height=\"300\" srcset=\"https:\/\/elbistanhabermerkezi.com\/wp-content\/uploads\/2022\/06\/Masa-ile-Koca-Ayi.jpeg 600w, https:\/\/elbistanhabermerkezi.com\/wp-content\/uploads\/2022\/06\/Masa-ile-Koca-Ayi-171x86.jpeg 171w, https:\/\/elbistanhabermerkezi.com\/wp-content\/uploads\/2022\/06\/Masa-ile-Koca-Ayi-278x139.jpeg 278w, https:\/\/elbistanhabermerkezi.com\/wp-content\/uploads\/2022\/06\/Masa-ile-Koca-Ayi-376x188.jpeg 376w\" sizes=\"auto, (max-width: 600px) 100vw, 600px\" \/><\/p>\n","protected":false},"excerpt":{"rendered":"<p>B\u00fcy\u00fck\u015fehir Belediyesi, k\u00fclt\u00fcr sanat etkinliklerini s\u00fcrd\u00fcr\u00fcyor. Bu kapsamda, 18 Haziran Cumartesi g\u00fcn\u00fc Ma\u015fa ile Koca Ay\u0131, 19 Haziran Pazar g\u00fcn\u00fc ise Ege ile Gaga adl\u0131 tiyatro etkinlikleri miniklerle bulu\u015facak. \u00dccretsiz etkinliklere t\u00fcm \u00e7ocuklar davet edildi. Kahramanmara\u015f B\u00fcy\u00fck\u015fehir Belediyesi, k\u00fclt\u00fcr sanat etkinliklerini vatanda\u015flarla bulu\u015fturmaya devam ediyor. \u015eehirde 7\u2019den 70\u2019e t\u00fcm ya\u015f gruplar\u0131na y\u00f6nelik \u00e7e\u015fitli k\u00fclt\u00fcr sanat [&hellip;]<\/p>\n","protected":false},"author":1,"featured_media":3542,"comment_status":"open","ping_status":"open","sticky":false,"template":"","format":"standard","meta":{"_jetpack_memberships_contains_paid_content":false,"footnotes":""},"categories":[2,8,9],"tags":[],"class_list":["post-3536","post","type-post","status-publish","format-standard","has-post-thumbnail","hentry","category-3-sayfa","category-gundem","category-magazin"],"jetpack_featured_media_url":"https:\/\/elbistanhabermerkezi.com\/wp-content\/uploads\/2022\/06\/YF.jpeg","jetpack_sharing_enabled":true,"_links":{"self":[{"href":"https:\/\/elbistanhabermerkezi.com\/index.php\/wp-json\/wp\/v2\/posts\/3536","targetHints":{"allow":["GET"]}}],"collection":[{"href":"https:\/\/elbistanhabermerkezi.com\/index.php\/wp-json\/wp\/v2\/posts"}],"about":[{"href":"https:\/\/elbistanhabermerkezi.com\/index.php\/wp-json\/wp\/v2\/types\/post"}],"author":[{"embeddable":true,"href":"https:\/\/elbistanhabermerkezi.com\/index.php\/wp-json\/wp\/v2\/users\/1"}],"replies":[{"embeddable":true,"href":"https:\/\/elbistanhabermerkezi.com\/index.php\/wp-json\/wp\/v2\/comments?post=3536"}],"version-history":[{"count":1,"href":"https:\/\/elbistanhabermerkezi.com\/index.php\/wp-json\/wp\/v2\/posts\/3536\/revisions"}],"predecessor-version":[{"id":3543,"href":"https:\/\/elbistanhabermerkezi.com\/index.php\/wp-json\/wp\/v2\/posts\/3536\/revisions\/3543"}],"wp:featuredmedia":[{"embeddable":true,"href":"https:\/\/elbistanhabermerkezi.com\/index.php\/wp-json\/wp\/v2\/media\/3542"}],"wp:attachment":[{"href":"https:\/\/elbistanhabermerkezi.com\/index.php\/wp-json\/wp\/v2\/media?parent=3536"}],"wp:term":[{"taxonomy":"category","embeddable":true,"href":"https:\/\/elbistanhabermerkezi.com\/index.php\/wp-json\/wp\/v2\/categories?post=3536"},{"taxonomy":"post_tag","embeddable":true,"href":"https:\/\/elbistanhabermerkezi.com\/index.php\/wp-json\/wp\/v2\/tags?post=3536"}],"curies":[{"name":"wp","href":"https:\/\/api.w.org\/{rel}","templated":true}]}}