{"id":3333,"date":"2022-06-08T13:00:35","date_gmt":"2022-06-08T13:00:35","guid":{"rendered":"https:\/\/elbistanhabermerkezi.com\/?p=3333"},"modified":"2022-06-08T13:00:35","modified_gmt":"2022-06-08T13:00:35","slug":"elbistanda-asik-mahzun-i-serif-adina-elbistan-festivali-yapilacak","status":"publish","type":"post","link":"https:\/\/elbistanhabermerkezi.com\/index.php\/2022\/06\/08\/elbistanda-asik-mahzun-i-serif-adina-elbistan-festivali-yapilacak\/","title":{"rendered":"Elbistan&#8217;da A\u015f\u0131k Mahzun-i \u015eerif ad\u0131na Elbistan Festivali yap\u0131lacak."},"content":{"rendered":"<p style=\"text-align: justify;\"><strong><img loading=\"lazy\" decoding=\"async\" class=\"alignnone size-full wp-image-826\" src=\"https:\/\/elbistanhabermerkezi.com\/wp-content\/uploads\/2022\/02\/ahalil.jpg\" alt=\"\" width=\"300\" height=\"194\" srcset=\"https:\/\/elbistanhabermerkezi.com\/wp-content\/uploads\/2022\/02\/ahalil.jpg 300w, https:\/\/elbistanhabermerkezi.com\/wp-content\/uploads\/2022\/02\/ahalil-162x105.jpg 162w, https:\/\/elbistanhabermerkezi.com\/wp-content\/uploads\/2022\/02\/ahalil-240x155.jpg 240w\" sizes=\"auto, (max-width: 300px) 100vw, 300px\" \/><\/strong><\/p>\n<p style=\"text-align: justify;\"><strong>Elbistan Belediye Ba\u015fkan\u0131 Mehmet G\u00fcrb\u00fcz, bu y\u0131l asr\u0131n ozan\u0131 A\u015f\u0131k Mahzuni \u015eerif an\u0131s\u0131na d\u00fczenlenecek \u2018Elbistan Festivali\u2019 ile ilgili, \u201cElbistan, y\u0131ld\u0131z ya\u011fmuruna sahne olacak\u201d diye konu\u015ftu.<\/strong><\/p>\n<p style=\"text-align: justify;\"><strong>Elbistan Belediyesi, ilki ge\u00e7ti\u011fimiz y\u0131l y\u00fcz binlerce ki\u015fiyi bulu\u015fturan Elbistan Festivali\u2019nin ikincisi i\u00e7in haz\u0131rl\u0131klar\u0131na ba\u015flad\u0131. 25-31 Temmuz tarihleri aras\u0131nda planlanan Elbistan Festivali, asr\u0131n ozan\u0131 olarak nitelendirilen A\u015f\u0131k Mahzuni \u015eerif an\u0131s\u0131na d\u00fczenlenecek.<\/strong><\/p>\n<p style=\"text-align: justify;\"><strong>Elbistan Belediye Ba\u015fkan\u0131 Mehmet G\u00fcrb\u00fcz, festival komitesi ile bir araya gelerek haz\u0131rl\u0131klarla ilgili g\u00f6r\u00fc\u015f al\u0131\u015fveri\u015finde bulundu.<\/strong><\/p>\n<p style=\"text-align: justify;\"><strong>Ge\u00e7ti\u011fimiz sene pandemi k\u0131s\u0131tlamalar\u0131na ra\u011fmen festivalin her g\u00fcn\u00fcn\u00fcn \u015fehrin co\u015fkusunu doru\u011fa \u00e7\u0131kard\u0131\u011f\u0131n\u0131 an\u0131msatan Ba\u015fkan G\u00fcrb\u00fcz, bu y\u0131l daha b\u00fcy\u00fck bir organizasyona ev sahipli\u011fi yapmaya haz\u0131rland\u0131klar\u0131n\u0131 s\u00f6yledi.<\/strong><\/p>\n<p style=\"text-align: justify;\"><strong>Elbistan Festivalinin, 25 Temmuz\u2019da ba\u015flayaca\u011f\u0131n\u0131 dile getiren Belediye Ba\u015fkan\u0131 Mehmet G\u00fcrb\u00fcz, orman yang\u0131nlar\u0131 nedeniyle konserini erteleyen \u00fcnl\u00fc sanat\u00e7\u0131 Haluk Levent\u2019in bu y\u0131l hayranlar\u0131 ve sevenleri ile bulu\u015faca\u011f\u0131n\u0131 vurgulad\u0131.<\/strong><\/p>\n<p style=\"text-align: justify;\"><strong>7 g\u00fcn boyunca birbirinden \u00fcnl\u00fc sanat\u00e7\u0131lar\u0131n a\u011f\u0131rlanaca\u011f\u0131n\u0131 bildiren Ba\u015fkan G\u00fcrb\u00fcz, \u201cElbistan\u2019da y\u0131ld\u0131zlar ge\u00e7idi ya\u015fanacak. Sadece konser de\u011fil; sportif ve sosyal faaliyetlerle de birlikte kapsaml\u0131 bir festival planl\u0131yoruz. Bu ama\u00e7la da festival komitemizle toplant\u0131m\u0131z\u0131 ger\u00e7ekle\u015ftirdik. Yapabileceklerimizi konu\u015ftuk. Toplumdaki hemen her kesimin \u00f6zellikle de gen\u00e7 karde\u015flerimizin talepleri do\u011frultusunda sanat\u00e7\u0131 se\u00e7imimizi yap\u0131yoruz. \u00c7ok k\u0131sa s\u00fcrede sanat\u00e7\u0131lar\u0131m\u0131z\u0131n isimlerini a\u00e7\u0131klayaca\u011f\u0131z. \u00d6n\u00fcm\u00fczde 40 g\u00fcnl\u00fck bir s\u00fcre\u00e7 var. Her \u015feyin profesyonelce d\u00fc\u015f\u00fcn\u00fcld\u00fc\u011f\u00fc ve haz\u0131rland\u0131\u011f\u0131 bir festival olmas\u0131n\u0131 arzu ediyoruz. Bu y\u0131lki festivalimizin ana temas\u0131 b\u00f6lgemizin yeti\u015ftirdi\u011fi en \u00f6nemli de\u011ferlerden biri olan A\u015f\u0131k Mahzuni \u015eerif olacak. Konserlerde ve di\u011fer etkinliklerde, onun t\u00fcrk\u00fclerine ve eserlerine dair mutlaka izler yer alacak\u201d dedi.<\/strong><\/p>\n<p style=\"text-align: justify;\"><img loading=\"lazy\" decoding=\"async\" class=\"alignnone size-full wp-image-3334\" src=\"https:\/\/elbistanhabermerkezi.com\/wp-content\/uploads\/2022\/06\/WhatsApp-Image-2022-06-08-at-14.48.24-1.jpeg\" alt=\"\" width=\"2048\" height=\"1364\" srcset=\"https:\/\/elbistanhabermerkezi.com\/wp-content\/uploads\/2022\/06\/WhatsApp-Image-2022-06-08-at-14.48.24-1.jpeg 2048w, https:\/\/elbistanhabermerkezi.com\/wp-content\/uploads\/2022\/06\/WhatsApp-Image-2022-06-08-at-14.48.24-1-600x400.jpeg 600w, https:\/\/elbistanhabermerkezi.com\/wp-content\/uploads\/2022\/06\/WhatsApp-Image-2022-06-08-at-14.48.24-1-1024x682.jpeg 1024w, https:\/\/elbistanhabermerkezi.com\/wp-content\/uploads\/2022\/06\/WhatsApp-Image-2022-06-08-at-14.48.24-1-768x512.jpeg 768w, https:\/\/elbistanhabermerkezi.com\/wp-content\/uploads\/2022\/06\/WhatsApp-Image-2022-06-08-at-14.48.24-1-1536x1023.jpeg 1536w, https:\/\/elbistanhabermerkezi.com\/wp-content\/uploads\/2022\/06\/WhatsApp-Image-2022-06-08-at-14.48.24-1-158x105.jpeg 158w, https:\/\/elbistanhabermerkezi.com\/wp-content\/uploads\/2022\/06\/WhatsApp-Image-2022-06-08-at-14.48.24-1-233x155.jpeg 233w, https:\/\/elbistanhabermerkezi.com\/wp-content\/uploads\/2022\/06\/WhatsApp-Image-2022-06-08-at-14.48.24-1-332x221.jpeg 332w, https:\/\/elbistanhabermerkezi.com\/wp-content\/uploads\/2022\/06\/WhatsApp-Image-2022-06-08-at-14.48.24-1-673x448.jpeg 673w\" sizes=\"auto, (max-width: 2048px) 100vw, 2048px\" \/> <img loading=\"lazy\" decoding=\"async\" class=\"alignnone size-full wp-image-3335\" src=\"https:\/\/elbistanhabermerkezi.com\/wp-content\/uploads\/2022\/06\/WhatsApp-Image-2022-06-08-at-14.48.24-2.jpeg\" alt=\"\" width=\"2048\" height=\"1364\" srcset=\"https:\/\/elbistanhabermerkezi.com\/wp-content\/uploads\/2022\/06\/WhatsApp-Image-2022-06-08-at-14.48.24-2.jpeg 2048w, https:\/\/elbistanhabermerkezi.com\/wp-content\/uploads\/2022\/06\/WhatsApp-Image-2022-06-08-at-14.48.24-2-600x400.jpeg 600w, https:\/\/elbistanhabermerkezi.com\/wp-content\/uploads\/2022\/06\/WhatsApp-Image-2022-06-08-at-14.48.24-2-1024x682.jpeg 1024w, https:\/\/elbistanhabermerkezi.com\/wp-content\/uploads\/2022\/06\/WhatsApp-Image-2022-06-08-at-14.48.24-2-768x512.jpeg 768w, https:\/\/elbistanhabermerkezi.com\/wp-content\/uploads\/2022\/06\/WhatsApp-Image-2022-06-08-at-14.48.24-2-1536x1023.jpeg 1536w, https:\/\/elbistanhabermerkezi.com\/wp-content\/uploads\/2022\/06\/WhatsApp-Image-2022-06-08-at-14.48.24-2-158x105.jpeg 158w, https:\/\/elbistanhabermerkezi.com\/wp-content\/uploads\/2022\/06\/WhatsApp-Image-2022-06-08-at-14.48.24-2-233x155.jpeg 233w, https:\/\/elbistanhabermerkezi.com\/wp-content\/uploads\/2022\/06\/WhatsApp-Image-2022-06-08-at-14.48.24-2-332x221.jpeg 332w, https:\/\/elbistanhabermerkezi.com\/wp-content\/uploads\/2022\/06\/WhatsApp-Image-2022-06-08-at-14.48.24-2-673x448.jpeg 673w\" sizes=\"auto, (max-width: 2048px) 100vw, 2048px\" \/> <img loading=\"lazy\" decoding=\"async\" class=\"alignnone size-full wp-image-3336\" src=\"https:\/\/elbistanhabermerkezi.com\/wp-content\/uploads\/2022\/06\/WhatsApp-Image-2022-06-08-at-14.48.24-3.jpeg\" alt=\"\" width=\"2048\" height=\"1364\" srcset=\"https:\/\/elbistanhabermerkezi.com\/wp-content\/uploads\/2022\/06\/WhatsApp-Image-2022-06-08-at-14.48.24-3.jpeg 2048w, https:\/\/elbistanhabermerkezi.com\/wp-content\/uploads\/2022\/06\/WhatsApp-Image-2022-06-08-at-14.48.24-3-600x400.jpeg 600w, https:\/\/elbistanhabermerkezi.com\/wp-content\/uploads\/2022\/06\/WhatsApp-Image-2022-06-08-at-14.48.24-3-1024x682.jpeg 1024w, https:\/\/elbistanhabermerkezi.com\/wp-content\/uploads\/2022\/06\/WhatsApp-Image-2022-06-08-at-14.48.24-3-768x512.jpeg 768w, https:\/\/elbistanhabermerkezi.com\/wp-content\/uploads\/2022\/06\/WhatsApp-Image-2022-06-08-at-14.48.24-3-1536x1023.jpeg 1536w, https:\/\/elbistanhabermerkezi.com\/wp-content\/uploads\/2022\/06\/WhatsApp-Image-2022-06-08-at-14.48.24-3-158x105.jpeg 158w, https:\/\/elbistanhabermerkezi.com\/wp-content\/uploads\/2022\/06\/WhatsApp-Image-2022-06-08-at-14.48.24-3-233x155.jpeg 233w, https:\/\/elbistanhabermerkezi.com\/wp-content\/uploads\/2022\/06\/WhatsApp-Image-2022-06-08-at-14.48.24-3-332x221.jpeg 332w, https:\/\/elbistanhabermerkezi.com\/wp-content\/uploads\/2022\/06\/WhatsApp-Image-2022-06-08-at-14.48.24-3-673x448.jpeg 673w\" sizes=\"auto, (max-width: 2048px) 100vw, 2048px\" \/> <img loading=\"lazy\" decoding=\"async\" class=\"alignnone size-full wp-image-3337\" src=\"https:\/\/elbistanhabermerkezi.com\/wp-content\/uploads\/2022\/06\/WhatsApp-Image-2022-06-08-at-14.48.24.jpeg\" alt=\"\" width=\"2048\" height=\"1364\" srcset=\"https:\/\/elbistanhabermerkezi.com\/wp-content\/uploads\/2022\/06\/WhatsApp-Image-2022-06-08-at-14.48.24.jpeg 2048w, https:\/\/elbistanhabermerkezi.com\/wp-content\/uploads\/2022\/06\/WhatsApp-Image-2022-06-08-at-14.48.24-600x400.jpeg 600w, https:\/\/elbistanhabermerkezi.com\/wp-content\/uploads\/2022\/06\/WhatsApp-Image-2022-06-08-at-14.48.24-1024x682.jpeg 1024w, https:\/\/elbistanhabermerkezi.com\/wp-content\/uploads\/2022\/06\/WhatsApp-Image-2022-06-08-at-14.48.24-768x512.jpeg 768w, https:\/\/elbistanhabermerkezi.com\/wp-content\/uploads\/2022\/06\/WhatsApp-Image-2022-06-08-at-14.48.24-1536x1023.jpeg 1536w, https:\/\/elbistanhabermerkezi.com\/wp-content\/uploads\/2022\/06\/WhatsApp-Image-2022-06-08-at-14.48.24-158x105.jpeg 158w, https:\/\/elbistanhabermerkezi.com\/wp-content\/uploads\/2022\/06\/WhatsApp-Image-2022-06-08-at-14.48.24-233x155.jpeg 233w, https:\/\/elbistanhabermerkezi.com\/wp-content\/uploads\/2022\/06\/WhatsApp-Image-2022-06-08-at-14.48.24-332x221.jpeg 332w, https:\/\/elbistanhabermerkezi.com\/wp-content\/uploads\/2022\/06\/WhatsApp-Image-2022-06-08-at-14.48.24-673x448.jpeg 673w\" sizes=\"auto, (max-width: 2048px) 100vw, 2048px\" \/> <img loading=\"lazy\" decoding=\"async\" class=\"alignnone size-full wp-image-3338\" src=\"https:\/\/elbistanhabermerkezi.com\/wp-content\/uploads\/2022\/06\/WhatsApp-Image-2022-06-08-at-14.48.25.jpeg\" alt=\"\" width=\"2048\" height=\"1364\" srcset=\"https:\/\/elbistanhabermerkezi.com\/wp-content\/uploads\/2022\/06\/WhatsApp-Image-2022-06-08-at-14.48.25.jpeg 2048w, https:\/\/elbistanhabermerkezi.com\/wp-content\/uploads\/2022\/06\/WhatsApp-Image-2022-06-08-at-14.48.25-600x400.jpeg 600w, https:\/\/elbistanhabermerkezi.com\/wp-content\/uploads\/2022\/06\/WhatsApp-Image-2022-06-08-at-14.48.25-1024x682.jpeg 1024w, https:\/\/elbistanhabermerkezi.com\/wp-content\/uploads\/2022\/06\/WhatsApp-Image-2022-06-08-at-14.48.25-768x512.jpeg 768w, https:\/\/elbistanhabermerkezi.com\/wp-content\/uploads\/2022\/06\/WhatsApp-Image-2022-06-08-at-14.48.25-1536x1023.jpeg 1536w, https:\/\/elbistanhabermerkezi.com\/wp-content\/uploads\/2022\/06\/WhatsApp-Image-2022-06-08-at-14.48.25-158x105.jpeg 158w, https:\/\/elbistanhabermerkezi.com\/wp-content\/uploads\/2022\/06\/WhatsApp-Image-2022-06-08-at-14.48.25-233x155.jpeg 233w, https:\/\/elbistanhabermerkezi.com\/wp-content\/uploads\/2022\/06\/WhatsApp-Image-2022-06-08-at-14.48.25-332x221.jpeg 332w, https:\/\/elbistanhabermerkezi.com\/wp-content\/uploads\/2022\/06\/WhatsApp-Image-2022-06-08-at-14.48.25-673x448.jpeg 673w\" sizes=\"auto, (max-width: 2048px) 100vw, 2048px\" \/><\/p>\n","protected":false},"excerpt":{"rendered":"<p>Elbistan Belediye Ba\u015fkan\u0131 Mehmet G\u00fcrb\u00fcz, bu y\u0131l asr\u0131n ozan\u0131 A\u015f\u0131k Mahzuni \u015eerif an\u0131s\u0131na d\u00fczenlenecek \u2018Elbistan Festivali\u2019 ile ilgili, \u201cElbistan, y\u0131ld\u0131z ya\u011fmuruna sahne olacak\u201d diye konu\u015ftu. Elbistan Belediyesi, ilki ge\u00e7ti\u011fimiz y\u0131l y\u00fcz binlerce ki\u015fiyi bulu\u015fturan Elbistan Festivali\u2019nin ikincisi i\u00e7in haz\u0131rl\u0131klar\u0131na ba\u015flad\u0131. 25-31 Temmuz tarihleri aras\u0131nda planlanan Elbistan Festivali, asr\u0131n ozan\u0131 olarak nitelendirilen A\u015f\u0131k Mahzuni \u015eerif an\u0131s\u0131na [&hellip;]<\/p>\n","protected":false},"author":1,"featured_media":3341,"comment_status":"open","ping_status":"open","sticky":false,"template":"","format":"standard","meta":{"_jetpack_memberships_contains_paid_content":false,"footnotes":""},"categories":[2,8,9,12],"tags":[],"class_list":["post-3333","post","type-post","status-publish","format-standard","has-post-thumbnail","hentry","category-3-sayfa","category-gundem","category-magazin","category-siyaset"],"jetpack_featured_media_url":"https:\/\/elbistanhabermerkezi.com\/wp-content\/uploads\/2022\/06\/WhatsApp-Image-2022-06-08-at-14.48.24-2yygt.jpeg","jetpack_sharing_enabled":true,"_links":{"self":[{"href":"https:\/\/elbistanhabermerkezi.com\/index.php\/wp-json\/wp\/v2\/posts\/3333","targetHints":{"allow":["GET"]}}],"collection":[{"href":"https:\/\/elbistanhabermerkezi.com\/index.php\/wp-json\/wp\/v2\/posts"}],"about":[{"href":"https:\/\/elbistanhabermerkezi.com\/index.php\/wp-json\/wp\/v2\/types\/post"}],"author":[{"embeddable":true,"href":"https:\/\/elbistanhabermerkezi.com\/index.php\/wp-json\/wp\/v2\/users\/1"}],"replies":[{"embeddable":true,"href":"https:\/\/elbistanhabermerkezi.com\/index.php\/wp-json\/wp\/v2\/comments?post=3333"}],"version-history":[{"count":1,"href":"https:\/\/elbistanhabermerkezi.com\/index.php\/wp-json\/wp\/v2\/posts\/3333\/revisions"}],"predecessor-version":[{"id":3342,"href":"https:\/\/elbistanhabermerkezi.com\/index.php\/wp-json\/wp\/v2\/posts\/3333\/revisions\/3342"}],"wp:featuredmedia":[{"embeddable":true,"href":"https:\/\/elbistanhabermerkezi.com\/index.php\/wp-json\/wp\/v2\/media\/3341"}],"wp:attachment":[{"href":"https:\/\/elbistanhabermerkezi.com\/index.php\/wp-json\/wp\/v2\/media?parent=3333"}],"wp:term":[{"taxonomy":"category","embeddable":true,"href":"https:\/\/elbistanhabermerkezi.com\/index.php\/wp-json\/wp\/v2\/categories?post=3333"},{"taxonomy":"post_tag","embeddable":true,"href":"https:\/\/elbistanhabermerkezi.com\/index.php\/wp-json\/wp\/v2\/tags?post=3333"}],"curies":[{"name":"wp","href":"https:\/\/api.w.org\/{rel}","templated":true}]}}