{"id":3233,"date":"2022-06-03T05:22:39","date_gmt":"2022-06-03T05:22:39","guid":{"rendered":"https:\/\/elbistanhabermerkezi.com\/?p=3233"},"modified":"2022-06-03T05:22:39","modified_gmt":"2022-06-03T05:22:39","slug":"elbistan-hemde-yil-sonu-etkinligi-duzenlendi","status":"publish","type":"post","link":"https:\/\/elbistanhabermerkezi.com\/index.php\/2022\/06\/03\/elbistan-hemde-yil-sonu-etkinligi-duzenlendi\/","title":{"rendered":"Elbistan HEM&#8217;de Y\u0131l Sonu etkinli\u011fi d\u00fczenlendi."},"content":{"rendered":"<div class=\"kvgmc6g5 cxmmr5t8 oygrvhab hcukyx3x c1et5uql ii04i59q\">\n<div dir=\"auto\" style=\"text-align: justify;\"><strong><img loading=\"lazy\" decoding=\"async\" class=\"alignnone size-full wp-image-826\" src=\"https:\/\/elbistanhabermerkezi.com\/wp-content\/uploads\/2022\/02\/ahalil.jpg\" alt=\"\" width=\"300\" height=\"194\" srcset=\"https:\/\/elbistanhabermerkezi.com\/wp-content\/uploads\/2022\/02\/ahalil.jpg 300w, https:\/\/elbistanhabermerkezi.com\/wp-content\/uploads\/2022\/02\/ahalil-162x105.jpg 162w, https:\/\/elbistanhabermerkezi.com\/wp-content\/uploads\/2022\/02\/ahalil-240x155.jpg 240w\" sizes=\"auto, (max-width: 300px) 100vw, 300px\" \/><\/strong><\/div>\n<div dir=\"auto\" style=\"text-align: justify;\"><strong>Elbistan Halk E\u011fitimi Merkezi (HEM) M\u00fcd\u00fcrl\u00fc\u011f\u00fc b\u00fcnyesinde a\u00e7\u0131lan \u00e7e\u015fitli kurslarda e\u011fitim g\u00f6ren kursiyerlerin 1 y\u0131l boyunca el eme\u011fi ve g\u00f6z nuru ile \u00fcrettikleri ve yapt\u0131klar\u0131 binlerce \u00fcr\u00fcn ile \u00e7al\u0131\u015fma, Hayat Boyu \u00d6\u011frenme Haftas\u0131 \u00e7er\u00e7evesinde a\u00e7\u0131lan sergide g\u00f6r\u00fcc\u00fcye \u00e7\u0131kt\u0131.<\/strong><\/div>\n<div dir=\"auto\"><\/div>\n<\/div>\n<div class=\"cxmmr5t8 oygrvhab hcukyx3x c1et5uql o9v6fnle ii04i59q\" style=\"text-align: justify;\">\n<div dir=\"auto\"><strong>\u015eehit Er Mehmet \u0130nan Park\u0131\u2019ndaki serginin a\u00e7\u0131l\u0131\u015f\u0131na, Elbistan Kaymakam\u0131 \u00d6zkan Demir, Cumhuriyet Ba\u015fsavc\u0131s\u0131 Hayri Ormanc\u0131, \u0130l\u00e7e Emniyet M\u00fcd\u00fcr\u00fc Mehmet Ali Kayhan, \u0130l\u00e7e Jandarma Komutan\u0131 K\u0131demli Y\u00fczba\u015f\u0131 Recep \u00dcnc\u00fc, \u0130l\u00e7e Milli E\u011fitim M\u00fcd\u00fcr\u00fc Fatih \u00c7etin, daire amirleri, siyasi parti temsilcileri, okul m\u00fcd\u00fcrleri, kursiyerler ve vatanda\u015flar kat\u0131ld\u0131.<\/strong><\/div>\n<\/div>\n<div class=\"cxmmr5t8 oygrvhab hcukyx3x c1et5uql o9v6fnle ii04i59q\" style=\"text-align: justify;\">\n<div dir=\"auto\"><strong>Sayg\u0131 duru\u015fu ve \u0130stiklal Mar\u015f\u0131\u2019n\u0131n okunmas\u0131 ile ba\u015flayan etkinlikte g\u00fcn\u00fcn anlam ve \u00f6nemini belirten konu\u015fmay\u0131 Halk E\u011fitimi Merkezi M\u00fcd\u00fcr\u00fc Bayram Al\u0131\u015f yapt\u0131.<\/strong><\/div>\n<div dir=\"auto\"><\/div>\n<\/div>\n<div class=\"cxmmr5t8 oygrvhab hcukyx3x c1et5uql o9v6fnle ii04i59q\" style=\"text-align: justify;\">\n<div dir=\"auto\"><strong>Al\u0131\u015f, 2021-2022 e\u011fitim \u00f6\u011fretim d\u00f6neminde 393 kursta 10 bin 948 kursiyere e\u011fitim verildi\u011fini belirterek, \u201cB\u00fcy\u00fck bir h\u0131zla de\u011fi\u015fen ve geli\u015fen d\u00fcnyam\u0131z, adeta bir s\u0131n\u0131f gibidir. Bizler de bu s\u0131n\u0131fta hayat boyu \u00f6\u011frenen bireyleriz. Birey ve topluma do\u011frudan dokunan, zaman, e\u011fitim d\u00fczeyi ve ya\u015f k\u0131s\u0131tlamas\u0131 olmamas\u0131ndan dolay\u0131 her zaman her yerde herkese y\u00fcksek nitelikte ihtiyaca uygun ge\u00e7erli ve kapsay\u0131c\u0131 e\u011fitim eri\u015fimi sunan Hayat Boyu \u00d6\u011frenme, \u00f6\u011frenen bireyden \u00f6\u011frenen topluma d\u00f6n\u00fc\u015f\u00fcm\u00fc hedeflemektedir\u201d dedi.<\/strong><\/div>\n<div dir=\"auto\"><\/div>\n<\/div>\n<div class=\"cxmmr5t8 oygrvhab hcukyx3x c1et5uql o9v6fnle ii04i59q\" style=\"text-align: justify;\">\n<div dir=\"auto\"><strong>Toplumun geneline y\u00f6nelik bir\u00e7ok alanda kurs a\u00e7t\u0131klar\u0131n\u0131 ifade eden Al\u0131\u015f, \u201c\u015eehrimizde hayat boyu \u00f6\u011frenmenin bir ya\u015fam felsefesi haline getirilmesi amac\u0131yla kurumumuz b\u00fcnyesinde 2021-2022 e\u011fitim \u00f6\u011fretim d\u00f6neminde 393 adet kurs a\u00e7\u0131lm\u0131\u015ft\u0131r. 10 bin 948 kursiyerimize de bu kurslarda e\u011fitim verilmi\u015ftir. Kurs merkezlerinde de vatanda\u015flar\u0131m\u0131z\u0131n ihtiya\u00e7lar\u0131n\u0131 kar\u015f\u0131layan; hemen her alanda kendilerini geli\u015ftirebilecekleri yabanc\u0131 dil, m\u00fczik ve g\u00f6steri sanatlar\u0131, ki\u015fisel geli\u015fim, mesleki ve genel kurslar\u0131m\u0131z\u0131n yan\u0131 s\u0131ra bir\u00e7ok alanda vatanda\u015flar\u0131m\u0131za ve \u00f6\u011frencilerimize hizmet verdik. Hayat Boyu \u00d6\u011frenme kurumlar\u0131 olarak \u00f6\u011frenmek ve \u00f6\u011fretmekten asla vazge\u00e7miyor ve \u00f6\u011frenmeyi s\u00fcrekli k\u0131l\u0131yoruz. \u00c7\u00fcnk\u00fc biz biliyoruz ki; hayat boyu \u00f6\u011frenen bireyler, hayat boyu mutlu olan insanlard\u0131r\u201d ifadelerini kulland\u0131.<\/strong><\/div>\n<div dir=\"auto\"><\/div>\n<\/div>\n<div class=\"cxmmr5t8 oygrvhab hcukyx3x c1et5uql o9v6fnle ii04i59q\" style=\"text-align: justify;\">\n<div dir=\"auto\"><strong>Konu\u015fman\u0131n ard\u0131ndan halk oyunlar\u0131 ekibi folklor g\u00f6sterisi sundu. Daha sonra Uzakdo\u011fu spor g\u00f6sterileri yap\u0131ld\u0131. Elbistan Halk E\u011fitimi Merkezi Spor Kul\u00fcb\u00fc Ba\u015fkan\u0131 Sel\u00e7uk Kayap\u0131nar\u2019\u0131n; kiremit k\u0131rma g\u00f6sterisi de ilgi ile izlendi. Halk E\u011fitimi Merkezi (HEM) b\u00fcnyesinde a\u00e7\u0131lan saz kursuna kat\u0131lan kursiyerler ba\u011flamalar\u0131yla sahne ald\u0131. Yine Halk E\u011fitimi Merkezi T\u00fcrk Halk M\u00fczi\u011fi Korusu da t\u00fcrk\u00fc ziyafeti sundu.<\/strong><\/div>\n<div dir=\"auto\"><\/div>\n<\/div>\n<div class=\"cxmmr5t8 oygrvhab hcukyx3x c1et5uql o9v6fnle ii04i59q\" style=\"text-align: justify;\">\n<div dir=\"auto\"><strong>A\u00e7\u0131l\u0131\u015f kurdelesinin kesilmesiyle birlikte binlerce \u00fcr\u00fcn\u00fcn yer ald\u0131\u011f\u0131 sergi gezildi.<\/strong><\/div>\n<div dir=\"auto\"><\/div>\n<\/div>\n<div class=\"cxmmr5t8 oygrvhab hcukyx3x c1et5uql o9v6fnle ii04i59q\" style=\"text-align: justify;\">\n<div dir=\"auto\"><strong>Sergiyi gezerek kursiyer ve usta \u00f6\u011freticilerden bilgi alan Kaymakam Demir, \u00fcr\u00fcnlerin el eme\u011fi ve g\u00f6z nurunun eseri oldu\u011funu s\u00f6yledi. Halk E\u011fitimi Merkezlerinin \u00f6nemli bir i\u015flev \u00fcstlendi\u011fine vurgu yapan Kaymakam Demir, sergideki \u00fcr\u00fcnlerin de bunun en b\u00fcy\u00fck g\u00f6stergesi oldu\u011funa i\u015faret etti.<\/strong><\/div>\n<div dir=\"auto\"><\/div>\n<\/div>\n<div class=\"cxmmr5t8 oygrvhab hcukyx3x c1et5uql o9v6fnle ii04i59q\">\n<div dir=\"auto\" style=\"text-align: justify;\"><strong>Kaymakam Demir, sergide eme\u011fi ge\u00e7enlere te\u015fekk\u00fcr etti.<\/strong><\/div>\n<div dir=\"auto\"><img loading=\"lazy\" decoding=\"async\" class=\"alignnone size-full wp-image-3234\" src=\"https:\/\/elbistanhabermerkezi.com\/wp-content\/uploads\/2022\/06\/285456967_337225488559286_7734129771183451489_n.jpg\" alt=\"\" width=\"800\" height=\"375\" srcset=\"https:\/\/elbistanhabermerkezi.com\/wp-content\/uploads\/2022\/06\/285456967_337225488559286_7734129771183451489_n.jpg 800w, https:\/\/elbistanhabermerkezi.com\/wp-content\/uploads\/2022\/06\/285456967_337225488559286_7734129771183451489_n-600x281.jpg 600w, https:\/\/elbistanhabermerkezi.com\/wp-content\/uploads\/2022\/06\/285456967_337225488559286_7734129771183451489_n-768x360.jpg 768w, https:\/\/elbistanhabermerkezi.com\/wp-content\/uploads\/2022\/06\/285456967_337225488559286_7734129771183451489_n-171x80.jpg 171w, https:\/\/elbistanhabermerkezi.com\/wp-content\/uploads\/2022\/06\/285456967_337225488559286_7734129771183451489_n-278x130.jpg 278w, https:\/\/elbistanhabermerkezi.com\/wp-content\/uploads\/2022\/06\/285456967_337225488559286_7734129771183451489_n-376x176.jpg 376w, https:\/\/elbistanhabermerkezi.com\/wp-content\/uploads\/2022\/06\/285456967_337225488559286_7734129771183451489_n-796x373.jpg 796w\" sizes=\"auto, (max-width: 800px) 100vw, 800px\" \/> <img loading=\"lazy\" decoding=\"async\" class=\"alignnone size-full wp-image-3235\" src=\"https:\/\/elbistanhabermerkezi.com\/wp-content\/uploads\/2022\/06\/285508552_337225605225941_156586361260168230_n.jpg\" alt=\"\" width=\"1600\" height=\"1059\" srcset=\"https:\/\/elbistanhabermerkezi.com\/wp-content\/uploads\/2022\/06\/285508552_337225605225941_156586361260168230_n.jpg 1600w, https:\/\/elbistanhabermerkezi.com\/wp-content\/uploads\/2022\/06\/285508552_337225605225941_156586361260168230_n-600x397.jpg 600w, https:\/\/elbistanhabermerkezi.com\/wp-content\/uploads\/2022\/06\/285508552_337225605225941_156586361260168230_n-1024x678.jpg 1024w, https:\/\/elbistanhabermerkezi.com\/wp-content\/uploads\/2022\/06\/285508552_337225605225941_156586361260168230_n-768x508.jpg 768w, https:\/\/elbistanhabermerkezi.com\/wp-content\/uploads\/2022\/06\/285508552_337225605225941_156586361260168230_n-1536x1017.jpg 1536w, https:\/\/elbistanhabermerkezi.com\/wp-content\/uploads\/2022\/06\/285508552_337225605225941_156586361260168230_n-159x105.jpg 159w, https:\/\/elbistanhabermerkezi.com\/wp-content\/uploads\/2022\/06\/285508552_337225605225941_156586361260168230_n-234x155.jpg 234w, https:\/\/elbistanhabermerkezi.com\/wp-content\/uploads\/2022\/06\/285508552_337225605225941_156586361260168230_n-334x221.jpg 334w, https:\/\/elbistanhabermerkezi.com\/wp-content\/uploads\/2022\/06\/285508552_337225605225941_156586361260168230_n-677x448.jpg 677w\" sizes=\"auto, (max-width: 1600px) 100vw, 1600px\" \/> <img loading=\"lazy\" decoding=\"async\" class=\"alignnone size-full wp-image-3236\" src=\"https:\/\/elbistanhabermerkezi.com\/wp-content\/uploads\/2022\/06\/285638613_337225528559282_7678155492307611272_n.jpg\" alt=\"\" width=\"1326\" height=\"1058\" srcset=\"https:\/\/elbistanhabermerkezi.com\/wp-content\/uploads\/2022\/06\/285638613_337225528559282_7678155492307611272_n.jpg 1326w, https:\/\/elbistanhabermerkezi.com\/wp-content\/uploads\/2022\/06\/285638613_337225528559282_7678155492307611272_n-501x400.jpg 501w, https:\/\/elbistanhabermerkezi.com\/wp-content\/uploads\/2022\/06\/285638613_337225528559282_7678155492307611272_n-1024x817.jpg 1024w, https:\/\/elbistanhabermerkezi.com\/wp-content\/uploads\/2022\/06\/285638613_337225528559282_7678155492307611272_n-768x613.jpg 768w, https:\/\/elbistanhabermerkezi.com\/wp-content\/uploads\/2022\/06\/285638613_337225528559282_7678155492307611272_n-132x105.jpg 132w, https:\/\/elbistanhabermerkezi.com\/wp-content\/uploads\/2022\/06\/285638613_337225528559282_7678155492307611272_n-194x155.jpg 194w, https:\/\/elbistanhabermerkezi.com\/wp-content\/uploads\/2022\/06\/285638613_337225528559282_7678155492307611272_n-277x221.jpg 277w, https:\/\/elbistanhabermerkezi.com\/wp-content\/uploads\/2022\/06\/285638613_337225528559282_7678155492307611272_n-561x448.jpg 561w\" sizes=\"auto, (max-width: 1326px) 100vw, 1326px\" \/> <img loading=\"lazy\" decoding=\"async\" class=\"alignnone size-full wp-image-3237\" src=\"https:\/\/elbistanhabermerkezi.com\/wp-content\/uploads\/2022\/06\/285645994_337225625225939_1594940446318320654_n.jpg\" alt=\"\" width=\"1600\" height=\"1059\" srcset=\"https:\/\/elbistanhabermerkezi.com\/wp-content\/uploads\/2022\/06\/285645994_337225625225939_1594940446318320654_n.jpg 1600w, https:\/\/elbistanhabermerkezi.com\/wp-content\/uploads\/2022\/06\/285645994_337225625225939_1594940446318320654_n-600x397.jpg 600w, https:\/\/elbistanhabermerkezi.com\/wp-content\/uploads\/2022\/06\/285645994_337225625225939_1594940446318320654_n-1024x678.jpg 1024w, https:\/\/elbistanhabermerkezi.com\/wp-content\/uploads\/2022\/06\/285645994_337225625225939_1594940446318320654_n-768x508.jpg 768w, https:\/\/elbistanhabermerkezi.com\/wp-content\/uploads\/2022\/06\/285645994_337225625225939_1594940446318320654_n-1536x1017.jpg 1536w, https:\/\/elbistanhabermerkezi.com\/wp-content\/uploads\/2022\/06\/285645994_337225625225939_1594940446318320654_n-159x105.jpg 159w, https:\/\/elbistanhabermerkezi.com\/wp-content\/uploads\/2022\/06\/285645994_337225625225939_1594940446318320654_n-234x155.jpg 234w, https:\/\/elbistanhabermerkezi.com\/wp-content\/uploads\/2022\/06\/285645994_337225625225939_1594940446318320654_n-334x221.jpg 334w, https:\/\/elbistanhabermerkezi.com\/wp-content\/uploads\/2022\/06\/285645994_337225625225939_1594940446318320654_n-677x448.jpg 677w\" sizes=\"auto, (max-width: 1600px) 100vw, 1600px\" \/> <img loading=\"lazy\" decoding=\"async\" class=\"alignnone size-full wp-image-3238\" src=\"https:\/\/elbistanhabermerkezi.com\/wp-content\/uploads\/2022\/06\/285662926_337225691892599_8175673664557979063_n.jpg\" alt=\"\" width=\"1600\" height=\"1059\" srcset=\"https:\/\/elbistanhabermerkezi.com\/wp-content\/uploads\/2022\/06\/285662926_337225691892599_8175673664557979063_n.jpg 1600w, https:\/\/elbistanhabermerkezi.com\/wp-content\/uploads\/2022\/06\/285662926_337225691892599_8175673664557979063_n-600x397.jpg 600w, https:\/\/elbistanhabermerkezi.com\/wp-content\/uploads\/2022\/06\/285662926_337225691892599_8175673664557979063_n-1024x678.jpg 1024w, https:\/\/elbistanhabermerkezi.com\/wp-content\/uploads\/2022\/06\/285662926_337225691892599_8175673664557979063_n-768x508.jpg 768w, https:\/\/elbistanhabermerkezi.com\/wp-content\/uploads\/2022\/06\/285662926_337225691892599_8175673664557979063_n-1536x1017.jpg 1536w, https:\/\/elbistanhabermerkezi.com\/wp-content\/uploads\/2022\/06\/285662926_337225691892599_8175673664557979063_n-159x105.jpg 159w, https:\/\/elbistanhabermerkezi.com\/wp-content\/uploads\/2022\/06\/285662926_337225691892599_8175673664557979063_n-234x155.jpg 234w, https:\/\/elbistanhabermerkezi.com\/wp-content\/uploads\/2022\/06\/285662926_337225691892599_8175673664557979063_n-334x221.jpg 334w, https:\/\/elbistanhabermerkezi.com\/wp-content\/uploads\/2022\/06\/285662926_337225691892599_8175673664557979063_n-677x448.jpg 677w\" sizes=\"auto, (max-width: 1600px) 100vw, 1600px\" \/> <img loading=\"lazy\" decoding=\"async\" class=\"alignnone size-full wp-image-3239\" src=\"https:\/\/elbistanhabermerkezi.com\/wp-content\/uploads\/2022\/06\/285674282_337225651892603_1004965720589521074_n.jpg\" alt=\"\" width=\"1600\" height=\"1059\" srcset=\"https:\/\/elbistanhabermerkezi.com\/wp-content\/uploads\/2022\/06\/285674282_337225651892603_1004965720589521074_n.jpg 1600w, https:\/\/elbistanhabermerkezi.com\/wp-content\/uploads\/2022\/06\/285674282_337225651892603_1004965720589521074_n-600x397.jpg 600w, https:\/\/elbistanhabermerkezi.com\/wp-content\/uploads\/2022\/06\/285674282_337225651892603_1004965720589521074_n-1024x678.jpg 1024w, https:\/\/elbistanhabermerkezi.com\/wp-content\/uploads\/2022\/06\/285674282_337225651892603_1004965720589521074_n-768x508.jpg 768w, https:\/\/elbistanhabermerkezi.com\/wp-content\/uploads\/2022\/06\/285674282_337225651892603_1004965720589521074_n-1536x1017.jpg 1536w, https:\/\/elbistanhabermerkezi.com\/wp-content\/uploads\/2022\/06\/285674282_337225651892603_1004965720589521074_n-159x105.jpg 159w, https:\/\/elbistanhabermerkezi.com\/wp-content\/uploads\/2022\/06\/285674282_337225651892603_1004965720589521074_n-234x155.jpg 234w, https:\/\/elbistanhabermerkezi.com\/wp-content\/uploads\/2022\/06\/285674282_337225651892603_1004965720589521074_n-334x221.jpg 334w, https:\/\/elbistanhabermerkezi.com\/wp-content\/uploads\/2022\/06\/285674282_337225651892603_1004965720589521074_n-677x448.jpg 677w\" sizes=\"auto, (max-width: 1600px) 100vw, 1600px\" \/> <img loading=\"lazy\" decoding=\"async\" class=\"alignnone size-full wp-image-3240\" src=\"https:\/\/elbistanhabermerkezi.com\/wp-content\/uploads\/2022\/06\/285707328_337225538559281_4356422703193146298_n.jpg\" alt=\"\" width=\"1600\" height=\"1059\" srcset=\"https:\/\/elbistanhabermerkezi.com\/wp-content\/uploads\/2022\/06\/285707328_337225538559281_4356422703193146298_n.jpg 1600w, https:\/\/elbistanhabermerkezi.com\/wp-content\/uploads\/2022\/06\/285707328_337225538559281_4356422703193146298_n-600x397.jpg 600w, https:\/\/elbistanhabermerkezi.com\/wp-content\/uploads\/2022\/06\/285707328_337225538559281_4356422703193146298_n-1024x678.jpg 1024w, https:\/\/elbistanhabermerkezi.com\/wp-content\/uploads\/2022\/06\/285707328_337225538559281_4356422703193146298_n-768x508.jpg 768w, https:\/\/elbistanhabermerkezi.com\/wp-content\/uploads\/2022\/06\/285707328_337225538559281_4356422703193146298_n-1536x1017.jpg 1536w, https:\/\/elbistanhabermerkezi.com\/wp-content\/uploads\/2022\/06\/285707328_337225538559281_4356422703193146298_n-159x105.jpg 159w, https:\/\/elbistanhabermerkezi.com\/wp-content\/uploads\/2022\/06\/285707328_337225538559281_4356422703193146298_n-234x155.jpg 234w, https:\/\/elbistanhabermerkezi.com\/wp-content\/uploads\/2022\/06\/285707328_337225538559281_4356422703193146298_n-334x221.jpg 334w, https:\/\/elbistanhabermerkezi.com\/wp-content\/uploads\/2022\/06\/285707328_337225538559281_4356422703193146298_n-677x448.jpg 677w\" sizes=\"auto, (max-width: 1600px) 100vw, 1600px\" \/> <img loading=\"lazy\" decoding=\"async\" class=\"alignnone size-full wp-image-3241\" src=\"https:\/\/elbistanhabermerkezi.com\/wp-content\/uploads\/2022\/06\/285769263_337225711892597_8879771331324555868_n.jpg\" alt=\"\" width=\"1600\" height=\"1059\" srcset=\"https:\/\/elbistanhabermerkezi.com\/wp-content\/uploads\/2022\/06\/285769263_337225711892597_8879771331324555868_n.jpg 1600w, https:\/\/elbistanhabermerkezi.com\/wp-content\/uploads\/2022\/06\/285769263_337225711892597_8879771331324555868_n-600x397.jpg 600w, https:\/\/elbistanhabermerkezi.com\/wp-content\/uploads\/2022\/06\/285769263_337225711892597_8879771331324555868_n-1024x678.jpg 1024w, https:\/\/elbistanhabermerkezi.com\/wp-content\/uploads\/2022\/06\/285769263_337225711892597_8879771331324555868_n-768x508.jpg 768w, https:\/\/elbistanhabermerkezi.com\/wp-content\/uploads\/2022\/06\/285769263_337225711892597_8879771331324555868_n-1536x1017.jpg 1536w, https:\/\/elbistanhabermerkezi.com\/wp-content\/uploads\/2022\/06\/285769263_337225711892597_8879771331324555868_n-159x105.jpg 159w, https:\/\/elbistanhabermerkezi.com\/wp-content\/uploads\/2022\/06\/285769263_337225711892597_8879771331324555868_n-234x155.jpg 234w, https:\/\/elbistanhabermerkezi.com\/wp-content\/uploads\/2022\/06\/285769263_337225711892597_8879771331324555868_n-334x221.jpg 334w, https:\/\/elbistanhabermerkezi.com\/wp-content\/uploads\/2022\/06\/285769263_337225711892597_8879771331324555868_n-677x448.jpg 677w\" sizes=\"auto, (max-width: 1600px) 100vw, 1600px\" \/><\/div>\n<div dir=\"auto\" style=\"text-align: justify;\"><\/div>\n<\/div>\n","protected":false},"excerpt":{"rendered":"<p>Elbistan Halk E\u011fitimi Merkezi (HEM) M\u00fcd\u00fcrl\u00fc\u011f\u00fc b\u00fcnyesinde a\u00e7\u0131lan \u00e7e\u015fitli kurslarda e\u011fitim g\u00f6ren kursiyerlerin 1 y\u0131l boyunca el eme\u011fi ve g\u00f6z nuru ile \u00fcrettikleri ve yapt\u0131klar\u0131 binlerce \u00fcr\u00fcn ile \u00e7al\u0131\u015fma, Hayat Boyu \u00d6\u011frenme Haftas\u0131 \u00e7er\u00e7evesinde a\u00e7\u0131lan sergide g\u00f6r\u00fcc\u00fcye \u00e7\u0131kt\u0131. \u015eehit Er Mehmet \u0130nan Park\u0131\u2019ndaki serginin a\u00e7\u0131l\u0131\u015f\u0131na, Elbistan Kaymakam\u0131 \u00d6zkan Demir, Cumhuriyet Ba\u015fsavc\u0131s\u0131 Hayri Ormanc\u0131, \u0130l\u00e7e Emniyet [&hellip;]<\/p>\n","protected":false},"author":1,"featured_media":3244,"comment_status":"open","ping_status":"open","sticky":false,"template":"","format":"standard","meta":{"_jetpack_memberships_contains_paid_content":false,"footnotes":""},"categories":[2,5,8,9],"tags":[],"class_list":["post-3233","post","type-post","status-publish","format-standard","has-post-thumbnail","hentry","category-3-sayfa","category-egitim","category-gundem","category-magazin"],"jetpack_featured_media_url":"https:\/\/elbistanhabermerkezi.com\/wp-content\/uploads\/2022\/06\/285645994_337225625225939_1594940446318320654_nyt.jpg","jetpack_sharing_enabled":true,"_links":{"self":[{"href":"https:\/\/elbistanhabermerkezi.com\/index.php\/wp-json\/wp\/v2\/posts\/3233","targetHints":{"allow":["GET"]}}],"collection":[{"href":"https:\/\/elbistanhabermerkezi.com\/index.php\/wp-json\/wp\/v2\/posts"}],"about":[{"href":"https:\/\/elbistanhabermerkezi.com\/index.php\/wp-json\/wp\/v2\/types\/post"}],"author":[{"embeddable":true,"href":"https:\/\/elbistanhabermerkezi.com\/index.php\/wp-json\/wp\/v2\/users\/1"}],"replies":[{"embeddable":true,"href":"https:\/\/elbistanhabermerkezi.com\/index.php\/wp-json\/wp\/v2\/comments?post=3233"}],"version-history":[{"count":1,"href":"https:\/\/elbistanhabermerkezi.com\/index.php\/wp-json\/wp\/v2\/posts\/3233\/revisions"}],"predecessor-version":[{"id":3245,"href":"https:\/\/elbistanhabermerkezi.com\/index.php\/wp-json\/wp\/v2\/posts\/3233\/revisions\/3245"}],"wp:featuredmedia":[{"embeddable":true,"href":"https:\/\/elbistanhabermerkezi.com\/index.php\/wp-json\/wp\/v2\/media\/3244"}],"wp:attachment":[{"href":"https:\/\/elbistanhabermerkezi.com\/index.php\/wp-json\/wp\/v2\/media?parent=3233"}],"wp:term":[{"taxonomy":"category","embeddable":true,"href":"https:\/\/elbistanhabermerkezi.com\/index.php\/wp-json\/wp\/v2\/categories?post=3233"},{"taxonomy":"post_tag","embeddable":true,"href":"https:\/\/elbistanhabermerkezi.com\/index.php\/wp-json\/wp\/v2\/tags?post=3233"}],"curies":[{"name":"wp","href":"https:\/\/api.w.org\/{rel}","templated":true}]}}