{"id":25726,"date":"2026-09-04T13:51:17","date_gmt":"2026-09-04T13:51:17","guid":{"rendered":"https:\/\/elbistanhabermerkezi.com\/?p=25726"},"modified":"2026-09-04T13:51:17","modified_gmt":"2026-09-04T13:51:17","slug":"buyuksehirden-elbistan-hocazade-ve-gariplik-mezarliklarinda-bakim-mesaisi","status":"publish","type":"post","link":"https:\/\/elbistanhabermerkezi.com\/index.php\/2026\/09\/04\/buyuksehirden-elbistan-hocazade-ve-gariplik-mezarliklarinda-bakim-mesaisi\/","title":{"rendered":"B\u00fcy\u00fck\u015fehir\u2019den Elbistan Hocazade ve Gariplik Mezarl\u0131klar\u0131nda Bak\u0131m Mesaisi."},"content":{"rendered":"<p style=\"text-align: justify;\"><img loading=\"lazy\" decoding=\"async\" class=\"alignnone size-full wp-image-12722\" src=\"https:\/\/elbistanhabermerkezi.com\/wp-content\/uploads\/2024\/01\/halild6.jpg\" alt=\"\" width=\"302\" height=\"202\" srcset=\"https:\/\/elbistanhabermerkezi.com\/wp-content\/uploads\/2024\/01\/halild6.jpg 302w, https:\/\/elbistanhabermerkezi.com\/wp-content\/uploads\/2024\/01\/halild6-157x105.jpg 157w, https:\/\/elbistanhabermerkezi.com\/wp-content\/uploads\/2024\/01\/halild6-232x155.jpg 232w\" sizes=\"auto, (max-width: 302px) 100vw, 302px\" \/><\/p>\n<p style=\"text-align: justify;\"><strong>B\u00fcy\u00fck\u015fehir Belediyesi, Elbistan\u2019daki Hocazade ve Gariplik mezarl\u0131klar\u0131nda bak\u0131m, onar\u0131m, temizlik ve \u00e7evre d\u00fczenleme \u00e7al\u0131\u015fmalar\u0131n\u0131 s\u00fcrd\u00fcr\u00fcyor. \u00c7al\u0131\u015fmalarla mezarl\u0131klar\u0131n daha d\u00fczenli ve bak\u0131ml\u0131 hale getirilerek vatanda\u015flar\u0131n kabir ziyaretlerini huzurlu bir ortamda ger\u00e7ekle\u015ftirmesi hedefleniyor.<\/strong><\/p>\n<p style=\"text-align: justify;\">\n<p style=\"text-align: justify;\">Kahramanmara\u015f B\u00fcy\u00fck\u015fehir Belediyesi, \u015fehir genelindeki mezarl\u0131klar\u0131n daha temiz, d\u00fczenli ve bak\u0131ml\u0131 bir g\u00f6r\u00fcn\u00fcme kavu\u015fturulmas\u0131 amac\u0131yla \u00e7al\u0131\u015fmalar\u0131n\u0131 s\u00fcrd\u00fcr\u00fcyor. Vatanda\u015flar\u0131n yak\u0131nlar\u0131n\u0131n kabirlerini ziyaret ederken daha bak\u0131ml\u0131 ve temiz bir ortamla kar\u015f\u0131la\u015fabilmesi i\u00e7in y\u00fcr\u00fct\u00fclen bak\u0131m ve yenileme \u00e7al\u0131\u015fmalar\u0131, Elbistan\u2019da da yo\u011fun bir \u015fekilde devam ediyor. Kuzey \u0130l\u00e7eler Dairesi Ba\u015fkanl\u0131\u011f\u0131 koordinesinde Elbistan\u2019da bulunan Hocazade ve Gariplik mezarl\u0131klar\u0131nda kapsaml\u0131 bir bak\u0131m program\u0131 uygulan\u0131yor. Ekipler taraf\u0131ndan mezarl\u0131klardaki defin alanlar\u0131 ve \u015fehitliklerde titiz \u00e7al\u0131\u015fmalar ger\u00e7ekle\u015ftirilirken, alanlar\u0131n genel d\u00fczeninin iyile\u015ftirilmesine y\u00f6nelik de \u00e7ok y\u00f6nl\u00fc uygulamalar hayata ge\u00e7iriliyor.<\/p>\n<p style=\"text-align: justify;\">\n<p style=\"text-align: justify;\"><strong>Mezarl\u0131klarda Kapsaml\u0131 Bak\u0131m ve \u00c7evre D\u00fczenlemesi<\/strong><\/p>\n<p style=\"text-align: justify;\">\u00c7al\u0131\u015fmalar kapsam\u0131nda \u00f6ncelikle mezarl\u0131k alanlar\u0131nda genel bak\u0131m ve temizlik faaliyetleri y\u00fcr\u00fct\u00fcl\u00fcyor. Ekipler taraf\u0131ndan ger\u00e7ekle\u015ftirilen \u00e7im bi\u00e7me \u00e7al\u0131\u015fmalar\u0131yla mezarl\u0131klar\u0131n daha temiz ve d\u00fczenli bir g\u00f6r\u00fcn\u00fcme kavu\u015fmas\u0131 sa\u011flan\u0131rken, mevcut peyzaj\u0131n iyile\u015ftirilmesine y\u00f6nelik \u00e7evre d\u00fczenlemeleri de yap\u0131l\u0131yor. Mezarl\u0131k i\u00e7erisinde bulunan a\u011fa\u00e7lar\u0131n sa\u011fl\u0131kl\u0131 geli\u015fimini desteklemek ve alan\u0131n genel g\u00f6r\u00fcn\u00fcm\u00fcn\u00fc iyile\u015ftirmek amac\u0131yla budama \u00e7al\u0131\u015fmalar\u0131 ger\u00e7ekle\u015ftirilirken, ziyaret\u00e7ilerin kabir ziyaretlerini daha rahat bir ortamda yapabilmeleri i\u00e7in alan genelinde gerekli d\u00fczenlemeler titizlikle s\u00fcrd\u00fcr\u00fcl\u00fcyor. Y\u00fcr\u00fct\u00fclen \u00e7al\u0131\u015fmalarla yaln\u0131zca mezarl\u0131klar\u0131n mevcut g\u00f6r\u00fcn\u00fcm\u00fcn\u00fcn iyile\u015ftirilmesi de\u011fil, ayn\u0131 zamanda mevsim \u015fartlar\u0131n\u0131n olu\u015fturabilece\u011fi olumsuzluklar\u0131n da \u00f6n\u00fcne ge\u00e7ilmesi hedefleniyor. Bu do\u011frultuda ekipler taraf\u0131ndan mezarl\u0131klarda zararl\u0131 ha\u015ferelere kar\u015f\u0131 ila\u00e7lama \u00e7al\u0131\u015fmalar\u0131 da ger\u00e7ekle\u015ftiriliyor.<\/p>\n<p style=\"text-align: justify;\">\n<p style=\"text-align: justify;\"><strong>Duvar ve Kap\u0131lar da Yenileniyor<\/strong><\/p>\n<p style=\"text-align: justify;\">B\u00fcy\u00fck\u015fehir Belediyesi ekiplerinin bak\u0131m \u00e7al\u0131\u015fmalar\u0131, mezarl\u0131klar\u0131n i\u00e7 b\u00f6l\u00fcmleriyle s\u0131n\u0131rl\u0131 kalm\u0131yor. Mezarl\u0131klar\u0131n \u00e7evresinde bulunan duvar ve kap\u0131larda da zaman i\u00e7erisinde olu\u015fan y\u0131pranmalar\u0131n giderilmesi amac\u0131yla bak\u0131m, onar\u0131m ve yenileme \u00e7al\u0131\u015fmalar\u0131 yap\u0131l\u0131yor. Bak\u0131m ihtiyac\u0131 bulunan b\u00f6l\u00fcmler ekipler taraf\u0131ndan elden ge\u00e7irilerek daha sa\u011flam ve bak\u0131ml\u0131 bir g\u00f6r\u00fcn\u00fcme kavu\u015fturuluyor. B\u00f6ylece mezarl\u0131klar\u0131n hem fiziki ko\u015fullar\u0131n\u0131n iyile\u015ftirilmesi hem de \u00e7evre d\u00fczeninin daha nitelikli hale getirilmesi sa\u011flan\u0131yor.<\/p>\n<div id=\"attachment_25727\" style=\"width: 710px\" class=\"wp-caption alignnone\"><img loading=\"lazy\" decoding=\"async\" aria-describedby=\"caption-attachment-25727\" class=\"size-full wp-image-25727\" src=\"https:\/\/elbistanhabermerkezi.com\/wp-content\/uploads\/2026\/09\/Elbistan2.jpg\" alt=\"\" width=\"700\" height=\"394\" srcset=\"https:\/\/elbistanhabermerkezi.com\/wp-content\/uploads\/2026\/09\/Elbistan2.jpg 700w, https:\/\/elbistanhabermerkezi.com\/wp-content\/uploads\/2026\/09\/Elbistan2-600x338.jpg 600w\" sizes=\"auto, (max-width: 700px) 100vw, 700px\" \/><p id=\"caption-attachment-25727\" class=\"wp-caption-text\">default<\/p><\/div>\n<div id=\"attachment_25728\" style=\"width: 710px\" class=\"wp-caption alignnone\"><img loading=\"lazy\" decoding=\"async\" aria-describedby=\"caption-attachment-25728\" class=\"size-full wp-image-25728\" src=\"https:\/\/elbistanhabermerkezi.com\/wp-content\/uploads\/2026\/09\/Elbistan3.jpg\" alt=\"\" width=\"700\" height=\"394\" srcset=\"https:\/\/elbistanhabermerkezi.com\/wp-content\/uploads\/2026\/09\/Elbistan3.jpg 700w, https:\/\/elbistanhabermerkezi.com\/wp-content\/uploads\/2026\/09\/Elbistan3-600x338.jpg 600w\" sizes=\"auto, (max-width: 700px) 100vw, 700px\" \/><p id=\"caption-attachment-25728\" class=\"wp-caption-text\">default<\/p><\/div>\n<div id=\"attachment_25729\" style=\"width: 710px\" class=\"wp-caption alignnone\"><img loading=\"lazy\" decoding=\"async\" aria-describedby=\"caption-attachment-25729\" class=\"size-full wp-image-25729\" src=\"https:\/\/elbistanhabermerkezi.com\/wp-content\/uploads\/2026\/09\/Elbistan5.jpg\" alt=\"\" width=\"700\" height=\"394\" srcset=\"https:\/\/elbistanhabermerkezi.com\/wp-content\/uploads\/2026\/09\/Elbistan5.jpg 700w, https:\/\/elbistanhabermerkezi.com\/wp-content\/uploads\/2026\/09\/Elbistan5-600x338.jpg 600w\" sizes=\"auto, (max-width: 700px) 100vw, 700px\" \/><p id=\"caption-attachment-25729\" class=\"wp-caption-text\">default<\/p><\/div>\n<div id=\"attachment_25730\" style=\"width: 710px\" class=\"wp-caption alignnone\"><img loading=\"lazy\" decoding=\"async\" aria-describedby=\"caption-attachment-25730\" class=\"size-full wp-image-25730\" src=\"https:\/\/elbistanhabermerkezi.com\/wp-content\/uploads\/2026\/09\/Elbistan7.jpg\" alt=\"\" width=\"700\" height=\"394\" srcset=\"https:\/\/elbistanhabermerkezi.com\/wp-content\/uploads\/2026\/09\/Elbistan7.jpg 700w, https:\/\/elbistanhabermerkezi.com\/wp-content\/uploads\/2026\/09\/Elbistan7-600x338.jpg 600w\" sizes=\"auto, (max-width: 700px) 100vw, 700px\" \/><p id=\"caption-attachment-25730\" class=\"wp-caption-text\">default<\/p><\/div>\n<div id=\"attachment_25731\" style=\"width: 710px\" class=\"wp-caption alignnone\"><img loading=\"lazy\" decoding=\"async\" aria-describedby=\"caption-attachment-25731\" class=\"size-full wp-image-25731\" src=\"https:\/\/elbistanhabermerkezi.com\/wp-content\/uploads\/2026\/09\/Elbistan10-1.jpg\" alt=\"\" width=\"700\" height=\"394\" srcset=\"https:\/\/elbistanhabermerkezi.com\/wp-content\/uploads\/2026\/09\/Elbistan10-1.jpg 700w, https:\/\/elbistanhabermerkezi.com\/wp-content\/uploads\/2026\/09\/Elbistan10-1-600x338.jpg 600w\" sizes=\"auto, (max-width: 700px) 100vw, 700px\" \/><p id=\"caption-attachment-25731\" class=\"wp-caption-text\">default<\/p><\/div>\n","protected":false},"excerpt":{"rendered":"<p>B\u00fcy\u00fck\u015fehir Belediyesi, Elbistan\u2019daki Hocazade ve Gariplik mezarl\u0131klar\u0131nda bak\u0131m, onar\u0131m, temizlik ve \u00e7evre d\u00fczenleme \u00e7al\u0131\u015fmalar\u0131n\u0131 s\u00fcrd\u00fcr\u00fcyor. \u00c7al\u0131\u015fmalarla mezarl\u0131klar\u0131n daha d\u00fczenli ve bak\u0131ml\u0131 hale getirilerek vatanda\u015flar\u0131n kabir ziyaretlerini huzurlu bir ortamda ger\u00e7ekle\u015ftirmesi hedefleniyor. Kahramanmara\u015f B\u00fcy\u00fck\u015fehir Belediyesi, \u015fehir genelindeki mezarl\u0131klar\u0131n daha temiz, d\u00fczenli ve bak\u0131ml\u0131 bir g\u00f6r\u00fcn\u00fcme kavu\u015fturulmas\u0131 amac\u0131yla \u00e7al\u0131\u015fmalar\u0131n\u0131 s\u00fcrd\u00fcr\u00fcyor. Vatanda\u015flar\u0131n yak\u0131nlar\u0131n\u0131n kabirlerini ziyaret ederken daha bak\u0131ml\u0131 [&hellip;]<\/p>\n","protected":false},"author":1,"featured_media":25729,"comment_status":"open","ping_status":"open","sticky":false,"template":"","format":"standard","meta":{"_jetpack_memberships_contains_paid_content":false,"footnotes":""},"categories":[2,6,8,12],"tags":[],"class_list":["post-25726","post","type-post","status-publish","format-standard","has-post-thumbnail","hentry","category-3-sayfa","category-ekonomi","category-gundem","category-siyaset"],"jetpack_featured_media_url":"https:\/\/elbistanhabermerkezi.com\/wp-content\/uploads\/2026\/09\/Elbistan5.jpg","jetpack_sharing_enabled":true,"_links":{"self":[{"href":"https:\/\/elbistanhabermerkezi.com\/index.php\/wp-json\/wp\/v2\/posts\/25726","targetHints":{"allow":["GET"]}}],"collection":[{"href":"https:\/\/elbistanhabermerkezi.com\/index.php\/wp-json\/wp\/v2\/posts"}],"about":[{"href":"https:\/\/elbistanhabermerkezi.com\/index.php\/wp-json\/wp\/v2\/types\/post"}],"author":[{"embeddable":true,"href":"https:\/\/elbistanhabermerkezi.com\/index.php\/wp-json\/wp\/v2\/users\/1"}],"replies":[{"embeddable":true,"href":"https:\/\/elbistanhabermerkezi.com\/index.php\/wp-json\/wp\/v2\/comments?post=25726"}],"version-history":[{"count":1,"href":"https:\/\/elbistanhabermerkezi.com\/index.php\/wp-json\/wp\/v2\/posts\/25726\/revisions"}],"predecessor-version":[{"id":25732,"href":"https:\/\/elbistanhabermerkezi.com\/index.php\/wp-json\/wp\/v2\/posts\/25726\/revisions\/25732"}],"wp:featuredmedia":[{"embeddable":true,"href":"https:\/\/elbistanhabermerkezi.com\/index.php\/wp-json\/wp\/v2\/media\/25729"}],"wp:attachment":[{"href":"https:\/\/elbistanhabermerkezi.com\/index.php\/wp-json\/wp\/v2\/media?parent=25726"}],"wp:term":[{"taxonomy":"category","embeddable":true,"href":"https:\/\/elbistanhabermerkezi.com\/index.php\/wp-json\/wp\/v2\/categories?post=25726"},{"taxonomy":"post_tag","embeddable":true,"href":"https:\/\/elbistanhabermerkezi.com\/index.php\/wp-json\/wp\/v2\/tags?post=25726"}],"curies":[{"name":"wp","href":"https:\/\/api.w.org\/{rel}","templated":true}]}}