{"id":25718,"date":"2026-09-04T13:48:13","date_gmt":"2026-09-04T13:48:13","guid":{"rendered":"https:\/\/elbistanhabermerkezi.com\/?p=25718"},"modified":"2026-09-04T13:49:39","modified_gmt":"2026-09-04T13:49:39","slug":"elbistan-kirsalinda-ulasimi-rahatlatacak-yeni-koprunun-temeli-atildi","status":"publish","type":"post","link":"https:\/\/elbistanhabermerkezi.com\/index.php\/2026\/09\/04\/elbistan-kirsalinda-ulasimi-rahatlatacak-yeni-koprunun-temeli-atildi\/","title":{"rendered":"Elbistan K\u0131rsal\u0131nda Ula\u015f\u0131m\u0131 Rahatlatacak Yeni K\u00f6pr\u00fcn\u00fcn Temeli At\u0131ld\u0131."},"content":{"rendered":"<p style=\"text-align: justify;\"><img loading=\"lazy\" decoding=\"async\" class=\"alignnone size-full wp-image-15355\" src=\"https:\/\/elbistanhabermerkezi.com\/wp-content\/uploads\/2024\/07\/ALIDOGAN.jpg\" alt=\"\" width=\"302\" height=\"302\" srcset=\"https:\/\/elbistanhabermerkezi.com\/wp-content\/uploads\/2024\/07\/ALIDOGAN.jpg 302w, https:\/\/elbistanhabermerkezi.com\/wp-content\/uploads\/2024\/07\/ALIDOGAN-105x105.jpg 105w, https:\/\/elbistanhabermerkezi.com\/wp-content\/uploads\/2024\/07\/ALIDOGAN-155x155.jpg 155w, https:\/\/elbistanhabermerkezi.com\/wp-content\/uploads\/2024\/07\/ALIDOGAN-221x221.jpg 221w\" sizes=\"auto, (max-width: 302px) 100vw, 302px\" \/><\/p>\n<p style=\"text-align: justify;\"><strong>B\u00fcy\u00fck\u015fehir Belediyesi, Elbistan Ge\u00e7it Mahallesi\u2019nde yakla\u015f\u0131k 51 y\u0131ld\u0131r hizmet veren mevcut k\u00f6pr\u00fcn\u00fcn yerine 15 Milyon TL yat\u0131r\u0131mla yeni k\u00f6pr\u00fc in\u015fa ediyor. 15 metre geni\u015fli\u011finde ve 63 metre uzunlu\u011funda olacak 7 ayakl\u0131 k\u00f6pr\u00fcn\u00fcn temel in\u015fas\u0131na ba\u015fland\u0131.<\/strong><\/p>\n<p style=\"text-align: justify;\">Kahramanmara\u015f B\u00fcy\u00fck\u015fehir Belediyesi, \u015fehir genelinde ula\u015f\u0131m altyap\u0131s\u0131n\u0131 g\u00fc\u00e7lendirmek ve vatanda\u015flara daha g\u00fcvenli, konforlu seyahat imk\u00e2n\u0131 sunmak amac\u0131yla yol ve k\u00f6pr\u00fc yat\u0131r\u0131mlar\u0131n\u0131 aral\u0131ks\u0131z s\u00fcrd\u00fcr\u00fcyor. Bu kapsamda Elbistan\u2019da da ula\u015f\u0131m a\u011f\u0131n\u0131n \u00f6nemli noktalar\u0131nda \u00e7al\u0131\u015fmalar ger\u00e7ekle\u015ftiriliyor. Yol Yap\u0131m, Bak\u0131m ve Onar\u0131m Dairesi Ba\u015fkanl\u0131\u011f\u0131 koordinesinde s\u00fcrd\u00fcr\u00fclen \u00e7al\u0131\u015fmalar\u0131n adreslerinden biri de k\u0131rsal Ge\u00e7it Mahallesi oldu. Mahallede S\u00f6\u011f\u00fctl\u00fc \u00c7ay\u0131 \u00fczerinde yakla\u015f\u0131k 51 y\u0131ld\u0131r b\u00f6lgeye hizmet veren mevcut k\u00f6pr\u00fcn\u00fcn y\u0131k\u0131m\u0131n\u0131n ard\u0131ndan, ula\u015f\u0131m standartlar\u0131n\u0131 y\u00fckseltecek yeni k\u00f6pr\u00fcn\u00fcn yap\u0131m\u0131na ba\u015fland\u0131.<\/p>\n<p style=\"text-align: justify;\"><strong>Yeni K\u00f6pr\u00fcn\u00fcn Temel \u00c7al\u0131\u015fmalar\u0131 S\u00fcr\u00fcyor<\/strong><\/p>\n<p style=\"text-align: justify;\">Yakla\u015f\u0131k 15 Milyon TL\u2019lik yat\u0131r\u0131mla hayata ge\u00e7irilecek yeni k\u00f6pr\u00fc i\u00e7in sahada yo\u011fun bir \u00e7al\u0131\u015fma y\u00fcr\u00fct\u00fcl\u00fcyor. Proje kapsam\u0131nda k\u00f6pr\u00fcn\u00fcn temel in\u015fas\u0131 ger\u00e7ekle\u015ftirilirken, temel b\u00f6l\u00fcm\u00fcndeki demir donat\u0131lar\u0131n ba\u011flant\u0131lar\u0131 yap\u0131l\u0131yor ve betonarme uygulamalar\u0131 s\u00fcrd\u00fcr\u00fcl\u00fcyor.<\/p>\n<p style=\"text-align: justify;\">Mevcut k\u00f6pr\u00fcn\u00fcn yerine in\u015fa edilecek yeni yap\u0131 hem daha geni\u015f hem de daha uzun olacak. Yakla\u015f\u0131k 51 y\u0131ld\u0131r b\u00f6lgeye hizmet veren mevcut k\u00f6pr\u00fc 5 metre geni\u015fli\u011finde ve 53 metre uzunlu\u011fundayken, yeni k\u00f6pr\u00fc 15 metre geni\u015fli\u011finde ve 63 metre uzunlu\u011funda olacak.<\/p>\n<p style=\"text-align: justify;\"><strong>Ula\u015f\u0131m Daha G\u00fcvenli ve Konforlu Hale Gelecek<\/strong><\/p>\n<p style=\"text-align: justify;\">7 ayakl\u0131 olarak planlanan yeni k\u00f6pr\u00fcn\u00fcn tamamlanmas\u0131yla birlikte b\u00f6lgedeki ara\u00e7 trafi\u011finin daha g\u00fcvenli ve rahat bir \u015fekilde sa\u011flanmas\u0131 hedefleniyor. \u00d6zellikle grup yolu g\u00fczerg\u00e2h\u0131nda ula\u015f\u0131m sa\u011flayan mahallelerin Elbistan \u2013 Malatya Yolu\u2019na ba\u011flant\u0131s\u0131n\u0131n daha g\u00fcvenli ve konforlu hale getirilmesi a\u00e7\u0131s\u0131ndan yat\u0131r\u0131m \u00f6nem ta\u015f\u0131yor. Yeni k\u00f6pr\u00fc yaln\u0131zca Ge\u00e7it Mahallesi\u2019nin ula\u015f\u0131m\u0131na katk\u0131 sunmayacak. Projenin tamamlanmas\u0131yla birlikte Eldelek, Ambarc\u0131k, \u00c7\u0131tl\u0131k, G\u00fcndere ve T\u00fcrk\u00f6ren ba\u015fta olmak \u00fczere \u00e7ok say\u0131da mahallenin ula\u015f\u0131m imk\u00e2nlar\u0131n\u0131n da iyile\u015ftirilmesi hedefleniyor.<\/p>\n<div id=\"attachment_25719\" style=\"width: 710px\" class=\"wp-caption alignnone\"><img loading=\"lazy\" decoding=\"async\" aria-describedby=\"caption-attachment-25719\" class=\"size-full wp-image-25719\" src=\"https:\/\/elbistanhabermerkezi.com\/wp-content\/uploads\/2026\/09\/Elbistan-Gecit-Mahallesi1.jpg\" alt=\"\" width=\"700\" height=\"394\" srcset=\"https:\/\/elbistanhabermerkezi.com\/wp-content\/uploads\/2026\/09\/Elbistan-Gecit-Mahallesi1.jpg 700w, https:\/\/elbistanhabermerkezi.com\/wp-content\/uploads\/2026\/09\/Elbistan-Gecit-Mahallesi1-600x338.jpg 600w\" sizes=\"auto, (max-width: 700px) 100vw, 700px\" \/><p id=\"caption-attachment-25719\" class=\"wp-caption-text\">default<\/p><\/div>\n<div id=\"attachment_25720\" style=\"width: 710px\" class=\"wp-caption alignnone\"><img loading=\"lazy\" decoding=\"async\" aria-describedby=\"caption-attachment-25720\" class=\"size-full wp-image-25720\" src=\"https:\/\/elbistanhabermerkezi.com\/wp-content\/uploads\/2026\/09\/Elbistan-Gecit-Mahallesi3.jpg\" alt=\"\" width=\"700\" height=\"394\" srcset=\"https:\/\/elbistanhabermerkezi.com\/wp-content\/uploads\/2026\/09\/Elbistan-Gecit-Mahallesi3.jpg 700w, https:\/\/elbistanhabermerkezi.com\/wp-content\/uploads\/2026\/09\/Elbistan-Gecit-Mahallesi3-600x338.jpg 600w\" sizes=\"auto, (max-width: 700px) 100vw, 700px\" \/><p id=\"caption-attachment-25720\" class=\"wp-caption-text\">default<\/p><\/div>\n<div id=\"attachment_25721\" style=\"width: 710px\" class=\"wp-caption alignnone\"><img loading=\"lazy\" decoding=\"async\" aria-describedby=\"caption-attachment-25721\" class=\"size-full wp-image-25721\" src=\"https:\/\/elbistanhabermerkezi.com\/wp-content\/uploads\/2026\/09\/Elbistan-Gecit-Mahallesi5.jpg\" alt=\"\" width=\"700\" height=\"394\" srcset=\"https:\/\/elbistanhabermerkezi.com\/wp-content\/uploads\/2026\/09\/Elbistan-Gecit-Mahallesi5.jpg 700w, https:\/\/elbistanhabermerkezi.com\/wp-content\/uploads\/2026\/09\/Elbistan-Gecit-Mahallesi5-600x338.jpg 600w\" sizes=\"auto, (max-width: 700px) 100vw, 700px\" \/><p id=\"caption-attachment-25721\" class=\"wp-caption-text\">default<\/p><\/div>\n<div id=\"attachment_25722\" style=\"width: 710px\" class=\"wp-caption alignnone\"><img loading=\"lazy\" decoding=\"async\" aria-describedby=\"caption-attachment-25722\" class=\"size-full wp-image-25722\" src=\"https:\/\/elbistanhabermerkezi.com\/wp-content\/uploads\/2026\/09\/Elbistan-Gecit-Mahallesi6.jpg\" alt=\"\" width=\"700\" height=\"394\" srcset=\"https:\/\/elbistanhabermerkezi.com\/wp-content\/uploads\/2026\/09\/Elbistan-Gecit-Mahallesi6.jpg 700w, https:\/\/elbistanhabermerkezi.com\/wp-content\/uploads\/2026\/09\/Elbistan-Gecit-Mahallesi6-600x338.jpg 600w\" sizes=\"auto, (max-width: 700px) 100vw, 700px\" \/><p id=\"caption-attachment-25722\" class=\"wp-caption-text\">default<\/p><\/div>\n<div id=\"attachment_25723\" style=\"width: 710px\" class=\"wp-caption alignnone\"><img loading=\"lazy\" decoding=\"async\" aria-describedby=\"caption-attachment-25723\" class=\"size-full wp-image-25723\" src=\"https:\/\/elbistanhabermerkezi.com\/wp-content\/uploads\/2026\/09\/Elbistan-Gecit-Mahallesi8.jpg\" alt=\"\" width=\"700\" height=\"394\" srcset=\"https:\/\/elbistanhabermerkezi.com\/wp-content\/uploads\/2026\/09\/Elbistan-Gecit-Mahallesi8.jpg 700w, https:\/\/elbistanhabermerkezi.com\/wp-content\/uploads\/2026\/09\/Elbistan-Gecit-Mahallesi8-600x338.jpg 600w\" sizes=\"auto, (max-width: 700px) 100vw, 700px\" \/><p id=\"caption-attachment-25723\" class=\"wp-caption-text\">default<\/p><\/div>\n","protected":false},"excerpt":{"rendered":"<p>B\u00fcy\u00fck\u015fehir Belediyesi, Elbistan Ge\u00e7it Mahallesi\u2019nde yakla\u015f\u0131k 51 y\u0131ld\u0131r hizmet veren mevcut k\u00f6pr\u00fcn\u00fcn yerine 15 Milyon TL yat\u0131r\u0131mla yeni k\u00f6pr\u00fc in\u015fa ediyor. 15 metre geni\u015fli\u011finde ve 63 metre uzunlu\u011funda olacak 7 ayakl\u0131 k\u00f6pr\u00fcn\u00fcn temel in\u015fas\u0131na ba\u015fland\u0131. Kahramanmara\u015f B\u00fcy\u00fck\u015fehir Belediyesi, \u015fehir genelinde ula\u015f\u0131m altyap\u0131s\u0131n\u0131 g\u00fc\u00e7lendirmek ve vatanda\u015flara daha g\u00fcvenli, konforlu seyahat imk\u00e2n\u0131 sunmak amac\u0131yla yol ve k\u00f6pr\u00fc [&hellip;]<\/p>\n","protected":false},"author":1,"featured_media":25722,"comment_status":"open","ping_status":"open","sticky":false,"template":"","format":"standard","meta":{"_jetpack_memberships_contains_paid_content":false,"footnotes":""},"categories":[2,8,12],"tags":[],"class_list":["post-25718","post","type-post","status-publish","format-standard","has-post-thumbnail","hentry","category-3-sayfa","category-gundem","category-siyaset"],"jetpack_featured_media_url":"https:\/\/elbistanhabermerkezi.com\/wp-content\/uploads\/2026\/09\/Elbistan-Gecit-Mahallesi6.jpg","jetpack_sharing_enabled":true,"_links":{"self":[{"href":"https:\/\/elbistanhabermerkezi.com\/index.php\/wp-json\/wp\/v2\/posts\/25718","targetHints":{"allow":["GET"]}}],"collection":[{"href":"https:\/\/elbistanhabermerkezi.com\/index.php\/wp-json\/wp\/v2\/posts"}],"about":[{"href":"https:\/\/elbistanhabermerkezi.com\/index.php\/wp-json\/wp\/v2\/types\/post"}],"author":[{"embeddable":true,"href":"https:\/\/elbistanhabermerkezi.com\/index.php\/wp-json\/wp\/v2\/users\/1"}],"replies":[{"embeddable":true,"href":"https:\/\/elbistanhabermerkezi.com\/index.php\/wp-json\/wp\/v2\/comments?post=25718"}],"version-history":[{"count":2,"href":"https:\/\/elbistanhabermerkezi.com\/index.php\/wp-json\/wp\/v2\/posts\/25718\/revisions"}],"predecessor-version":[{"id":25725,"href":"https:\/\/elbistanhabermerkezi.com\/index.php\/wp-json\/wp\/v2\/posts\/25718\/revisions\/25725"}],"wp:featuredmedia":[{"embeddable":true,"href":"https:\/\/elbistanhabermerkezi.com\/index.php\/wp-json\/wp\/v2\/media\/25722"}],"wp:attachment":[{"href":"https:\/\/elbistanhabermerkezi.com\/index.php\/wp-json\/wp\/v2\/media?parent=25718"}],"wp:term":[{"taxonomy":"category","embeddable":true,"href":"https:\/\/elbistanhabermerkezi.com\/index.php\/wp-json\/wp\/v2\/categories?post=25718"},{"taxonomy":"post_tag","embeddable":true,"href":"https:\/\/elbistanhabermerkezi.com\/index.php\/wp-json\/wp\/v2\/tags?post=25718"}],"curies":[{"name":"wp","href":"https:\/\/api.w.org\/{rel}","templated":true}]}}