{"id":25695,"date":"2026-09-03T13:44:57","date_gmt":"2026-09-03T13:44:57","guid":{"rendered":"https:\/\/elbistanhabermerkezi.com\/?p=25695"},"modified":"2026-09-03T13:44:57","modified_gmt":"2026-09-03T13:44:57","slug":"buyuksehirden-ekinozu-kirsalinda-ulasimi-iyilestiren-bir-yatirim-daha","status":"publish","type":"post","link":"https:\/\/elbistanhabermerkezi.com\/index.php\/2026\/09\/03\/buyuksehirden-ekinozu-kirsalinda-ulasimi-iyilestiren-bir-yatirim-daha\/","title":{"rendered":"B\u00fcy\u00fck\u015fehir\u2019den Ekin\u00f6z\u00fc K\u0131rsal\u0131nda Ula\u015f\u0131m\u0131 \u0130yile\u015ftiren Bir Yat\u0131r\u0131m Daha."},"content":{"rendered":"<p style=\"text-align: justify;\"><img loading=\"lazy\" decoding=\"async\" class=\"alignnone size-full wp-image-15355\" src=\"https:\/\/elbistanhabermerkezi.com\/wp-content\/uploads\/2024\/07\/ALIDOGAN.jpg\" alt=\"\" width=\"302\" height=\"302\" srcset=\"https:\/\/elbistanhabermerkezi.com\/wp-content\/uploads\/2024\/07\/ALIDOGAN.jpg 302w, https:\/\/elbistanhabermerkezi.com\/wp-content\/uploads\/2024\/07\/ALIDOGAN-105x105.jpg 105w, https:\/\/elbistanhabermerkezi.com\/wp-content\/uploads\/2024\/07\/ALIDOGAN-155x155.jpg 155w, https:\/\/elbistanhabermerkezi.com\/wp-content\/uploads\/2024\/07\/ALIDOGAN-221x221.jpg 221w\" sizes=\"auto, (max-width: 302px) 100vw, 302px\" \/><\/p>\n<p style=\"text-align: justify;\"><strong>B\u00fcy\u00fck\u015fehir Belediyesi, Ekin\u00f6z\u00fc k\u0131rsal\u0131ndaki Ambar ve \u00c7iftlik mahallelerini il\u00e7e merkezine ba\u011flayan 11 kilometrelik grup yolunu iki kat sathi asfaltla yeniliyor. \u00c7al\u0131\u015fmayla g\u00fczerg\u00e2h\u0131n ula\u015f\u0131m standard\u0131 ve vatanda\u015flar\u0131n seyahat konforu art\u0131r\u0131lacak.<\/strong><\/p>\n<p style=\"text-align: justify;\">\n<p style=\"text-align: justify;\">Kahramanmara\u015f B\u00fcy\u00fck\u015fehir Belediyesi, \u015fehir genelinde ula\u015f\u0131m altyap\u0131s\u0131n\u0131 g\u00fc\u00e7lendirmek ve vatanda\u015flara daha g\u00fcvenli, konforlu ve kesintisiz seyahat imk\u00e2n\u0131 sunmak amac\u0131yla yol yat\u0131r\u0131mlar\u0131n\u0131 aral\u0131ks\u0131z s\u00fcrd\u00fcr\u00fcyor. \u015eehir merkezi ve il\u00e7elerde y\u00fcr\u00fct\u00fclen \u00e7al\u0131\u015fmalarla mevcut yollar yenilenirken, \u00f6zellikle k\u0131rsal mahallelerin ula\u015f\u0131m standartlar\u0131n\u0131n y\u00fckseltilmesine y\u00f6nelik yat\u0131r\u0131mlara da a\u011f\u0131rl\u0131k veriliyor. Bu kapsamda Kuzey \u0130l\u00e7eler Dairesi Ba\u015fkanl\u0131\u011f\u0131 ekipleri taraf\u0131ndan Ekin\u00f6z\u00fc k\u0131rsal\u0131nda \u00f6nemli bir ula\u015f\u0131m g\u00fczerg\u00e2h\u0131nda \u00e7al\u0131\u015fma ger\u00e7ekle\u015ftiriliyor. Ambar ve \u00c7iftlik mahallelerinin Ekin\u00f6z\u00fc il\u00e7e merkezine ula\u015f\u0131m\u0131n\u0131 sa\u011flayan 11 kilometrelik grup yolu y\u00fcr\u00fct\u00fclen \u00e7al\u0131\u015fmalarla yenileniyor.<\/p>\n<p style=\"text-align: justify;\">\n<p style=\"text-align: justify;\"><strong>11 Kilometrelik G\u00fczerg\u00e2h Ba\u015ftan Sona Yenileniyor<\/strong><\/p>\n<p style=\"text-align: justify;\">B\u00f6lgedeki ula\u015f\u0131m\u0131n \u00f6nemli g\u00fczerg\u00e2hlar\u0131ndan biri olan grup yolunun bir b\u00f6l\u00fcm\u00fcn\u00fcn mevcut sathi asfalt\u0131n\u0131n zaman i\u00e7erisinde deforme olmas\u0131 nedeniyle ula\u015f\u0131mda \u00e7e\u015fitli sorunlar ya\u015fan\u0131rken, di\u011fer b\u00f6l\u00fcm\u00fcn\u00fcn stabilize olmas\u0131 da \u00f6zellikle ya\u011f\u0131\u015fl\u0131 d\u00f6nemlerde ula\u015f\u0131m konforunu olumsuz etkiliyordu. B\u00fcy\u00fck\u015fehir Belediyesi taraf\u0131ndan ger\u00e7ekle\u015ftirilen \u00e7al\u0131\u015fma kapsam\u0131nda s\u00f6z konusu 11 kilometrelik grup yolunun tamam\u0131nda yol standard\u0131n\u0131n y\u00fckseltilmesi hedefleniyor. \u00c7al\u0131\u015fmalarla g\u00fczerg\u00e2h, iki kat sathi asfaltla kaplanarak daha g\u00fcvenli ve konforlu hale getirilecek. Mevcut asfalt\u0131n yenilenmesi ve stabilize b\u00f6l\u00fcmlerin asfaltla kaplanmas\u0131yla birlikte Ambar ve \u00c7iftlik mahallelerinin il\u00e7e merkeziyle ba\u011flant\u0131s\u0131 g\u00fc\u00e7lendirilirken, b\u00f6lgede ya\u015fayan vatanda\u015flar\u0131n g\u00fcnl\u00fck ula\u015f\u0131m\u0131n\u0131n da kolayla\u015ft\u0131r\u0131lmas\u0131 ama\u00e7lan\u0131yor.<\/p>\n<div id=\"attachment_25696\" style=\"width: 710px\" class=\"wp-caption alignnone\"><img loading=\"lazy\" decoding=\"async\" aria-describedby=\"caption-attachment-25696\" class=\"size-full wp-image-25696\" src=\"https:\/\/elbistanhabermerkezi.com\/wp-content\/uploads\/2026\/09\/Ekinozu-Sathi-Kaplama1.jpg\" alt=\"\" width=\"700\" height=\"394\" srcset=\"https:\/\/elbistanhabermerkezi.com\/wp-content\/uploads\/2026\/09\/Ekinozu-Sathi-Kaplama1.jpg 700w, https:\/\/elbistanhabermerkezi.com\/wp-content\/uploads\/2026\/09\/Ekinozu-Sathi-Kaplama1-600x338.jpg 600w\" sizes=\"auto, (max-width: 700px) 100vw, 700px\" \/><p id=\"caption-attachment-25696\" class=\"wp-caption-text\">default<\/p><\/div>\n<div id=\"attachment_25697\" style=\"width: 710px\" class=\"wp-caption alignnone\"><img loading=\"lazy\" decoding=\"async\" aria-describedby=\"caption-attachment-25697\" class=\"size-full wp-image-25697\" src=\"https:\/\/elbistanhabermerkezi.com\/wp-content\/uploads\/2026\/09\/Ekinozu-Sathi-Kaplama3.jpg\" alt=\"\" width=\"700\" height=\"394\" srcset=\"https:\/\/elbistanhabermerkezi.com\/wp-content\/uploads\/2026\/09\/Ekinozu-Sathi-Kaplama3.jpg 700w, https:\/\/elbistanhabermerkezi.com\/wp-content\/uploads\/2026\/09\/Ekinozu-Sathi-Kaplama3-600x338.jpg 600w\" sizes=\"auto, (max-width: 700px) 100vw, 700px\" \/><p id=\"caption-attachment-25697\" class=\"wp-caption-text\">default<\/p><\/div>\n<div id=\"attachment_25698\" style=\"width: 710px\" class=\"wp-caption alignnone\"><img loading=\"lazy\" decoding=\"async\" aria-describedby=\"caption-attachment-25698\" class=\"size-full wp-image-25698\" src=\"https:\/\/elbistanhabermerkezi.com\/wp-content\/uploads\/2026\/09\/Ekinozu-Sathi-Kaplama5.jpg\" alt=\"\" width=\"700\" height=\"394\" srcset=\"https:\/\/elbistanhabermerkezi.com\/wp-content\/uploads\/2026\/09\/Ekinozu-Sathi-Kaplama5.jpg 700w, https:\/\/elbistanhabermerkezi.com\/wp-content\/uploads\/2026\/09\/Ekinozu-Sathi-Kaplama5-600x338.jpg 600w\" sizes=\"auto, (max-width: 700px) 100vw, 700px\" \/><p id=\"caption-attachment-25698\" class=\"wp-caption-text\">default<\/p><\/div>\n<div id=\"attachment_25699\" style=\"width: 710px\" class=\"wp-caption alignnone\"><img loading=\"lazy\" decoding=\"async\" aria-describedby=\"caption-attachment-25699\" class=\"size-full wp-image-25699\" src=\"https:\/\/elbistanhabermerkezi.com\/wp-content\/uploads\/2026\/09\/Ekinozu-Sathi-Kaplama8.jpg\" alt=\"\" width=\"700\" height=\"394\" srcset=\"https:\/\/elbistanhabermerkezi.com\/wp-content\/uploads\/2026\/09\/Ekinozu-Sathi-Kaplama8.jpg 700w, https:\/\/elbistanhabermerkezi.com\/wp-content\/uploads\/2026\/09\/Ekinozu-Sathi-Kaplama8-600x338.jpg 600w\" sizes=\"auto, (max-width: 700px) 100vw, 700px\" \/><p id=\"caption-attachment-25699\" class=\"wp-caption-text\">default<\/p><\/div>\n<div id=\"attachment_25700\" style=\"width: 710px\" class=\"wp-caption alignnone\"><img loading=\"lazy\" decoding=\"async\" aria-describedby=\"caption-attachment-25700\" class=\"size-full wp-image-25700\" src=\"https:\/\/elbistanhabermerkezi.com\/wp-content\/uploads\/2026\/09\/Ekinozu-Sathi-Kaplama9.jpg\" alt=\"\" width=\"700\" height=\"394\" srcset=\"https:\/\/elbistanhabermerkezi.com\/wp-content\/uploads\/2026\/09\/Ekinozu-Sathi-Kaplama9.jpg 700w, https:\/\/elbistanhabermerkezi.com\/wp-content\/uploads\/2026\/09\/Ekinozu-Sathi-Kaplama9-600x338.jpg 600w\" sizes=\"auto, (max-width: 700px) 100vw, 700px\" \/><p id=\"caption-attachment-25700\" class=\"wp-caption-text\">default<\/p><\/div>\n","protected":false},"excerpt":{"rendered":"<p>B\u00fcy\u00fck\u015fehir Belediyesi, Ekin\u00f6z\u00fc k\u0131rsal\u0131ndaki Ambar ve \u00c7iftlik mahallelerini il\u00e7e merkezine ba\u011flayan 11 kilometrelik grup yolunu iki kat sathi asfaltla yeniliyor. \u00c7al\u0131\u015fmayla g\u00fczerg\u00e2h\u0131n ula\u015f\u0131m standard\u0131 ve vatanda\u015flar\u0131n seyahat konforu art\u0131r\u0131lacak. Kahramanmara\u015f B\u00fcy\u00fck\u015fehir Belediyesi, \u015fehir genelinde ula\u015f\u0131m altyap\u0131s\u0131n\u0131 g\u00fc\u00e7lendirmek ve vatanda\u015flara daha g\u00fcvenli, konforlu ve kesintisiz seyahat imk\u00e2n\u0131 sunmak amac\u0131yla yol yat\u0131r\u0131mlar\u0131n\u0131 aral\u0131ks\u0131z s\u00fcrd\u00fcr\u00fcyor. \u015eehir merkezi ve [&hellip;]<\/p>\n","protected":false},"author":1,"featured_media":25699,"comment_status":"open","ping_status":"open","sticky":false,"template":"","format":"standard","meta":{"_jetpack_memberships_contains_paid_content":false,"footnotes":""},"categories":[2,675,8,12],"tags":[],"class_list":["post-25695","post","type-post","status-publish","format-standard","has-post-thumbnail","hentry","category-3-sayfa","category-ekinozu","category-gundem","category-siyaset"],"jetpack_featured_media_url":"https:\/\/elbistanhabermerkezi.com\/wp-content\/uploads\/2026\/09\/Ekinozu-Sathi-Kaplama8.jpg","jetpack_sharing_enabled":true,"_links":{"self":[{"href":"https:\/\/elbistanhabermerkezi.com\/index.php\/wp-json\/wp\/v2\/posts\/25695","targetHints":{"allow":["GET"]}}],"collection":[{"href":"https:\/\/elbistanhabermerkezi.com\/index.php\/wp-json\/wp\/v2\/posts"}],"about":[{"href":"https:\/\/elbistanhabermerkezi.com\/index.php\/wp-json\/wp\/v2\/types\/post"}],"author":[{"embeddable":true,"href":"https:\/\/elbistanhabermerkezi.com\/index.php\/wp-json\/wp\/v2\/users\/1"}],"replies":[{"embeddable":true,"href":"https:\/\/elbistanhabermerkezi.com\/index.php\/wp-json\/wp\/v2\/comments?post=25695"}],"version-history":[{"count":1,"href":"https:\/\/elbistanhabermerkezi.com\/index.php\/wp-json\/wp\/v2\/posts\/25695\/revisions"}],"predecessor-version":[{"id":25701,"href":"https:\/\/elbistanhabermerkezi.com\/index.php\/wp-json\/wp\/v2\/posts\/25695\/revisions\/25701"}],"wp:featuredmedia":[{"embeddable":true,"href":"https:\/\/elbistanhabermerkezi.com\/index.php\/wp-json\/wp\/v2\/media\/25699"}],"wp:attachment":[{"href":"https:\/\/elbistanhabermerkezi.com\/index.php\/wp-json\/wp\/v2\/media?parent=25695"}],"wp:term":[{"taxonomy":"category","embeddable":true,"href":"https:\/\/elbistanhabermerkezi.com\/index.php\/wp-json\/wp\/v2\/categories?post=25695"},{"taxonomy":"post_tag","embeddable":true,"href":"https:\/\/elbistanhabermerkezi.com\/index.php\/wp-json\/wp\/v2\/tags?post=25695"}],"curies":[{"name":"wp","href":"https:\/\/api.w.org\/{rel}","templated":true}]}}