{"id":25669,"date":"2026-09-02T11:07:27","date_gmt":"2026-09-02T11:07:27","guid":{"rendered":"https:\/\/elbistanhabermerkezi.com\/?p=25669"},"modified":"2026-09-02T11:07:27","modified_gmt":"2026-09-02T11:07:27","slug":"elbistanda-buyuksehirin-asfalt-calismalarina-esnaf-ve-vatandastan-tam-not","status":"publish","type":"post","link":"https:\/\/elbistanhabermerkezi.com\/index.php\/2026\/09\/02\/elbistanda-buyuksehirin-asfalt-calismalarina-esnaf-ve-vatandastan-tam-not\/","title":{"rendered":"Elbistan\u2019da B\u00fcy\u00fck\u015fehir\u2019in Asfalt \u00c7al\u0131\u015fmalar\u0131na Esnaf ve Vatanda\u015ftan Tam Not."},"content":{"rendered":"<p style=\"text-align: justify;\"><img loading=\"lazy\" decoding=\"async\" class=\"alignnone size-full wp-image-15355\" src=\"https:\/\/elbistanhabermerkezi.com\/wp-content\/uploads\/2024\/07\/ALIDOGAN.jpg\" alt=\"\" width=\"302\" height=\"302\" srcset=\"https:\/\/elbistanhabermerkezi.com\/wp-content\/uploads\/2024\/07\/ALIDOGAN.jpg 302w, https:\/\/elbistanhabermerkezi.com\/wp-content\/uploads\/2024\/07\/ALIDOGAN-105x105.jpg 105w, https:\/\/elbistanhabermerkezi.com\/wp-content\/uploads\/2024\/07\/ALIDOGAN-155x155.jpg 155w, https:\/\/elbistanhabermerkezi.com\/wp-content\/uploads\/2024\/07\/ALIDOGAN-221x221.jpg 221w\" sizes=\"auto, (max-width: 302px) 100vw, 302px\" \/><\/p>\n<p style=\"text-align: justify;\"><strong>B\u00fcy\u00fck\u015fehir Belediyesinin Elbistan\u2019da s\u00fcrd\u00fcrd\u00fc\u011f\u00fc s\u0131cak asfalt \u00e7al\u0131\u015fmalar\u0131, esnaf ve vatanda\u015flardan tam not ald\u0131. Deprem sonras\u0131 ula\u015f\u0131mda ya\u015fanan sorunlar\u0131n bir bir \u00e7\u00f6z\u00fcme kavu\u015fturuldu\u011funu belirten Elbistanl\u0131lar, yenilenen yollarla birlikte ula\u015f\u0131m konforunun artt\u0131\u011f\u0131n\u0131 ifade etti.<\/strong><\/p>\n<p style=\"text-align: justify;\">\n<p style=\"text-align: justify;\">Kahramanmara\u015f B\u00fcy\u00fck\u015fehir Belediyesi, 6 \u015eubat depremlerinin ard\u0131ndan yeniden aya\u011fa kald\u0131rma \u00e7al\u0131\u015fmalar\u0131n\u0131n s\u00fcrd\u00fc\u011f\u00fc Elbistan\u2019da ula\u015f\u0131m yat\u0131r\u0131mlar\u0131na h\u0131z kesmeden devam ediyor. \u0130l\u00e7enin cadde ve sokaklar\u0131nda s\u00fcrd\u00fcr\u00fclen s\u0131cak asfalt \u00e7al\u0131\u015fmalar\u0131, g\u00fcnl\u00fck ya\u015fam\u0131 kolayla\u015ft\u0131r\u0131rken esnaf ve vatanda\u015flar\u0131n da memnuniyetini beraberinde getiriyor. Kuzey \u0130l\u00e7eler Dairesi Ba\u015fkanl\u0131\u011f\u0131 koordinesinde y\u00fcr\u00fct\u00fclen \u00e7al\u0131\u015fmalar kapsam\u0131nda Elbistan\u2019\u0131n farkl\u0131 noktalar\u0131nda ekipler taraf\u0131ndan yo\u011fun bir asfalt mesaisi ger\u00e7ekle\u015ftiriliyor. P\u0131narba\u015f\u0131, Hac\u0131 Esat Efendi, S\u00f6\u011f\u00fctl\u00fc, K\u00fcmbet, Tepeba\u015f\u0131 ve Darende caddeleri ile Dr. Devlet Bah\u00e7eli Bulvar\u0131\u2019nda \u00f6nemli a\u015famalar geride b\u0131rak\u0131l\u0131rken, baz\u0131 g\u00fczerg\u00e2hlarda ilk kat s\u0131cak asfalt serimi tamamlanarak yollar yeniden vatanda\u015flar\u0131n kullan\u0131m\u0131na a\u00e7\u0131ld\u0131. Di\u011fer noktalarda ise \u00e7al\u0131\u015fmalar aral\u0131ks\u0131z s\u00fcrd\u00fcr\u00fcl\u00fcyor.<\/p>\n<p style=\"text-align: justify;\">\n<p style=\"text-align: justify;\"><strong>\u201cToz Topraktan Kurtuluyor, Daha Konforlu Ula\u015f\u0131ma Kavu\u015fuyoruz\u201d<\/strong><\/p>\n<p style=\"text-align: justify;\">Asfalt \u00e7al\u0131\u015fmalar\u0131n\u0131n y\u00fcr\u00fct\u00fcld\u00fc\u011f\u00fc b\u00f6lgelerde faaliyet g\u00f6steren esnaf, yenilenen yollar\u0131n hem ula\u015f\u0131m hem de ticari hayat a\u00e7\u0131s\u0131ndan \u00f6nemli bir kazan\u0131m oldu\u011funu ifade ediyor. Hac\u0131 Esat Efendi Caddesi esnaflar\u0131ndan Seyit Burhan Balta, B\u00fcy\u00fck\u015fehir Belediyesinin \u00e7al\u0131\u015fmalar\u0131ndan duydu\u011fu memnuniyeti dile getirerek, \u201cB\u00fcy\u00fck\u015fehir Belediyemiz sa\u011f olsun Elbistan\u2019da \u00e7ok g\u00fczel \u00e7al\u0131\u015fmalar yap\u0131yor. F\u0131rat G\u00f6rgel Ba\u015fkan\u0131m\u0131za te\u015fekk\u00fcr ederiz, yollar\u0131m\u0131z\u0131 yeniliyor. Bu \u00e7al\u0131\u015fmalarla toz topraktan kurtuluyor, daha konforlu bir ula\u015f\u0131ma kavu\u015fuyoruz\u201d dedi. Bir di\u011fer esnaf Nevruz \u00d6zak ise deprem sonras\u0131nda ula\u015f\u0131m konusunda ciddi s\u0131k\u0131nt\u0131lar ya\u015fand\u0131\u011f\u0131n\u0131 belirterek, \u201cDepremden sonra ula\u015f\u0131mda b\u00fcy\u00fck sorunlar ya\u015fad\u0131k ancak B\u00fcy\u00fck\u015fehir Belediyemiz caddelerimizi bir bir yenileyerek art\u0131k bu sorunlar\u0131 k\u00f6kten \u00e7\u00f6z\u00fcme kavu\u015fturuyor. F\u0131rat G\u00f6rgel Ba\u015fkan\u0131m\u0131za \u00e7ok te\u015fekk\u00fcr ederiz\u201d ifadelerini kulland\u0131.<\/p>\n<p style=\"text-align: justify;\">\n<p style=\"text-align: justify;\"><strong>\u201cHangi Caddeye Baksak B\u00fcy\u00fck\u015fehir Ekiplerini G\u00f6r\u00fcyoruz\u201d<\/strong><\/p>\n<p style=\"text-align: justify;\">Elbistan Hal Dernek Ba\u015fkan\u0131 Ayhan \u00c7olak da il\u00e7enin farkl\u0131 noktalar\u0131nda y\u00fcr\u00fct\u00fclen \u00e7al\u0131\u015fmalara dikkat \u00e7ekerek, \u201cB\u00fcy\u00fck\u015fehir Belediyemiz Elbistan\u2019\u0131m\u0131z\u0131n her bir yan\u0131nda asfalt \u00e7al\u0131\u015fmalar\u0131n\u0131 s\u00fcrd\u00fcr\u00fcyor. Hangi caddeye baksak B\u00fcy\u00fck\u015fehir Belediyemizin ekiplerinin \u00e7al\u0131\u015fmalar\u0131na denk geliyoruz. \u00c7al\u0131\u015fmalardan \u00e7ok memnunuz. F\u0131rat G\u00f6rgel Ba\u015fkan\u0131m\u0131za ve ekibine \u00e7ok te\u015fekk\u00fcr ediyorum\u201d diye konu\u015ftu. \u0130l\u00e7e sakinlerinden \u00c7a\u011fr\u0131 F\u0131nd\u0131k ise deprem sonras\u0131 \u00f6zellikle altyap\u0131 ve ula\u015f\u0131m alan\u0131nda \u00f6nemli \u00e7al\u0131\u015fmalar ger\u00e7ekle\u015ftirildi\u011fini belirterek, \u201cMalum b\u00fcy\u00fck bir deprem atlatt\u0131k. B\u00fcy\u00fck\u015fehir Belediyemiz deprem sonras\u0131 il\u00e7emizde altyap\u0131 ve yol anlam\u0131nda \u00e7ok b\u00fcy\u00fck \u00e7al\u0131\u015fmalar yap\u0131yor. F\u0131rat G\u00f6rgel Ba\u015fkan\u0131m\u0131zdan \u00e7ok raz\u0131y\u0131z. Taleplerimizi direkt kendisine ula\u015ft\u0131rabiliyor, kendisinden yard\u0131m isteyebiliyoruz. F\u0131rat Ba\u015fkan\u0131m\u0131z ve ekibine \u00e7ok te\u015fekk\u00fcr ediyoruz\u201d dedi. P\u0131narba\u015f\u0131 Caddesi esnaflar\u0131ndan Yavuz F\u0131nd\u0131k da Elbistan\u2019\u0131n depremde b\u00fcy\u00fck bir y\u0131k\u0131m ya\u015fad\u0131\u011f\u0131n\u0131 hat\u0131rlatarak, \u201cElbistan depremde b\u00fcy\u00fck bir y\u0131k\u0131ma u\u011frad\u0131 ancak B\u00fcy\u00fck\u015fehir Belediyemiz sa\u011f olsun her anlamda il\u00e7emizi yaln\u0131z b\u0131rakm\u0131yor. \u00c7ok g\u00fczel \u00e7al\u0131\u015fmalara imza at\u0131l\u0131yor. \u0130n\u015fallah birka\u00e7 ay i\u00e7erisinde Elbistan \u00e7ok daha g\u00fczel bir g\u00f6r\u00fcn\u00fcme kavu\u015facak\u201d ifadelerini kulland\u0131.<\/p>\n<p style=\"text-align: justify;\">\n<p style=\"text-align: justify;\"><strong>30 Kilometrelik Yol Yenilenecek<\/strong><\/p>\n<p style=\"text-align: justify;\">Esnaf ve vatanda\u015flar\u0131n memnuniyetini art\u0131ran \u00e7al\u0131\u015fmalar kapsam\u0131nda Elbistan\u2019da bug\u00fcne kadar 20 kilometrelik arter s\u0131cak asfaltla bulu\u015fturuldu. \u00c7al\u0131\u015fma program\u0131 kapsam\u0131nda bu y\u0131l P\u0131narba\u015f\u0131, Hac\u0131 Esat Efendi, S\u00f6\u011f\u00fctl\u00fc, Dr. Devlet Bah\u00e7eli, Darende, Tepeba\u015f\u0131, \u0130brahim Kurt, K\u00fcmbet, Karaelbistan, Recep Tayyip Erdo\u011fan, \u00c7ilingir, Akba\u015f, G\u00fcrb\u00fcz Turak ve Malatya caddelerinin asfalt\u0131n\u0131n ba\u015ftan sona yenilenmesi planlan\u0131yor. Dr. Devlet Bah\u00e7eli Bulvar\u0131 ile Hac\u0131 Esat Efendi, P\u0131narba\u015f\u0131 ve S\u00f6\u011f\u00fctl\u00fc caddelerinde ise asfalt \u00e7al\u0131\u015fmalar\u0131n\u0131n yan\u0131 s\u0131ra y\u00fcr\u00fcy\u00fc\u015f yollar\u0131, ayd\u0131nlatma ve peyzaj d\u00fczenlemeleri de ger\u00e7ekle\u015ftirilecek. B\u00f6ylece s\u00f6z konusu g\u00fczerg\u00e2hlar\u0131n hem ula\u015f\u0131m konforunun hem de \u015fehir esteti\u011finin art\u0131r\u0131lmas\u0131 hedefleniyor. Planlanan \u00e7al\u0131\u015fmalar\u0131n tamamlanmas\u0131yla Elbistan\u2019da toplam 30 kilometrelik yol s\u0131cak asfaltla bulu\u015fturulacak. \u00c7al\u0131\u015fmalarda 150 bin ton s\u0131cak asfalt kullan\u0131lmas\u0131 planlan\u0131rken, yat\u0131r\u0131m\u0131n toplam maliyetinin 500 Milyon TL\u2019nin \u00fczerinde olmas\u0131 \u00f6ng\u00f6r\u00fcl\u00fcyor.<\/p>\n<p style=\"text-align: justify;\"><img loading=\"lazy\" decoding=\"async\" class=\"alignnone size-full wp-image-25670\" src=\"https:\/\/elbistanhabermerkezi.com\/wp-content\/uploads\/2026\/09\/Elbistan1.jpg\" alt=\"\" width=\"700\" height=\"394\" srcset=\"https:\/\/elbistanhabermerkezi.com\/wp-content\/uploads\/2026\/09\/Elbistan1.jpg 700w, https:\/\/elbistanhabermerkezi.com\/wp-content\/uploads\/2026\/09\/Elbistan1-600x338.jpg 600w\" sizes=\"auto, (max-width: 700px) 100vw, 700px\" \/> <img loading=\"lazy\" decoding=\"async\" class=\"alignnone size-full wp-image-25671\" src=\"https:\/\/elbistanhabermerkezi.com\/wp-content\/uploads\/2026\/09\/Elbistan4.jpg\" alt=\"\" width=\"700\" height=\"394\" srcset=\"https:\/\/elbistanhabermerkezi.com\/wp-content\/uploads\/2026\/09\/Elbistan4.jpg 700w, https:\/\/elbistanhabermerkezi.com\/wp-content\/uploads\/2026\/09\/Elbistan4-600x338.jpg 600w\" sizes=\"auto, (max-width: 700px) 100vw, 700px\" \/> <img loading=\"lazy\" decoding=\"async\" class=\"alignnone size-full wp-image-25672\" src=\"https:\/\/elbistanhabermerkezi.com\/wp-content\/uploads\/2026\/09\/Elbistan8.jpg\" alt=\"\" width=\"700\" height=\"394\" srcset=\"https:\/\/elbistanhabermerkezi.com\/wp-content\/uploads\/2026\/09\/Elbistan8.jpg 700w, https:\/\/elbistanhabermerkezi.com\/wp-content\/uploads\/2026\/09\/Elbistan8-600x338.jpg 600w\" sizes=\"auto, (max-width: 700px) 100vw, 700px\" \/> <img loading=\"lazy\" decoding=\"async\" class=\"alignnone size-full wp-image-25673\" src=\"https:\/\/elbistanhabermerkezi.com\/wp-content\/uploads\/2026\/09\/Elbistan10.jpg\" alt=\"\" width=\"700\" height=\"394\" srcset=\"https:\/\/elbistanhabermerkezi.com\/wp-content\/uploads\/2026\/09\/Elbistan10.jpg 700w, https:\/\/elbistanhabermerkezi.com\/wp-content\/uploads\/2026\/09\/Elbistan10-600x338.jpg 600w\" sizes=\"auto, (max-width: 700px) 100vw, 700px\" \/><\/p>\n<div id=\"attachment_25674\" style=\"width: 710px\" class=\"wp-caption alignnone\"><img loading=\"lazy\" decoding=\"async\" aria-describedby=\"caption-attachment-25674\" class=\"size-full wp-image-25674\" src=\"https:\/\/elbistanhabermerkezi.com\/wp-content\/uploads\/2026\/09\/Elbistan21.jpg\" alt=\"\" width=\"700\" height=\"394\" srcset=\"https:\/\/elbistanhabermerkezi.com\/wp-content\/uploads\/2026\/09\/Elbistan21.jpg 700w, https:\/\/elbistanhabermerkezi.com\/wp-content\/uploads\/2026\/09\/Elbistan21-600x338.jpg 600w\" sizes=\"auto, (max-width: 700px) 100vw, 700px\" \/><p id=\"caption-attachment-25674\" class=\"wp-caption-text\">default<\/p><\/div>\n","protected":false},"excerpt":{"rendered":"<p>B\u00fcy\u00fck\u015fehir Belediyesinin Elbistan\u2019da s\u00fcrd\u00fcrd\u00fc\u011f\u00fc s\u0131cak asfalt \u00e7al\u0131\u015fmalar\u0131, esnaf ve vatanda\u015flardan tam not ald\u0131. Deprem sonras\u0131 ula\u015f\u0131mda ya\u015fanan sorunlar\u0131n bir bir \u00e7\u00f6z\u00fcme kavu\u015fturuldu\u011funu belirten Elbistanl\u0131lar, yenilenen yollarla birlikte ula\u015f\u0131m konforunun artt\u0131\u011f\u0131n\u0131 ifade etti. Kahramanmara\u015f B\u00fcy\u00fck\u015fehir Belediyesi, 6 \u015eubat depremlerinin ard\u0131ndan yeniden aya\u011fa kald\u0131rma \u00e7al\u0131\u015fmalar\u0131n\u0131n s\u00fcrd\u00fc\u011f\u00fc Elbistan\u2019da ula\u015f\u0131m yat\u0131r\u0131mlar\u0131na h\u0131z kesmeden devam ediyor. \u0130l\u00e7enin cadde ve sokaklar\u0131nda [&hellip;]<\/p>\n","protected":false},"author":1,"featured_media":25671,"comment_status":"open","ping_status":"open","sticky":false,"template":"","format":"standard","meta":{"_jetpack_memberships_contains_paid_content":false,"footnotes":""},"categories":[2,6,8,12],"tags":[],"class_list":["post-25669","post","type-post","status-publish","format-standard","has-post-thumbnail","hentry","category-3-sayfa","category-ekonomi","category-gundem","category-siyaset"],"jetpack_featured_media_url":"https:\/\/elbistanhabermerkezi.com\/wp-content\/uploads\/2026\/09\/Elbistan4.jpg","jetpack_sharing_enabled":true,"_links":{"self":[{"href":"https:\/\/elbistanhabermerkezi.com\/index.php\/wp-json\/wp\/v2\/posts\/25669","targetHints":{"allow":["GET"]}}],"collection":[{"href":"https:\/\/elbistanhabermerkezi.com\/index.php\/wp-json\/wp\/v2\/posts"}],"about":[{"href":"https:\/\/elbistanhabermerkezi.com\/index.php\/wp-json\/wp\/v2\/types\/post"}],"author":[{"embeddable":true,"href":"https:\/\/elbistanhabermerkezi.com\/index.php\/wp-json\/wp\/v2\/users\/1"}],"replies":[{"embeddable":true,"href":"https:\/\/elbistanhabermerkezi.com\/index.php\/wp-json\/wp\/v2\/comments?post=25669"}],"version-history":[{"count":1,"href":"https:\/\/elbistanhabermerkezi.com\/index.php\/wp-json\/wp\/v2\/posts\/25669\/revisions"}],"predecessor-version":[{"id":25675,"href":"https:\/\/elbistanhabermerkezi.com\/index.php\/wp-json\/wp\/v2\/posts\/25669\/revisions\/25675"}],"wp:featuredmedia":[{"embeddable":true,"href":"https:\/\/elbistanhabermerkezi.com\/index.php\/wp-json\/wp\/v2\/media\/25671"}],"wp:attachment":[{"href":"https:\/\/elbistanhabermerkezi.com\/index.php\/wp-json\/wp\/v2\/media?parent=25669"}],"wp:term":[{"taxonomy":"category","embeddable":true,"href":"https:\/\/elbistanhabermerkezi.com\/index.php\/wp-json\/wp\/v2\/categories?post=25669"},{"taxonomy":"post_tag","embeddable":true,"href":"https:\/\/elbistanhabermerkezi.com\/index.php\/wp-json\/wp\/v2\/tags?post=25669"}],"curies":[{"name":"wp","href":"https:\/\/api.w.org\/{rel}","templated":true}]}}