{"id":25656,"date":"2026-08-31T15:56:58","date_gmt":"2026-08-31T15:56:58","guid":{"rendered":"https:\/\/elbistanhabermerkezi.com\/?p=25656"},"modified":"2026-08-31T15:56:58","modified_gmt":"2026-08-31T15:56:58","slug":"tarihi-katiphan-sokaginda-donusum-suruyor","status":"publish","type":"post","link":"https:\/\/elbistanhabermerkezi.com\/index.php\/2026\/08\/31\/tarihi-katiphan-sokaginda-donusum-suruyor\/","title":{"rendered":"Tarihi Katiphan Soka\u011f\u0131\u2019nda D\u00f6n\u00fc\u015f\u00fcm S\u00fcr\u00fcyor."},"content":{"rendered":"<p style=\"text-align: justify;\"><img loading=\"lazy\" decoding=\"async\" class=\"alignnone size-full wp-image-15355\" src=\"https:\/\/elbistanhabermerkezi.com\/wp-content\/uploads\/2024\/07\/ALIDOGAN.jpg\" alt=\"\" width=\"302\" height=\"302\" srcset=\"https:\/\/elbistanhabermerkezi.com\/wp-content\/uploads\/2024\/07\/ALIDOGAN.jpg 302w, https:\/\/elbistanhabermerkezi.com\/wp-content\/uploads\/2024\/07\/ALIDOGAN-105x105.jpg 105w, https:\/\/elbistanhabermerkezi.com\/wp-content\/uploads\/2024\/07\/ALIDOGAN-155x155.jpg 155w, https:\/\/elbistanhabermerkezi.com\/wp-content\/uploads\/2024\/07\/ALIDOGAN-221x221.jpg 221w\" sizes=\"auto, (max-width: 302px) 100vw, 302px\" \/><\/p>\n<p style=\"text-align: justify;\"><strong>B\u00fcy\u00fck\u015fehir Belediyesi, tarihi ada i\u00e7erisinde yer alan ve Kapal\u0131 \u00c7ar\u015f\u0131\u2019ya ba\u011flanan Katiphan Soka\u011f\u0131\u2019nda cephe, zemin, altyap\u0131 ve ayd\u0131nlatma \u00e7al\u0131\u015fmalar\u0131n\u0131 kapsayan yenileme \u00e7al\u0131\u015fmalar\u0131n\u0131 s\u00fcrd\u00fcr\u00fcyor.<\/strong><\/p>\n<p style=\"text-align: justify;\">\n<p style=\"text-align: justify;\">Kahramanmara\u015f B\u00fcy\u00fck\u015fehir Belediyesi, \u015fehrin tarihi dokusunu koruyan ve ge\u00e7mi\u015f ile gelecek aras\u0131nda ba\u011f kuran yat\u0131r\u0131mlar\u0131na h\u0131z kesmeden devam ediyor. Daha estetik, d\u00fczenli ve ya\u015fanabilir bir \u015fehir hedefi do\u011frultusunda s\u00fcrd\u00fcr\u00fclen \u00e7al\u0131\u015fmalarla, Kahramanmara\u015f\u2019\u0131n tarihi kent merkezinin \u00f6zg\u00fcn kimli\u011finin g\u00fc\u00e7lendirilmesi ama\u00e7lan\u0131yor. Bu do\u011frultuda B\u00fcy\u00fck\u015fehir Belediyesi taraf\u0131ndan tarihi ada i\u00e7erisinde yer alan, Kapal\u0131 \u00c7ar\u015f\u0131\u2019ya ba\u011flant\u0131 sa\u011flayan ve Katiphan Soka\u011f\u0131 olarak bilinen 42015. Sokak\u2019ta sa\u011fl\u0131kla\u015ft\u0131rma \u00e7al\u0131\u015fmalar\u0131 ger\u00e7ekle\u015ftiriliyor. Proje, \u0130mar ve \u015eehircilik Dairesi Ba\u015fkanl\u0131\u011f\u0131 b\u00fcnyesinde faaliyet g\u00f6steren KUDEB \u015eube M\u00fcd\u00fcrl\u00fc\u011f\u00fc koordinesinde y\u00fcr\u00fct\u00fcl\u00fcyor.<\/p>\n<p style=\"text-align: justify;\"><strong>\u00a0<\/strong><\/p>\n<p style=\"text-align: justify;\"><strong>Tarihi Dokuya Uyumlu Yenileme<\/strong><\/p>\n<p style=\"text-align: justify;\">\u00c7al\u0131\u015fmalar kapsam\u0131nda sokakta kapsaml\u0131 bir d\u00f6n\u00fc\u015f\u00fcm ger\u00e7ekle\u015ftiriliyor. Tarihi dokuyla uyumlu \u015fekilde planlanan kentsel tasar\u0131m uygulamalar\u0131yla hem yap\u0131lar\u0131n cepheleri hem de sokak zeminleri yenileniyor. Sokakta bulunan yap\u0131lar\u0131n cephelerinde iyile\u015ftirme ve d\u00fczenleme \u00e7al\u0131\u015fmalar\u0131 ger\u00e7ekle\u015ftirilirken, mevcut zemin d\u00f6\u015femeleri de yenileniyor. B\u00f6ylece b\u00f6lgenin estetik g\u00f6r\u00fcn\u00fcm\u00fcn\u00fcn g\u00fc\u00e7lendirilmesinin yan\u0131 s\u0131ra vatanda\u015flar\u0131n sokaktan daha konforlu \u015fekilde faydalanabilmesi hedefleniyor. Ekipler bir yandan yap\u0131 cepheleri ve duvarlarda yenileme \u00e7al\u0131\u015fmalar\u0131n\u0131 s\u00fcrd\u00fcr\u00fcrken di\u011fer yandan soka\u011f\u0131n altyap\u0131s\u0131n\u0131 da elden ge\u00e7iriyor. Proje kapsam\u0131nda su, elektrik ve do\u011falgaz altyap\u0131lar\u0131nda da yenileme \u00e7al\u0131\u015fmalar\u0131 ger\u00e7ekle\u015ftiriliyor.<\/p>\n<p style=\"text-align: justify;\">\n<p style=\"text-align: justify;\"><strong>Modern Ayd\u0131nlatmayla Tarihi Atmosfer Yans\u0131tacak<\/strong><\/p>\n<p style=\"text-align: justify;\">Sa\u011fl\u0131kla\u015ft\u0131rma projesinin \u00f6nemli unsurlar\u0131ndan birini de ayd\u0131nlatma \u00e7al\u0131\u015fmalar\u0131 olu\u015fturuyor. Sokakta kullan\u0131lacak ayd\u0131nlatma elemanlar\u0131, b\u00f6lgenin tarihi karakteriyle uyumlu ve modern tasar\u0131mlarla yenilenecek. Ayd\u0131nlatma d\u00fczenlemelerinin tamamlanmas\u0131yla Katiphan Soka\u011f\u0131\u2019n\u0131n \u00f6zellikle ak\u015fam saatlerinde de tarihi atmosferini yans\u0131tmas\u0131 hedefleniyor. B\u00f6ylece sokak; vatanda\u015flar, esnaflar ve Kahramanmara\u015f\u2019\u0131n tarihi merkezini ziyaret eden yerli ve yabanc\u0131 misafirler a\u00e7\u0131s\u0131ndan daha cazip bir mek\u00e2na d\u00f6n\u00fc\u015fecek.<\/p>\n<p style=\"text-align: justify;\">\n<p style=\"text-align: justify;\"><strong>Tarihi Kent Merkezinin Kimli\u011fi G\u00fc\u00e7lenecek<\/strong><\/p>\n<p style=\"text-align: justify;\">Kahramanmara\u015f\u2019\u0131n tarihi ada b\u00f6lgesi i\u00e7erisinde \u00f6nemli bir konumda bulunan 42015. Sokak\u2019ta ger\u00e7ekle\u015ftirilen \u00e7al\u0131\u015fmalar\u0131n tamamlanmas\u0131yla birlikte, soka\u011f\u0131n tarihi \u00e7evreyle b\u00fct\u00fcnle\u015fen nitelikli bir g\u00f6r\u00fcn\u00fcme kavu\u015fmas\u0131 hedefleniyor. Yap\u0131 cephelerinden zemin kaplamalar\u0131na, altyap\u0131dan ayd\u0131nlatmaya kadar pek \u00e7ok ba\u015fl\u0131kta ger\u00e7ekle\u015ftirilen \u00e7al\u0131\u015fmalarla Katiphan Soka\u011f\u0131\u2019n\u0131n tarihi kimli\u011fi korunurken, b\u00f6lgenin g\u00fcn\u00fcm\u00fcz ihtiya\u00e7lar\u0131na uygun \u015fekilde yeniden d\u00fczenlenmesi sa\u011flanacak. \u00c7al\u0131\u015fmalar\u0131n tamamlanmas\u0131yla 42015. Sokak\u2019\u0131n, tarihi adan\u0131n b\u00fct\u00fcnc\u00fcl kimli\u011fini destekleyen, Kapal\u0131 \u00c7ar\u015f\u0131 ve \u00e7evresinin estetik de\u011ferini art\u0131ran, Kahramanmara\u015f\u2019\u0131n tarihi merkezine yak\u0131\u015f\u0131r nitelikli bir sokak g\u00f6r\u00fcn\u00fcm\u00fcne kavu\u015fmas\u0131 ama\u00e7lan\u0131yor.<\/p>\n<div id=\"attachment_25657\" style=\"width: 710px\" class=\"wp-caption alignnone\"><img loading=\"lazy\" decoding=\"async\" aria-describedby=\"caption-attachment-25657\" class=\"size-full wp-image-25657\" src=\"https:\/\/elbistanhabermerkezi.com\/wp-content\/uploads\/2026\/08\/Katiphan-Sokagi1.jpg\" alt=\"\" width=\"700\" height=\"394\" srcset=\"https:\/\/elbistanhabermerkezi.com\/wp-content\/uploads\/2026\/08\/Katiphan-Sokagi1.jpg 700w, https:\/\/elbistanhabermerkezi.com\/wp-content\/uploads\/2026\/08\/Katiphan-Sokagi1-600x338.jpg 600w\" sizes=\"auto, (max-width: 700px) 100vw, 700px\" \/><p id=\"caption-attachment-25657\" class=\"wp-caption-text\">default<\/p><\/div>\n<p style=\"text-align: justify;\"><img loading=\"lazy\" decoding=\"async\" class=\"alignnone size-full wp-image-25658\" src=\"https:\/\/elbistanhabermerkezi.com\/wp-content\/uploads\/2026\/08\/Katiphan-Sokagi3.jpg\" alt=\"\" width=\"700\" height=\"394\" srcset=\"https:\/\/elbistanhabermerkezi.com\/wp-content\/uploads\/2026\/08\/Katiphan-Sokagi3.jpg 700w, https:\/\/elbistanhabermerkezi.com\/wp-content\/uploads\/2026\/08\/Katiphan-Sokagi3-600x338.jpg 600w\" sizes=\"auto, (max-width: 700px) 100vw, 700px\" \/> <img loading=\"lazy\" decoding=\"async\" class=\"alignnone size-full wp-image-25659\" src=\"https:\/\/elbistanhabermerkezi.com\/wp-content\/uploads\/2026\/08\/Oncesi1.jpeg\" alt=\"\" width=\"700\" height=\"393\" srcset=\"https:\/\/elbistanhabermerkezi.com\/wp-content\/uploads\/2026\/08\/Oncesi1.jpeg 700w, https:\/\/elbistanhabermerkezi.com\/wp-content\/uploads\/2026\/08\/Oncesi1-600x337.jpeg 600w\" sizes=\"auto, (max-width: 700px) 100vw, 700px\" \/> <img loading=\"lazy\" decoding=\"async\" class=\"alignnone size-full wp-image-25660\" src=\"https:\/\/elbistanhabermerkezi.com\/wp-content\/uploads\/2026\/08\/Proje-Gorseli.jpg\" alt=\"\" width=\"700\" height=\"394\" srcset=\"https:\/\/elbistanhabermerkezi.com\/wp-content\/uploads\/2026\/08\/Proje-Gorseli.jpg 700w, https:\/\/elbistanhabermerkezi.com\/wp-content\/uploads\/2026\/08\/Proje-Gorseli-600x338.jpg 600w\" sizes=\"auto, (max-width: 700px) 100vw, 700px\" \/><\/p>\n","protected":false},"excerpt":{"rendered":"<p>B\u00fcy\u00fck\u015fehir Belediyesi, tarihi ada i\u00e7erisinde yer alan ve Kapal\u0131 \u00c7ar\u015f\u0131\u2019ya ba\u011flanan Katiphan Soka\u011f\u0131\u2019nda cephe, zemin, altyap\u0131 ve ayd\u0131nlatma \u00e7al\u0131\u015fmalar\u0131n\u0131 kapsayan yenileme \u00e7al\u0131\u015fmalar\u0131n\u0131 s\u00fcrd\u00fcr\u00fcyor. Kahramanmara\u015f B\u00fcy\u00fck\u015fehir Belediyesi, \u015fehrin tarihi dokusunu koruyan ve ge\u00e7mi\u015f ile gelecek aras\u0131nda ba\u011f kuran yat\u0131r\u0131mlar\u0131na h\u0131z kesmeden devam ediyor. Daha estetik, d\u00fczenli ve ya\u015fanabilir bir \u015fehir hedefi do\u011frultusunda s\u00fcrd\u00fcr\u00fclen \u00e7al\u0131\u015fmalarla, Kahramanmara\u015f\u2019\u0131n tarihi [&hellip;]<\/p>\n","protected":false},"author":1,"featured_media":25660,"comment_status":"open","ping_status":"open","sticky":false,"template":"","format":"standard","meta":{"_jetpack_memberships_contains_paid_content":false,"footnotes":""},"categories":[2,8,12],"tags":[],"class_list":["post-25656","post","type-post","status-publish","format-standard","has-post-thumbnail","hentry","category-3-sayfa","category-gundem","category-siyaset"],"jetpack_featured_media_url":"https:\/\/elbistanhabermerkezi.com\/wp-content\/uploads\/2026\/08\/Proje-Gorseli.jpg","jetpack_sharing_enabled":true,"_links":{"self":[{"href":"https:\/\/elbistanhabermerkezi.com\/index.php\/wp-json\/wp\/v2\/posts\/25656","targetHints":{"allow":["GET"]}}],"collection":[{"href":"https:\/\/elbistanhabermerkezi.com\/index.php\/wp-json\/wp\/v2\/posts"}],"about":[{"href":"https:\/\/elbistanhabermerkezi.com\/index.php\/wp-json\/wp\/v2\/types\/post"}],"author":[{"embeddable":true,"href":"https:\/\/elbistanhabermerkezi.com\/index.php\/wp-json\/wp\/v2\/users\/1"}],"replies":[{"embeddable":true,"href":"https:\/\/elbistanhabermerkezi.com\/index.php\/wp-json\/wp\/v2\/comments?post=25656"}],"version-history":[{"count":1,"href":"https:\/\/elbistanhabermerkezi.com\/index.php\/wp-json\/wp\/v2\/posts\/25656\/revisions"}],"predecessor-version":[{"id":25661,"href":"https:\/\/elbistanhabermerkezi.com\/index.php\/wp-json\/wp\/v2\/posts\/25656\/revisions\/25661"}],"wp:featuredmedia":[{"embeddable":true,"href":"https:\/\/elbistanhabermerkezi.com\/index.php\/wp-json\/wp\/v2\/media\/25660"}],"wp:attachment":[{"href":"https:\/\/elbistanhabermerkezi.com\/index.php\/wp-json\/wp\/v2\/media?parent=25656"}],"wp:term":[{"taxonomy":"category","embeddable":true,"href":"https:\/\/elbistanhabermerkezi.com\/index.php\/wp-json\/wp\/v2\/categories?post=25656"},{"taxonomy":"post_tag","embeddable":true,"href":"https:\/\/elbistanhabermerkezi.com\/index.php\/wp-json\/wp\/v2\/tags?post=25656"}],"curies":[{"name":"wp","href":"https:\/\/api.w.org\/{rel}","templated":true}]}}