{"id":25633,"date":"2026-08-31T08:56:02","date_gmt":"2026-08-31T08:56:02","guid":{"rendered":"https:\/\/elbistanhabermerkezi.com\/?p=25633"},"modified":"2026-08-31T08:56:02","modified_gmt":"2026-08-31T08:56:02","slug":"elmuhay-vakfi-kultursanatedebiyat-bulusmasina-ev-sahipligi-yapti","status":"publish","type":"post","link":"https:\/\/elbistanhabermerkezi.com\/index.php\/2026\/08\/31\/elmuhay-vakfi-kultursanatedebiyat-bulusmasina-ev-sahipligi-yapti\/","title":{"rendered":"ELM\u00dcHAY Vakf\u0131, K\u00fclt\u00fcr,Sanat,Edebiyat bulu\u015fmas\u0131na ev sahipli\u011fi yapt\u0131!"},"content":{"rendered":"<p style=\"text-align: justify;\"><strong><img loading=\"lazy\" decoding=\"async\" class=\"alignnone size-full wp-image-15355\" src=\"https:\/\/elbistanhabermerkezi.com\/wp-content\/uploads\/2024\/07\/ALIDOGAN.jpg\" alt=\"\" width=\"302\" height=\"302\" srcset=\"https:\/\/elbistanhabermerkezi.com\/wp-content\/uploads\/2024\/07\/ALIDOGAN.jpg 302w, https:\/\/elbistanhabermerkezi.com\/wp-content\/uploads\/2024\/07\/ALIDOGAN-105x105.jpg 105w, https:\/\/elbistanhabermerkezi.com\/wp-content\/uploads\/2024\/07\/ALIDOGAN-155x155.jpg 155w, https:\/\/elbistanhabermerkezi.com\/wp-content\/uploads\/2024\/07\/ALIDOGAN-221x221.jpg 221w\" sizes=\"auto, (max-width: 302px) 100vw, 302px\" \/><\/strong><\/p>\n<p style=\"text-align: justify;\"><strong>Elbistan M\u00fckrimin Halil Yinan\u00e7 Aile Vakf\u0131 (ELM\u00dcHAY) Elbistan&#8217;da K\u00fclt\u00fcr,Sanat ve Edebiyat\u0131n zirve isimlerini a\u011f\u0131rlad\u0131.<\/strong><\/p>\n<p style=\"text-align: justify;\"><strong>\u0130stanbul&#8217;da faaliyet g\u00f6steren Kahramanmara\u015f K\u00fclt\u00fcr Sanat Derne\u011fi (MAKSAD) Ba\u015fkan\u0131 Ya\u015far G\u00f6ren,Sanat\u00e7\u0131lar Cemile S\u00f6nmez,Nurettin Ye\u015fil,\u015eevket G\u00fcrlek,Aynur \u00d6zdemir ve Erdal \u00d6zdemir ELM\u00dcHAY Vakf\u0131n\u0131n davetlisi olarak Elbistan&#8217;a geldi.<\/strong><\/p>\n<p style=\"text-align: justify;\"><strong>ELM\u00dcHAY Vakf\u0131 Ba\u015fkan\u0131 U\u011fur Yinan\u00e7&#8217;in ev sahipli\u011finde ger\u00e7ekle\u015fen bulu\u015fmaya \u0130stanbul G\u00f6ksunlular Derne\u011fi Ba\u015fkan\u0131 Hayrullah Do\u011fan,\u0130stanbul Arnavutk\u00f6y Kahramanmara\u015fl\u0131lar Derne\u011fi Ba\u015fkan\u0131 Recep Tecirli,\u0130stanbul Mara\u015fyurt Derne\u011fi Ba\u015fkan\u0131 Harun Demir,\u00dcniversite Tv Sahibi Harun \u015eahin,G\u00d6N\u00dcLDER Ba\u015fkan\u0131 H\u00fcseyin Bozkurt,Af\u015finli \u0130\u015fadam\u0131 Hasan T\u0131ra\u015f,G\u00d6N\u00dcLDER \u00dcyesi Durdu Kurt ve Elbistanl\u0131 hem\u015fehrilerimiz kat\u0131ld\u0131.<\/strong><\/p>\n<p style=\"text-align: justify;\"><strong>Program\u0131n onur konu\u011fu ise Elbistan Belediye Ba\u015fkan\u0131 Erkan G\u00fcrb\u00fcz oldu.<\/strong><\/p>\n<p style=\"text-align: justify;\"><strong>Programda \u0130stanbul ve Kahramanmara\u015f genelinde ki K\u00fclt\u00fcr,Sanat ve Edebiyat faaliyetleri konu\u015fuldu.<\/strong><\/p>\n<p style=\"text-align: justify;\"><strong>Program hat\u0131ra foto\u011fraf\u0131 ile son buldu.<\/strong><\/p>\n<p style=\"text-align: justify;\"><strong><img loading=\"lazy\" decoding=\"async\" class=\"alignnone size-full wp-image-25634\" src=\"https:\/\/elbistanhabermerkezi.com\/wp-content\/uploads\/2026\/08\/IMG_20260829_144354.jpg\" alt=\"\" width=\"800\" height=\"602\" srcset=\"https:\/\/elbistanhabermerkezi.com\/wp-content\/uploads\/2026\/08\/IMG_20260829_144354.jpg 800w, https:\/\/elbistanhabermerkezi.com\/wp-content\/uploads\/2026\/08\/IMG_20260829_144354-532x400.jpg 532w, https:\/\/elbistanhabermerkezi.com\/wp-content\/uploads\/2026\/08\/IMG_20260829_144354-768x578.jpg 768w\" sizes=\"auto, (max-width: 800px) 100vw, 800px\" \/> <img loading=\"lazy\" decoding=\"async\" class=\"alignnone size-full wp-image-25635\" src=\"https:\/\/elbistanhabermerkezi.com\/wp-content\/uploads\/2026\/08\/IMG_20260829_154510.jpg\" alt=\"\" width=\"800\" height=\"602\" srcset=\"https:\/\/elbistanhabermerkezi.com\/wp-content\/uploads\/2026\/08\/IMG_20260829_154510.jpg 800w, https:\/\/elbistanhabermerkezi.com\/wp-content\/uploads\/2026\/08\/IMG_20260829_154510-532x400.jpg 532w, https:\/\/elbistanhabermerkezi.com\/wp-content\/uploads\/2026\/08\/IMG_20260829_154510-768x578.jpg 768w\" sizes=\"auto, (max-width: 800px) 100vw, 800px\" \/><img loading=\"lazy\" decoding=\"async\" class=\"alignnone size-full wp-image-25640\" src=\"https:\/\/elbistanhabermerkezi.com\/wp-content\/uploads\/2026\/08\/WhatsApp-Image-2026-08-29-at-17.26.27.jpeg\" alt=\"\" width=\"800\" height=\"600\" srcset=\"https:\/\/elbistanhabermerkezi.com\/wp-content\/uploads\/2026\/08\/WhatsApp-Image-2026-08-29-at-17.26.27.jpeg 800w, https:\/\/elbistanhabermerkezi.com\/wp-content\/uploads\/2026\/08\/WhatsApp-Image-2026-08-29-at-17.26.27-533x400.jpeg 533w, https:\/\/elbistanhabermerkezi.com\/wp-content\/uploads\/2026\/08\/WhatsApp-Image-2026-08-29-at-17.26.27-768x576.jpeg 768w\" sizes=\"auto, (max-width: 800px) 100vw, 800px\" \/> <img loading=\"lazy\" decoding=\"async\" class=\"alignnone size-full wp-image-25636\" src=\"https:\/\/elbistanhabermerkezi.com\/wp-content\/uploads\/2026\/08\/WhatsApp-Image-2026-08-29-at-17.26.06.jpeg\" alt=\"\" width=\"800\" height=\"600\" srcset=\"https:\/\/elbistanhabermerkezi.com\/wp-content\/uploads\/2026\/08\/WhatsApp-Image-2026-08-29-at-17.26.06.jpeg 800w, https:\/\/elbistanhabermerkezi.com\/wp-content\/uploads\/2026\/08\/WhatsApp-Image-2026-08-29-at-17.26.06-533x400.jpeg 533w, https:\/\/elbistanhabermerkezi.com\/wp-content\/uploads\/2026\/08\/WhatsApp-Image-2026-08-29-at-17.26.06-768x576.jpeg 768w\" sizes=\"auto, (max-width: 800px) 100vw, 800px\" \/> <img loading=\"lazy\" decoding=\"async\" class=\"alignnone size-full wp-image-25637\" src=\"https:\/\/elbistanhabermerkezi.com\/wp-content\/uploads\/2026\/08\/WhatsApp-Image-2026-08-29-at-17.26.08.jpeg\" alt=\"\" width=\"800\" height=\"600\" srcset=\"https:\/\/elbistanhabermerkezi.com\/wp-content\/uploads\/2026\/08\/WhatsApp-Image-2026-08-29-at-17.26.08.jpeg 800w, https:\/\/elbistanhabermerkezi.com\/wp-content\/uploads\/2026\/08\/WhatsApp-Image-2026-08-29-at-17.26.08-533x400.jpeg 533w, https:\/\/elbistanhabermerkezi.com\/wp-content\/uploads\/2026\/08\/WhatsApp-Image-2026-08-29-at-17.26.08-768x576.jpeg 768w\" sizes=\"auto, (max-width: 800px) 100vw, 800px\" \/> <img loading=\"lazy\" decoding=\"async\" class=\"alignnone size-full wp-image-25638\" src=\"https:\/\/elbistanhabermerkezi.com\/wp-content\/uploads\/2026\/08\/WhatsApp-Image-2026-08-29-at-17.26.10-1.jpeg\" alt=\"\" width=\"800\" height=\"600\" srcset=\"https:\/\/elbistanhabermerkezi.com\/wp-content\/uploads\/2026\/08\/WhatsApp-Image-2026-08-29-at-17.26.10-1.jpeg 800w, https:\/\/elbistanhabermerkezi.com\/wp-content\/uploads\/2026\/08\/WhatsApp-Image-2026-08-29-at-17.26.10-1-533x400.jpeg 533w, https:\/\/elbistanhabermerkezi.com\/wp-content\/uploads\/2026\/08\/WhatsApp-Image-2026-08-29-at-17.26.10-1-768x576.jpeg 768w\" sizes=\"auto, (max-width: 800px) 100vw, 800px\" \/> <img loading=\"lazy\" decoding=\"async\" class=\"alignnone size-full wp-image-25639\" src=\"https:\/\/elbistanhabermerkezi.com\/wp-content\/uploads\/2026\/08\/WhatsApp-Image-2026-08-29-at-17.26.10.jpeg\" alt=\"\" width=\"800\" height=\"600\" srcset=\"https:\/\/elbistanhabermerkezi.com\/wp-content\/uploads\/2026\/08\/WhatsApp-Image-2026-08-29-at-17.26.10.jpeg 800w, https:\/\/elbistanhabermerkezi.com\/wp-content\/uploads\/2026\/08\/WhatsApp-Image-2026-08-29-at-17.26.10-533x400.jpeg 533w, https:\/\/elbistanhabermerkezi.com\/wp-content\/uploads\/2026\/08\/WhatsApp-Image-2026-08-29-at-17.26.10-768x576.jpeg 768w\" sizes=\"auto, (max-width: 800px) 100vw, 800px\" \/> <img loading=\"lazy\" decoding=\"async\" class=\"alignnone size-full wp-image-25641\" src=\"https:\/\/elbistanhabermerkezi.com\/wp-content\/uploads\/2026\/08\/WhatsApp-Image-2026-08-29-at-17.26.29-1.jpeg\" alt=\"\" width=\"800\" height=\"600\" srcset=\"https:\/\/elbistanhabermerkezi.com\/wp-content\/uploads\/2026\/08\/WhatsApp-Image-2026-08-29-at-17.26.29-1.jpeg 800w, https:\/\/elbistanhabermerkezi.com\/wp-content\/uploads\/2026\/08\/WhatsApp-Image-2026-08-29-at-17.26.29-1-533x400.jpeg 533w, https:\/\/elbistanhabermerkezi.com\/wp-content\/uploads\/2026\/08\/WhatsApp-Image-2026-08-29-at-17.26.29-1-768x576.jpeg 768w\" sizes=\"auto, (max-width: 800px) 100vw, 800px\" \/> <img loading=\"lazy\" decoding=\"async\" class=\"alignnone size-full wp-image-25642\" src=\"https:\/\/elbistanhabermerkezi.com\/wp-content\/uploads\/2026\/08\/WhatsApp-Image-2026-08-29-at-17.26.29.jpeg\" alt=\"\" width=\"800\" height=\"600\" srcset=\"https:\/\/elbistanhabermerkezi.com\/wp-content\/uploads\/2026\/08\/WhatsApp-Image-2026-08-29-at-17.26.29.jpeg 800w, https:\/\/elbistanhabermerkezi.com\/wp-content\/uploads\/2026\/08\/WhatsApp-Image-2026-08-29-at-17.26.29-533x400.jpeg 533w, https:\/\/elbistanhabermerkezi.com\/wp-content\/uploads\/2026\/08\/WhatsApp-Image-2026-08-29-at-17.26.29-768x576.jpeg 768w\" sizes=\"auto, (max-width: 800px) 100vw, 800px\" \/> <img loading=\"lazy\" decoding=\"async\" class=\"alignnone size-full wp-image-25643\" src=\"https:\/\/elbistanhabermerkezi.com\/wp-content\/uploads\/2026\/08\/WhatsApp-Image-2026-08-29-at-17.26.31.jpeg\" alt=\"\" width=\"800\" height=\"600\" srcset=\"https:\/\/elbistanhabermerkezi.com\/wp-content\/uploads\/2026\/08\/WhatsApp-Image-2026-08-29-at-17.26.31.jpeg 800w, https:\/\/elbistanhabermerkezi.com\/wp-content\/uploads\/2026\/08\/WhatsApp-Image-2026-08-29-at-17.26.31-533x400.jpeg 533w, https:\/\/elbistanhabermerkezi.com\/wp-content\/uploads\/2026\/08\/WhatsApp-Image-2026-08-29-at-17.26.31-768x576.jpeg 768w\" sizes=\"auto, (max-width: 800px) 100vw, 800px\" \/> <img loading=\"lazy\" decoding=\"async\" class=\"alignnone size-full wp-image-25644\" src=\"https:\/\/elbistanhabermerkezi.com\/wp-content\/uploads\/2026\/08\/WhatsApp-Image-2026-08-29-at-17.28.06-1.jpeg\" alt=\"\" width=\"800\" height=\"600\" srcset=\"https:\/\/elbistanhabermerkezi.com\/wp-content\/uploads\/2026\/08\/WhatsApp-Image-2026-08-29-at-17.28.06-1.jpeg 800w, https:\/\/elbistanhabermerkezi.com\/wp-content\/uploads\/2026\/08\/WhatsApp-Image-2026-08-29-at-17.28.06-1-533x400.jpeg 533w, https:\/\/elbistanhabermerkezi.com\/wp-content\/uploads\/2026\/08\/WhatsApp-Image-2026-08-29-at-17.28.06-1-768x576.jpeg 768w\" sizes=\"auto, (max-width: 800px) 100vw, 800px\" \/> <img loading=\"lazy\" decoding=\"async\" class=\"alignnone size-full wp-image-25645\" src=\"https:\/\/elbistanhabermerkezi.com\/wp-content\/uploads\/2026\/08\/WhatsApp-Image-2026-08-29-at-17.28.06.jpeg\" alt=\"\" width=\"800\" height=\"600\" srcset=\"https:\/\/elbistanhabermerkezi.com\/wp-content\/uploads\/2026\/08\/WhatsApp-Image-2026-08-29-at-17.28.06.jpeg 800w, https:\/\/elbistanhabermerkezi.com\/wp-content\/uploads\/2026\/08\/WhatsApp-Image-2026-08-29-at-17.28.06-533x400.jpeg 533w, https:\/\/elbistanhabermerkezi.com\/wp-content\/uploads\/2026\/08\/WhatsApp-Image-2026-08-29-at-17.28.06-768x576.jpeg 768w\" sizes=\"auto, (max-width: 800px) 100vw, 800px\" \/> <img loading=\"lazy\" decoding=\"async\" class=\"alignnone size-full wp-image-25646\" src=\"https:\/\/elbistanhabermerkezi.com\/wp-content\/uploads\/2026\/08\/WhatsApp-Image-2026-08-29-at-17.28.07.jpeg\" alt=\"\" width=\"800\" height=\"600\" srcset=\"https:\/\/elbistanhabermerkezi.com\/wp-content\/uploads\/2026\/08\/WhatsApp-Image-2026-08-29-at-17.28.07.jpeg 800w, https:\/\/elbistanhabermerkezi.com\/wp-content\/uploads\/2026\/08\/WhatsApp-Image-2026-08-29-at-17.28.07-533x400.jpeg 533w, https:\/\/elbistanhabermerkezi.com\/wp-content\/uploads\/2026\/08\/WhatsApp-Image-2026-08-29-at-17.28.07-768x576.jpeg 768w\" sizes=\"auto, (max-width: 800px) 100vw, 800px\" \/> <img loading=\"lazy\" decoding=\"async\" class=\"alignnone size-full wp-image-25647\" src=\"https:\/\/elbistanhabermerkezi.com\/wp-content\/uploads\/2026\/08\/WhatsApp-Image-2026-08-29-at-17.28.09.jpeg\" alt=\"\" width=\"800\" height=\"600\" srcset=\"https:\/\/elbistanhabermerkezi.com\/wp-content\/uploads\/2026\/08\/WhatsApp-Image-2026-08-29-at-17.28.09.jpeg 800w, https:\/\/elbistanhabermerkezi.com\/wp-content\/uploads\/2026\/08\/WhatsApp-Image-2026-08-29-at-17.28.09-533x400.jpeg 533w, https:\/\/elbistanhabermerkezi.com\/wp-content\/uploads\/2026\/08\/WhatsApp-Image-2026-08-29-at-17.28.09-768x576.jpeg 768w\" sizes=\"auto, (max-width: 800px) 100vw, 800px\" \/> <img loading=\"lazy\" decoding=\"async\" class=\"alignnone size-full wp-image-25648\" src=\"https:\/\/elbistanhabermerkezi.com\/wp-content\/uploads\/2026\/08\/WhatsApp-Image-2026-08-29-at-17.28.10-1.jpeg\" alt=\"\" width=\"800\" height=\"600\" srcset=\"https:\/\/elbistanhabermerkezi.com\/wp-content\/uploads\/2026\/08\/WhatsApp-Image-2026-08-29-at-17.28.10-1.jpeg 800w, https:\/\/elbistanhabermerkezi.com\/wp-content\/uploads\/2026\/08\/WhatsApp-Image-2026-08-29-at-17.28.10-1-533x400.jpeg 533w, https:\/\/elbistanhabermerkezi.com\/wp-content\/uploads\/2026\/08\/WhatsApp-Image-2026-08-29-at-17.28.10-1-768x576.jpeg 768w\" sizes=\"auto, (max-width: 800px) 100vw, 800px\" \/> <img loading=\"lazy\" decoding=\"async\" class=\"alignnone size-full wp-image-25649\" src=\"https:\/\/elbistanhabermerkezi.com\/wp-content\/uploads\/2026\/08\/WhatsApp-Image-2026-08-29-at-17.28.10.jpeg\" alt=\"\" width=\"800\" height=\"600\" srcset=\"https:\/\/elbistanhabermerkezi.com\/wp-content\/uploads\/2026\/08\/WhatsApp-Image-2026-08-29-at-17.28.10.jpeg 800w, https:\/\/elbistanhabermerkezi.com\/wp-content\/uploads\/2026\/08\/WhatsApp-Image-2026-08-29-at-17.28.10-533x400.jpeg 533w, https:\/\/elbistanhabermerkezi.com\/wp-content\/uploads\/2026\/08\/WhatsApp-Image-2026-08-29-at-17.28.10-768x576.jpeg 768w\" sizes=\"auto, (max-width: 800px) 100vw, 800px\" \/> <img loading=\"lazy\" decoding=\"async\" class=\"alignnone size-full wp-image-25650\" src=\"https:\/\/elbistanhabermerkezi.com\/wp-content\/uploads\/2026\/08\/WhatsApp-Image-2026-08-29-at-17.28.12.jpeg\" alt=\"\" width=\"800\" height=\"600\" srcset=\"https:\/\/elbistanhabermerkezi.com\/wp-content\/uploads\/2026\/08\/WhatsApp-Image-2026-08-29-at-17.28.12.jpeg 800w, https:\/\/elbistanhabermerkezi.com\/wp-content\/uploads\/2026\/08\/WhatsApp-Image-2026-08-29-at-17.28.12-533x400.jpeg 533w, https:\/\/elbistanhabermerkezi.com\/wp-content\/uploads\/2026\/08\/WhatsApp-Image-2026-08-29-at-17.28.12-768x576.jpeg 768w\" sizes=\"auto, (max-width: 800px) 100vw, 800px\" \/> <img loading=\"lazy\" decoding=\"async\" class=\"alignnone size-full wp-image-25651\" src=\"https:\/\/elbistanhabermerkezi.com\/wp-content\/uploads\/2026\/08\/x.jpeg\" alt=\"\" width=\"800\" height=\"600\" srcset=\"https:\/\/elbistanhabermerkezi.com\/wp-content\/uploads\/2026\/08\/x.jpeg 800w, https:\/\/elbistanhabermerkezi.com\/wp-content\/uploads\/2026\/08\/x-533x400.jpeg 533w, https:\/\/elbistanhabermerkezi.com\/wp-content\/uploads\/2026\/08\/x-768x576.jpeg 768w\" sizes=\"auto, (max-width: 800px) 100vw, 800px\" \/><\/strong><\/p>\n","protected":false},"excerpt":{"rendered":"<p>Elbistan M\u00fckrimin Halil Yinan\u00e7 Aile Vakf\u0131 (ELM\u00dcHAY) Elbistan&#8217;da K\u00fclt\u00fcr,Sanat ve Edebiyat\u0131n zirve isimlerini a\u011f\u0131rlad\u0131. \u0130stanbul&#8217;da faaliyet g\u00f6steren Kahramanmara\u015f K\u00fclt\u00fcr Sanat Derne\u011fi (MAKSAD) Ba\u015fkan\u0131 Ya\u015far G\u00f6ren,Sanat\u00e7\u0131lar Cemile S\u00f6nmez,Nurettin Ye\u015fil,\u015eevket G\u00fcrlek,Aynur \u00d6zdemir ve Erdal \u00d6zdemir ELM\u00dcHAY Vakf\u0131n\u0131n davetlisi olarak Elbistan&#8217;a geldi. ELM\u00dcHAY Vakf\u0131 Ba\u015fkan\u0131 U\u011fur Yinan\u00e7&#8217;in ev sahipli\u011finde ger\u00e7ekle\u015fen bulu\u015fmaya \u0130stanbul G\u00f6ksunlular Derne\u011fi Ba\u015fkan\u0131 Hayrullah Do\u011fan,\u0130stanbul Arnavutk\u00f6y [&hellip;]<\/p>\n","protected":false},"author":1,"featured_media":25634,"comment_status":"open","ping_status":"open","sticky":false,"template":"","format":"standard","meta":{"_jetpack_memberships_contains_paid_content":false,"footnotes":""},"categories":[2,8],"tags":[],"class_list":["post-25633","post","type-post","status-publish","format-standard","has-post-thumbnail","hentry","category-3-sayfa","category-gundem"],"jetpack_featured_media_url":"https:\/\/elbistanhabermerkezi.com\/wp-content\/uploads\/2026\/08\/IMG_20260829_144354.jpg","jetpack_sharing_enabled":true,"_links":{"self":[{"href":"https:\/\/elbistanhabermerkezi.com\/index.php\/wp-json\/wp\/v2\/posts\/25633","targetHints":{"allow":["GET"]}}],"collection":[{"href":"https:\/\/elbistanhabermerkezi.com\/index.php\/wp-json\/wp\/v2\/posts"}],"about":[{"href":"https:\/\/elbistanhabermerkezi.com\/index.php\/wp-json\/wp\/v2\/types\/post"}],"author":[{"embeddable":true,"href":"https:\/\/elbistanhabermerkezi.com\/index.php\/wp-json\/wp\/v2\/users\/1"}],"replies":[{"embeddable":true,"href":"https:\/\/elbistanhabermerkezi.com\/index.php\/wp-json\/wp\/v2\/comments?post=25633"}],"version-history":[{"count":4,"href":"https:\/\/elbistanhabermerkezi.com\/index.php\/wp-json\/wp\/v2\/posts\/25633\/revisions"}],"predecessor-version":[{"id":25655,"href":"https:\/\/elbistanhabermerkezi.com\/index.php\/wp-json\/wp\/v2\/posts\/25633\/revisions\/25655"}],"wp:featuredmedia":[{"embeddable":true,"href":"https:\/\/elbistanhabermerkezi.com\/index.php\/wp-json\/wp\/v2\/media\/25634"}],"wp:attachment":[{"href":"https:\/\/elbistanhabermerkezi.com\/index.php\/wp-json\/wp\/v2\/media?parent=25633"}],"wp:term":[{"taxonomy":"category","embeddable":true,"href":"https:\/\/elbistanhabermerkezi.com\/index.php\/wp-json\/wp\/v2\/categories?post=25633"},{"taxonomy":"post_tag","embeddable":true,"href":"https:\/\/elbistanhabermerkezi.com\/index.php\/wp-json\/wp\/v2\/tags?post=25633"}],"curies":[{"name":"wp","href":"https:\/\/api.w.org\/{rel}","templated":true}]}}