{"id":2476,"date":"2022-04-25T06:19:23","date_gmt":"2022-04-25T06:19:23","guid":{"rendered":"https:\/\/elbistanhabermerkezi.com\/?p=2476"},"modified":"2022-04-25T06:19:23","modified_gmt":"2022-04-25T06:19:23","slug":"minikler-cocuk-senliginin-tadini-cikardi","status":"publish","type":"post","link":"https:\/\/elbistanhabermerkezi.com\/index.php\/2022\/04\/25\/minikler-cocuk-senliginin-tadini-cikardi\/","title":{"rendered":"Minikler \u2018\u00c7ocuk \u015eenli\u011fi\u2019nin Tad\u0131n\u0131 \u00c7\u0131kard\u0131."},"content":{"rendered":"<p style=\"text-align: justify;\"><img loading=\"lazy\" decoding=\"async\" class=\"alignnone size-full wp-image-1866\" src=\"https:\/\/elbistanhabermerkezi.com\/wp-content\/uploads\/2022\/03\/anigifSUVARI.gif\" alt=\"\" width=\"650\" height=\"650\" \/><\/p>\n<p style=\"text-align: justify;\"><strong>B\u00fcy\u00fck\u015fehir Belediyesi taraf\u0131ndan 23 Nisan Ulusal Egemenlik ve \u00c7ocuk Bayram\u0131 dolay\u0131s\u0131yla Milli \u0130rade Meydan\u0131\u2019nda ger\u00e7ekle\u015ftirilen \u2018\u00c7ocuk \u015eenli\u011fi\u2019nde minikler doyas\u0131ya e\u011flendi. Ger\u00e7ekle\u015ftirilen etkinliklerden dolay\u0131 \u00e7ocuklar ve aileleri B\u00fcy\u00fck\u015fehir Belediye Ba\u015fkan\u0131 Hayrettin G\u00fcng\u00f6r\u2019e te\u015fekk\u00fcr etti. <\/strong><\/p>\n<p style=\"text-align: justify;\"><strong>Kahramanmara\u015f B\u00fcy\u00fck\u015fehir Belediyesi, 23 Nisan Ulusal Egemenlik ve \u00c7ocuk Bayram\u0131 dolay\u0131s\u0131yla birbirinden renkli ve e\u011flenceli etkinlikler d\u00fczenliyor. Bu kapsamda, Milli \u0130rade Meydan\u0131\u2019nda ger\u00e7ekle\u015ftirilen \u2018\u00c7ocuk \u015eenli\u011fi\u2019nde minikler doyas\u0131ya e\u011flendi. Milli \u0130rade Meydan\u0131\u2019na kurulan \u015fi\u015fme oyun alanlar\u0131nda g\u00f6n\u00fcllerince e\u011flenen miniklerin ne\u015fesi g\u00f6r\u00fclmeye de\u011ferdi. Alanda ger\u00e7ekle\u015ftirilen yar\u0131\u015fmalar, at\u00f6lyeler, animasyon g\u00f6sterileri de renkli anlara sahne oldu. Minikler ve aileleri alana kurulan platformda birbirinden e\u011flenceli yar\u0131\u015fmalarda k\u0131yas\u0131ya m\u00fccadele etti. Yar\u0131\u015fmalar sonunda kazanan miniklere \u00e7e\u015fitli hediyeler verildi. Ger\u00e7ekle\u015ftirilen etkinliklerden dolay\u0131 \u00e7ocuklar ve aileleri B\u00fcy\u00fck\u015fehir Belediye Ba\u015fkan\u0131 Hayrettin G\u00fcng\u00f6r\u2019e te\u015fekk\u00fcr etti.<\/strong><\/p>\n<p style=\"text-align: justify;\"><img loading=\"lazy\" decoding=\"async\" class=\"alignnone size-full wp-image-2477\" src=\"https:\/\/elbistanhabermerkezi.com\/wp-content\/uploads\/2022\/04\/Milli-Irade-Meydani-1.jpg\" alt=\"\" width=\"600\" height=\"338\" srcset=\"https:\/\/elbistanhabermerkezi.com\/wp-content\/uploads\/2022\/04\/Milli-Irade-Meydani-1.jpg 600w, https:\/\/elbistanhabermerkezi.com\/wp-content\/uploads\/2022\/04\/Milli-Irade-Meydani-1-171x96.jpg 171w, https:\/\/elbistanhabermerkezi.com\/wp-content\/uploads\/2022\/04\/Milli-Irade-Meydani-1-275x155.jpg 275w, https:\/\/elbistanhabermerkezi.com\/wp-content\/uploads\/2022\/04\/Milli-Irade-Meydani-1-376x212.jpg 376w\" sizes=\"auto, (max-width: 600px) 100vw, 600px\" \/> <img loading=\"lazy\" decoding=\"async\" class=\"alignnone size-full wp-image-2478\" src=\"https:\/\/elbistanhabermerkezi.com\/wp-content\/uploads\/2022\/04\/Milli-Irade-Meydani-2.jpg\" alt=\"\" width=\"600\" height=\"338\" srcset=\"https:\/\/elbistanhabermerkezi.com\/wp-content\/uploads\/2022\/04\/Milli-Irade-Meydani-2.jpg 600w, https:\/\/elbistanhabermerkezi.com\/wp-content\/uploads\/2022\/04\/Milli-Irade-Meydani-2-171x96.jpg 171w, https:\/\/elbistanhabermerkezi.com\/wp-content\/uploads\/2022\/04\/Milli-Irade-Meydani-2-275x155.jpg 275w, https:\/\/elbistanhabermerkezi.com\/wp-content\/uploads\/2022\/04\/Milli-Irade-Meydani-2-376x212.jpg 376w\" sizes=\"auto, (max-width: 600px) 100vw, 600px\" \/> <img loading=\"lazy\" decoding=\"async\" class=\"alignnone size-full wp-image-2479\" src=\"https:\/\/elbistanhabermerkezi.com\/wp-content\/uploads\/2022\/04\/Milli-Irade-Meydani-8.jpg\" alt=\"\" width=\"600\" height=\"338\" srcset=\"https:\/\/elbistanhabermerkezi.com\/wp-content\/uploads\/2022\/04\/Milli-Irade-Meydani-8.jpg 600w, https:\/\/elbistanhabermerkezi.com\/wp-content\/uploads\/2022\/04\/Milli-Irade-Meydani-8-171x96.jpg 171w, https:\/\/elbistanhabermerkezi.com\/wp-content\/uploads\/2022\/04\/Milli-Irade-Meydani-8-275x155.jpg 275w, https:\/\/elbistanhabermerkezi.com\/wp-content\/uploads\/2022\/04\/Milli-Irade-Meydani-8-376x212.jpg 376w\" sizes=\"auto, (max-width: 600px) 100vw, 600px\" \/> <img loading=\"lazy\" decoding=\"async\" class=\"alignnone size-full wp-image-2480\" src=\"https:\/\/elbistanhabermerkezi.com\/wp-content\/uploads\/2022\/04\/Milli-Irade-Meydani-10.jpg\" alt=\"\" width=\"600\" height=\"338\" srcset=\"https:\/\/elbistanhabermerkezi.com\/wp-content\/uploads\/2022\/04\/Milli-Irade-Meydani-10.jpg 600w, https:\/\/elbistanhabermerkezi.com\/wp-content\/uploads\/2022\/04\/Milli-Irade-Meydani-10-171x96.jpg 171w, https:\/\/elbistanhabermerkezi.com\/wp-content\/uploads\/2022\/04\/Milli-Irade-Meydani-10-275x155.jpg 275w, https:\/\/elbistanhabermerkezi.com\/wp-content\/uploads\/2022\/04\/Milli-Irade-Meydani-10-376x212.jpg 376w\" sizes=\"auto, (max-width: 600px) 100vw, 600px\" \/> <img loading=\"lazy\" decoding=\"async\" class=\"alignnone size-full wp-image-2481\" src=\"https:\/\/elbistanhabermerkezi.com\/wp-content\/uploads\/2022\/04\/Milli-Irade-Meydani-14.jpg\" alt=\"\" width=\"600\" height=\"338\" srcset=\"https:\/\/elbistanhabermerkezi.com\/wp-content\/uploads\/2022\/04\/Milli-Irade-Meydani-14.jpg 600w, https:\/\/elbistanhabermerkezi.com\/wp-content\/uploads\/2022\/04\/Milli-Irade-Meydani-14-171x96.jpg 171w, https:\/\/elbistanhabermerkezi.com\/wp-content\/uploads\/2022\/04\/Milli-Irade-Meydani-14-275x155.jpg 275w, https:\/\/elbistanhabermerkezi.com\/wp-content\/uploads\/2022\/04\/Milli-Irade-Meydani-14-376x212.jpg 376w\" sizes=\"auto, (max-width: 600px) 100vw, 600px\" \/><\/p>\n","protected":false},"excerpt":{"rendered":"<p>B\u00fcy\u00fck\u015fehir Belediyesi taraf\u0131ndan 23 Nisan Ulusal Egemenlik ve \u00c7ocuk Bayram\u0131 dolay\u0131s\u0131yla Milli \u0130rade Meydan\u0131\u2019nda ger\u00e7ekle\u015ftirilen \u2018\u00c7ocuk \u015eenli\u011fi\u2019nde minikler doyas\u0131ya e\u011flendi. Ger\u00e7ekle\u015ftirilen etkinliklerden dolay\u0131 \u00e7ocuklar ve aileleri B\u00fcy\u00fck\u015fehir Belediye Ba\u015fkan\u0131 Hayrettin G\u00fcng\u00f6r\u2019e te\u015fekk\u00fcr etti. Kahramanmara\u015f B\u00fcy\u00fck\u015fehir Belediyesi, 23 Nisan Ulusal Egemenlik ve \u00c7ocuk Bayram\u0131 dolay\u0131s\u0131yla birbirinden renkli ve e\u011flenceli etkinlikler d\u00fczenliyor. Bu kapsamda, Milli \u0130rade Meydan\u0131\u2019nda [&hellip;]<\/p>\n","protected":false},"author":1,"featured_media":2482,"comment_status":"open","ping_status":"open","sticky":false,"template":"","format":"standard","meta":{"_jetpack_memberships_contains_paid_content":false,"footnotes":""},"categories":[2,5,8,9],"tags":[],"class_list":["post-2476","post","type-post","status-publish","format-standard","has-post-thumbnail","hentry","category-3-sayfa","category-egitim","category-gundem","category-magazin"],"jetpack_featured_media_url":"https:\/\/elbistanhabermerkezi.com\/wp-content\/uploads\/2022\/04\/Milli-Irade-Meydani-20u.jpg","jetpack_sharing_enabled":true,"_links":{"self":[{"href":"https:\/\/elbistanhabermerkezi.com\/index.php\/wp-json\/wp\/v2\/posts\/2476","targetHints":{"allow":["GET"]}}],"collection":[{"href":"https:\/\/elbistanhabermerkezi.com\/index.php\/wp-json\/wp\/v2\/posts"}],"about":[{"href":"https:\/\/elbistanhabermerkezi.com\/index.php\/wp-json\/wp\/v2\/types\/post"}],"author":[{"embeddable":true,"href":"https:\/\/elbistanhabermerkezi.com\/index.php\/wp-json\/wp\/v2\/users\/1"}],"replies":[{"embeddable":true,"href":"https:\/\/elbistanhabermerkezi.com\/index.php\/wp-json\/wp\/v2\/comments?post=2476"}],"version-history":[{"count":1,"href":"https:\/\/elbistanhabermerkezi.com\/index.php\/wp-json\/wp\/v2\/posts\/2476\/revisions"}],"predecessor-version":[{"id":2485,"href":"https:\/\/elbistanhabermerkezi.com\/index.php\/wp-json\/wp\/v2\/posts\/2476\/revisions\/2485"}],"wp:featuredmedia":[{"embeddable":true,"href":"https:\/\/elbistanhabermerkezi.com\/index.php\/wp-json\/wp\/v2\/media\/2482"}],"wp:attachment":[{"href":"https:\/\/elbistanhabermerkezi.com\/index.php\/wp-json\/wp\/v2\/media?parent=2476"}],"wp:term":[{"taxonomy":"category","embeddable":true,"href":"https:\/\/elbistanhabermerkezi.com\/index.php\/wp-json\/wp\/v2\/categories?post=2476"},{"taxonomy":"post_tag","embeddable":true,"href":"https:\/\/elbistanhabermerkezi.com\/index.php\/wp-json\/wp\/v2\/tags?post=2476"}],"curies":[{"name":"wp","href":"https:\/\/api.w.org\/{rel}","templated":true}]}}