{"id":2465,"date":"2022-04-24T11:27:54","date_gmt":"2022-04-24T11:27:54","guid":{"rendered":"https:\/\/elbistanhabermerkezi.com\/?p=2465"},"modified":"2022-04-24T11:27:54","modified_gmt":"2022-04-24T11:27:54","slug":"baskan-gungor-cocuklarin-nesesine-ortak-oldu","status":"publish","type":"post","link":"https:\/\/elbistanhabermerkezi.com\/index.php\/2022\/04\/24\/baskan-gungor-cocuklarin-nesesine-ortak-oldu\/","title":{"rendered":"Ba\u015fkan G\u00fcng\u00f6r \u00c7ocuklar\u0131n Ne\u015fesine Ortak Oldu."},"content":{"rendered":"<p style=\"text-align: justify;\"><img loading=\"lazy\" decoding=\"async\" class=\"alignnone size-full wp-image-1866\" src=\"https:\/\/elbistanhabermerkezi.com\/wp-content\/uploads\/2022\/03\/anigifSUVARI.gif\" alt=\"\" width=\"650\" height=\"650\" \/><\/p>\n<p style=\"text-align: justify;\"><strong>23 Nisan Ulusal Egemenlik ve \u00c7ocuk Bayram\u0131 dolay\u0131s\u0131yla Milli \u0130rade Meydan\u0131\u2019nda d\u00fczenlenen \u2018\u00c7ocuk \u015eenli\u011fi\u2019nde miniklerle bir araya gelen Ba\u015fkan G\u00fcng\u00f6r, \u201cB\u00fcy\u00fck\u015fehir Belediyesi olarak Milli \u0130rade Meydan\u0131\u2019nda \u00e7ocuklar\u0131m\u0131z i\u00e7in b\u00f6yle g\u00fczel bir e\u011flence alan\u0131 olu\u015fturduk. Minikler ve ebeveynlerinin de gayet g\u00fczel bir \u015fekilde e\u011flendiklerine tan\u0131k olduk. \u00c7ocuklar\u0131m\u0131z\u0131n ne\u015felerine ortak olmak bizleri daha da mutlu ediyor\u201d dedi.<\/strong><\/p>\n<p style=\"text-align: justify;\"><strong>Kahramanmara\u015f B\u00fcy\u00fck\u015fehir Belediye Ba\u015fkan\u0131 Hayrettin G\u00fcng\u00f6r, 23 Nisan Ulusal Egemenlik ve \u00c7ocuk Bayram\u0131 dolay\u0131s\u0131yla B\u00fcy\u00fck\u015fehir Belediyesi ve \u0130l Milli E\u011fitim M\u00fcd\u00fcrl\u00fc\u011f\u00fc i\u015f birli\u011fiyle Milli \u0130rade Meydan\u0131\u2019nda d\u00fczenlenen \u2018\u00c7ocuk \u015eenli\u011fi\u2019nde miniklerle bir araya geldi. Alana kurulan \u015fi\u015fme maskot ve oyun alanlar\u0131yla g\u00f6n\u00fcllerince e\u011flenen miniklerle bir araya gelen Ba\u015fkan G\u00fcng\u00f6r, \u00e7ocuklar\u0131n e\u011flencelerine ortak oldu. Milli \u0130rade Meydan\u0131\u2019nda \u00e7ocuklarla ve aileleriyle bolca sohbet eden Ba\u015fkan G\u00fcng\u00f6r, \u201c\u00d6ncelikle t\u00fcm yavrular\u0131m\u0131z\u0131n 23 Nisan Ulusal Egemenlik ve \u00c7ocuk Bayram\u0131\u2019n\u0131 tebrik ediyorum. Bu vesileyle bir kez daha bu muazzez topraklar\u0131 bizlere miras b\u0131rakan Gazi Mustafa Kemal Atat\u00fcrk ve silah arkada\u015flar\u0131n\u0131, \u015fehitlerimizi ve gazilerimizi sayg\u0131 ve minnetle an\u0131yorum\u201d dedi.<\/strong><\/p>\n<p style=\"text-align: justify;\"><strong>Etkinlikler Pazar G\u00fcn\u00fc de Devam Edecek<\/strong><\/p>\n<p style=\"text-align: justify;\"><strong>Milli \u0130rade Meydan\u0131\u2019nda olu\u015fturulan alanda miniklerin doyas\u0131ya e\u011flendi\u011finin alt\u0131n\u0131 \u00e7izen Ba\u015fkan G\u00fcng\u00f6r, \u201cB\u00fcy\u00fck\u015fehir Belediyesi olarak bizler de bu anlaml\u0131 g\u00fcnde \u00e7ocuklar\u0131m\u0131z i\u00e7in anlaml\u0131 ve e\u011flenceli bir etkinlik ger\u00e7ekle\u015ftirmek istedik. Bu kapsamda da \u0130l Milli E\u011fitim M\u00fcd\u00fcrl\u00fc\u011f\u00fc\u2019m\u00fczle birlikte Milli \u0130rade Meydan\u0131\u2019nda \u00e7ocuklar\u0131m\u0131z i\u00e7in b\u00f6yle g\u00fczel bir e\u011flence alan\u0131 olu\u015fturduk. Ger\u00e7ekten yavrular\u0131m\u0131zdan ve ailelerinden bu anlamda da \u00e7ok olumlu d\u00f6n\u00fc\u015fler ald\u0131k. Herkes gayet g\u00fczel bir \u015fekilde e\u011fleniyor. \u00c7ocuklar\u0131m\u0131z\u0131n ne\u015felerine ortak olmak bizleri daha da mutlu ediyor. Etkinli\u011fimiz Pazar g\u00fcn\u00fc 12.00 \u2013 17.00 saatleri aras\u0131nda da devam edecek. T\u00fcm minikleri Milli \u0130rade Meydan\u0131\u2019ndaki \u015fenlik alan\u0131m\u0131za bekliyoruz\u201d ifadelerini kulland\u0131.<\/strong><\/p>\n<p style=\"text-align: justify;\"><img loading=\"lazy\" decoding=\"async\" class=\"alignnone size-full wp-image-2466\" src=\"https:\/\/elbistanhabermerkezi.com\/wp-content\/uploads\/2022\/04\/Milli-Irade-Meydani-1.jpeg\" alt=\"\" width=\"600\" height=\"377\" srcset=\"https:\/\/elbistanhabermerkezi.com\/wp-content\/uploads\/2022\/04\/Milli-Irade-Meydani-1.jpeg 600w, https:\/\/elbistanhabermerkezi.com\/wp-content\/uploads\/2022\/04\/Milli-Irade-Meydani-1-167x105.jpeg 167w, https:\/\/elbistanhabermerkezi.com\/wp-content\/uploads\/2022\/04\/Milli-Irade-Meydani-1-247x155.jpeg 247w, https:\/\/elbistanhabermerkezi.com\/wp-content\/uploads\/2022\/04\/Milli-Irade-Meydani-1-352x221.jpeg 352w\" sizes=\"auto, (max-width: 600px) 100vw, 600px\" \/> <img loading=\"lazy\" decoding=\"async\" class=\"alignnone size-full wp-image-2467\" src=\"https:\/\/elbistanhabermerkezi.com\/wp-content\/uploads\/2022\/04\/Milli-Irade-Meydani-6.jpeg\" alt=\"\" width=\"600\" height=\"429\" srcset=\"https:\/\/elbistanhabermerkezi.com\/wp-content\/uploads\/2022\/04\/Milli-Irade-Meydani-6.jpeg 600w, https:\/\/elbistanhabermerkezi.com\/wp-content\/uploads\/2022\/04\/Milli-Irade-Meydani-6-559x400.jpeg 559w, https:\/\/elbistanhabermerkezi.com\/wp-content\/uploads\/2022\/04\/Milli-Irade-Meydani-6-147x105.jpeg 147w, https:\/\/elbistanhabermerkezi.com\/wp-content\/uploads\/2022\/04\/Milli-Irade-Meydani-6-217x155.jpeg 217w, https:\/\/elbistanhabermerkezi.com\/wp-content\/uploads\/2022\/04\/Milli-Irade-Meydani-6-309x221.jpeg 309w\" sizes=\"auto, (max-width: 600px) 100vw, 600px\" \/><\/p>\n<div id=\"attachment_2471\" style=\"width: 610px\" class=\"wp-caption alignnone\"><img loading=\"lazy\" decoding=\"async\" aria-describedby=\"caption-attachment-2471\" class=\"size-full wp-image-2471\" src=\"https:\/\/elbistanhabermerkezi.com\/wp-content\/uploads\/2022\/04\/Milli-Irade-Meydani-drone-1.jpg\" alt=\"\" width=\"600\" height=\"338\" srcset=\"https:\/\/elbistanhabermerkezi.com\/wp-content\/uploads\/2022\/04\/Milli-Irade-Meydani-drone-1.jpg 600w, https:\/\/elbistanhabermerkezi.com\/wp-content\/uploads\/2022\/04\/Milli-Irade-Meydani-drone-1-171x96.jpg 171w, https:\/\/elbistanhabermerkezi.com\/wp-content\/uploads\/2022\/04\/Milli-Irade-Meydani-drone-1-275x155.jpg 275w, https:\/\/elbistanhabermerkezi.com\/wp-content\/uploads\/2022\/04\/Milli-Irade-Meydani-drone-1-376x212.jpg 376w\" sizes=\"auto, (max-width: 600px) 100vw, 600px\" \/><p id=\"caption-attachment-2471\" class=\"wp-caption-text\">default<\/p><\/div>\n<div id=\"attachment_2472\" style=\"width: 610px\" class=\"wp-caption alignnone\"><img loading=\"lazy\" decoding=\"async\" aria-describedby=\"caption-attachment-2472\" class=\"size-full wp-image-2472\" src=\"https:\/\/elbistanhabermerkezi.com\/wp-content\/uploads\/2022\/04\/Milli-Irade-Meydani-drone-3.jpg\" alt=\"\" width=\"600\" height=\"338\" srcset=\"https:\/\/elbistanhabermerkezi.com\/wp-content\/uploads\/2022\/04\/Milli-Irade-Meydani-drone-3.jpg 600w, https:\/\/elbistanhabermerkezi.com\/wp-content\/uploads\/2022\/04\/Milli-Irade-Meydani-drone-3-171x96.jpg 171w, https:\/\/elbistanhabermerkezi.com\/wp-content\/uploads\/2022\/04\/Milli-Irade-Meydani-drone-3-275x155.jpg 275w, https:\/\/elbistanhabermerkezi.com\/wp-content\/uploads\/2022\/04\/Milli-Irade-Meydani-drone-3-376x212.jpg 376w\" sizes=\"auto, (max-width: 600px) 100vw, 600px\" \/><p id=\"caption-attachment-2472\" class=\"wp-caption-text\">default<\/p><\/div>\n","protected":false},"excerpt":{"rendered":"<p>23 Nisan Ulusal Egemenlik ve \u00c7ocuk Bayram\u0131 dolay\u0131s\u0131yla Milli \u0130rade Meydan\u0131\u2019nda d\u00fczenlenen \u2018\u00c7ocuk \u015eenli\u011fi\u2019nde miniklerle bir araya gelen Ba\u015fkan G\u00fcng\u00f6r, \u201cB\u00fcy\u00fck\u015fehir Belediyesi olarak Milli \u0130rade Meydan\u0131\u2019nda \u00e7ocuklar\u0131m\u0131z i\u00e7in b\u00f6yle g\u00fczel bir e\u011flence alan\u0131 olu\u015fturduk. Minikler ve ebeveynlerinin de gayet g\u00fczel bir \u015fekilde e\u011flendiklerine tan\u0131k olduk. \u00c7ocuklar\u0131m\u0131z\u0131n ne\u015felerine ortak olmak bizleri daha da mutlu ediyor\u201d dedi. [&hellip;]<\/p>\n","protected":false},"author":1,"featured_media":2470,"comment_status":"open","ping_status":"open","sticky":false,"template":"","format":"standard","meta":{"_jetpack_memberships_contains_paid_content":false,"footnotes":""},"categories":[2,8,9,12],"tags":[],"class_list":["post-2465","post","type-post","status-publish","format-standard","has-post-thumbnail","hentry","category-3-sayfa","category-gundem","category-magazin","category-siyaset"],"jetpack_featured_media_url":"https:\/\/elbistanhabermerkezi.com\/wp-content\/uploads\/2022\/04\/Milli-Irade-Meydani-9UYY.jpeg","jetpack_sharing_enabled":true,"_links":{"self":[{"href":"https:\/\/elbistanhabermerkezi.com\/index.php\/wp-json\/wp\/v2\/posts\/2465","targetHints":{"allow":["GET"]}}],"collection":[{"href":"https:\/\/elbistanhabermerkezi.com\/index.php\/wp-json\/wp\/v2\/posts"}],"about":[{"href":"https:\/\/elbistanhabermerkezi.com\/index.php\/wp-json\/wp\/v2\/types\/post"}],"author":[{"embeddable":true,"href":"https:\/\/elbistanhabermerkezi.com\/index.php\/wp-json\/wp\/v2\/users\/1"}],"replies":[{"embeddable":true,"href":"https:\/\/elbistanhabermerkezi.com\/index.php\/wp-json\/wp\/v2\/comments?post=2465"}],"version-history":[{"count":1,"href":"https:\/\/elbistanhabermerkezi.com\/index.php\/wp-json\/wp\/v2\/posts\/2465\/revisions"}],"predecessor-version":[{"id":2473,"href":"https:\/\/elbistanhabermerkezi.com\/index.php\/wp-json\/wp\/v2\/posts\/2465\/revisions\/2473"}],"wp:featuredmedia":[{"embeddable":true,"href":"https:\/\/elbistanhabermerkezi.com\/index.php\/wp-json\/wp\/v2\/media\/2470"}],"wp:attachment":[{"href":"https:\/\/elbistanhabermerkezi.com\/index.php\/wp-json\/wp\/v2\/media?parent=2465"}],"wp:term":[{"taxonomy":"category","embeddable":true,"href":"https:\/\/elbistanhabermerkezi.com\/index.php\/wp-json\/wp\/v2\/categories?post=2465"},{"taxonomy":"post_tag","embeddable":true,"href":"https:\/\/elbistanhabermerkezi.com\/index.php\/wp-json\/wp\/v2\/tags?post=2465"}],"curies":[{"name":"wp","href":"https:\/\/api.w.org\/{rel}","templated":true}]}}