{"id":24172,"date":"2026-05-02T06:26:33","date_gmt":"2026-05-02T06:26:33","guid":{"rendered":"https:\/\/elbistanhabermerkezi.com\/?p=24172"},"modified":"2026-05-02T06:26:33","modified_gmt":"2026-05-02T06:26:33","slug":"ksu-eczacilik-kongresine-ev-sahipligi-yapti","status":"publish","type":"post","link":"https:\/\/elbistanhabermerkezi.com\/index.php\/2026\/05\/02\/ksu-eczacilik-kongresine-ev-sahipligi-yapti\/","title":{"rendered":"KS\u00dc, Eczac\u0131l\u0131k Kongresine Ev Sahipli\u011fi Yapt\u0131."},"content":{"rendered":"<p style=\"text-align: justify;\"><strong><img loading=\"lazy\" decoding=\"async\" class=\"alignnone size-full wp-image-15355\" src=\"https:\/\/elbistanhabermerkezi.com\/wp-content\/uploads\/2024\/07\/ALIDOGAN.jpg\" alt=\"\" width=\"302\" height=\"302\" srcset=\"https:\/\/elbistanhabermerkezi.com\/wp-content\/uploads\/2024\/07\/ALIDOGAN.jpg 302w, https:\/\/elbistanhabermerkezi.com\/wp-content\/uploads\/2024\/07\/ALIDOGAN-105x105.jpg 105w, https:\/\/elbistanhabermerkezi.com\/wp-content\/uploads\/2024\/07\/ALIDOGAN-155x155.jpg 155w, https:\/\/elbistanhabermerkezi.com\/wp-content\/uploads\/2024\/07\/ALIDOGAN-221x221.jpg 221w\" sizes=\"auto, (max-width: 302px) 100vw, 302px\" \/><\/strong><\/p>\n<p style=\"text-align: justify;\"><strong><img loading=\"lazy\" decoding=\"async\" class=\"alignnone size-full wp-image-24065\" src=\"https:\/\/elbistanhabermerkezi.com\/wp-content\/uploads\/2026\/04\/TAKEKK.png\" alt=\"\" width=\"802\" height=\"502\" srcset=\"https:\/\/elbistanhabermerkezi.com\/wp-content\/uploads\/2026\/04\/TAKEKK.png 802w, https:\/\/elbistanhabermerkezi.com\/wp-content\/uploads\/2026\/04\/TAKEKK-600x376.png 600w, https:\/\/elbistanhabermerkezi.com\/wp-content\/uploads\/2026\/04\/TAKEKK-768x481.png 768w\" sizes=\"auto, (max-width: 802px) 100vw, 802px\" \/><\/strong><\/p>\n<p style=\"text-align: justify;\"><strong>Kahramanmara\u015f S\u00fct\u00e7\u00fc \u0130mam \u00dcniversitesi (KS\u00dc), Yunus Emre Kongre ve K\u00fclt\u00fcr Merkezi\u2019nde 14. B\u00f6lge Kahramanmara\u015f Eczac\u0131 Odas\u0131 taraf\u0131ndan d\u00fczenlenen \u201cPharmara\u015f 1. Eczac\u0131l\u0131k Kongresi\u201dne ev sahipli\u011fi yapt\u0131.<\/strong><\/p>\n<p style=\"text-align: justify;\"><strong>Kongrenin a\u00e7\u0131l\u0131\u015f program\u0131na Cumhurba\u015fkan\u0131 Ba\u015fdan\u0131\u015fman\u0131 Ahmet Selim K\u00f6ro\u011flu, Kahramanmara\u015f AK Parti Milletvekili \u0130rfan Karatutlu, KS\u00dc Rekt\u00f6r\u00fc Prof. Dr. \u0130brahim Taner Okumu\u015f, And\u0131r\u0131n Belediye Ba\u015fkan\u0131 Ahmet Sinan G\u00f6k\u015fen, KS\u00dc T\u0131p Fak\u00fcltesi Dekan\u0131 Prof. Dr. Hafize \u00d6ks\u00fcz, T\u00fcrk Eczac\u0131lar\u0131 Birli\u011fi Ba\u015fkan\u0131 Mehmet \u0130rfan Demirci, Kahramanmara\u015f Eczac\u0131 Odas\u0131 Ba\u015fkan\u0131 Ebru Kaya\u2019n\u0131n yan\u0131 s\u0131ra il protokol \u00fcyeleri, akademisyenler, eczac\u0131lar ve \u00f6\u011frenciler kat\u0131ld\u0131.<\/strong><\/p>\n<p style=\"text-align: justify;\"><strong>A\u00e7\u0131l\u0131\u015f konu\u015fmalar\u0131yla ba\u015flayan kongre, alan\u0131nda uzman akademisyen ve eczac\u0131lar\u0131n sunumlar\u0131yla devam etti. A\u00e7\u0131l\u0131\u015f program\u0131n\u0131n ard\u0131ndan KS\u00dc Rekt\u00f6r\u00fc Prof. Dr. \u0130brahim Taner Okumu\u015f, fuaye alan\u0131nda kurulan stantlar\u0131 gezerek yetkililerden bilgi ald\u0131.<\/strong><\/p>\n<p style=\"text-align: justify;\"><strong>\u0130ki g\u00fcn s\u00fcrecek kongrede, eczac\u0131l\u0131k alan\u0131ndaki g\u00fcncel bilimsel geli\u015fmelerin payla\u015f\u0131lmas\u0131 ve mesleki i\u015f birliklerinin g\u00fc\u00e7lendirilmesi hedefleniyor.<\/strong><\/p>\n<p style=\"text-align: justify;\"><img loading=\"lazy\" decoding=\"async\" class=\"alignnone size-full wp-image-24173\" src=\"https:\/\/elbistanhabermerkezi.com\/wp-content\/uploads\/2026\/05\/3.jpeg\" alt=\"\" width=\"700\" height=\"466\" srcset=\"https:\/\/elbistanhabermerkezi.com\/wp-content\/uploads\/2026\/05\/3.jpeg 700w, https:\/\/elbistanhabermerkezi.com\/wp-content\/uploads\/2026\/05\/3-600x400.jpeg 600w\" sizes=\"auto, (max-width: 700px) 100vw, 700px\" \/> <img loading=\"lazy\" decoding=\"async\" class=\"alignnone size-full wp-image-24174\" src=\"https:\/\/elbistanhabermerkezi.com\/wp-content\/uploads\/2026\/05\/4.jpeg\" alt=\"\" width=\"700\" height=\"466\" srcset=\"https:\/\/elbistanhabermerkezi.com\/wp-content\/uploads\/2026\/05\/4.jpeg 700w, https:\/\/elbistanhabermerkezi.com\/wp-content\/uploads\/2026\/05\/4-600x400.jpeg 600w\" sizes=\"auto, (max-width: 700px) 100vw, 700px\" \/> <img loading=\"lazy\" decoding=\"async\" class=\"alignnone size-full wp-image-24175\" src=\"https:\/\/elbistanhabermerkezi.com\/wp-content\/uploads\/2026\/05\/6.jpeg\" alt=\"\" width=\"700\" height=\"466\" srcset=\"https:\/\/elbistanhabermerkezi.com\/wp-content\/uploads\/2026\/05\/6.jpeg 700w, https:\/\/elbistanhabermerkezi.com\/wp-content\/uploads\/2026\/05\/6-600x400.jpeg 600w\" sizes=\"auto, (max-width: 700px) 100vw, 700px\" \/> <img loading=\"lazy\" decoding=\"async\" class=\"alignnone size-full wp-image-24176\" src=\"https:\/\/elbistanhabermerkezi.com\/wp-content\/uploads\/2026\/05\/11.jpeg\" alt=\"\" width=\"700\" height=\"466\" srcset=\"https:\/\/elbistanhabermerkezi.com\/wp-content\/uploads\/2026\/05\/11.jpeg 700w, https:\/\/elbistanhabermerkezi.com\/wp-content\/uploads\/2026\/05\/11-600x400.jpeg 600w\" sizes=\"auto, (max-width: 700px) 100vw, 700px\" \/> <img loading=\"lazy\" decoding=\"async\" class=\"alignnone size-full wp-image-24177\" src=\"https:\/\/elbistanhabermerkezi.com\/wp-content\/uploads\/2026\/05\/12.jpeg\" alt=\"\" width=\"700\" height=\"466\" srcset=\"https:\/\/elbistanhabermerkezi.com\/wp-content\/uploads\/2026\/05\/12.jpeg 700w, https:\/\/elbistanhabermerkezi.com\/wp-content\/uploads\/2026\/05\/12-600x400.jpeg 600w\" sizes=\"auto, (max-width: 700px) 100vw, 700px\" \/> <img loading=\"lazy\" decoding=\"async\" class=\"alignnone size-full wp-image-24178\" src=\"https:\/\/elbistanhabermerkezi.com\/wp-content\/uploads\/2026\/05\/13.jpeg\" alt=\"\" width=\"700\" height=\"466\" srcset=\"https:\/\/elbistanhabermerkezi.com\/wp-content\/uploads\/2026\/05\/13.jpeg 700w, https:\/\/elbistanhabermerkezi.com\/wp-content\/uploads\/2026\/05\/13-600x400.jpeg 600w\" sizes=\"auto, (max-width: 700px) 100vw, 700px\" \/><\/p>\n","protected":false},"excerpt":{"rendered":"<p>Kahramanmara\u015f S\u00fct\u00e7\u00fc \u0130mam \u00dcniversitesi (KS\u00dc), Yunus Emre Kongre ve K\u00fclt\u00fcr Merkezi\u2019nde 14. B\u00f6lge Kahramanmara\u015f Eczac\u0131 Odas\u0131 taraf\u0131ndan d\u00fczenlenen \u201cPharmara\u015f 1. Eczac\u0131l\u0131k Kongresi\u201dne ev sahipli\u011fi yapt\u0131. Kongrenin a\u00e7\u0131l\u0131\u015f program\u0131na Cumhurba\u015fkan\u0131 Ba\u015fdan\u0131\u015fman\u0131 Ahmet Selim K\u00f6ro\u011flu, Kahramanmara\u015f AK Parti Milletvekili \u0130rfan Karatutlu, KS\u00dc Rekt\u00f6r\u00fc Prof. Dr. \u0130brahim Taner Okumu\u015f, And\u0131r\u0131n Belediye Ba\u015fkan\u0131 Ahmet Sinan G\u00f6k\u015fen, KS\u00dc T\u0131p Fak\u00fcltesi [&hellip;]<\/p>\n","protected":false},"author":1,"featured_media":24177,"comment_status":"open","ping_status":"open","sticky":false,"template":"","format":"standard","meta":{"_jetpack_memberships_contains_paid_content":false,"footnotes":""},"categories":[2,5,8,11],"tags":[],"class_list":["post-24172","post","type-post","status-publish","format-standard","has-post-thumbnail","hentry","category-3-sayfa","category-egitim","category-gundem","category-saglik"],"jetpack_featured_media_url":"https:\/\/elbistanhabermerkezi.com\/wp-content\/uploads\/2026\/05\/12.jpeg","jetpack_sharing_enabled":true,"_links":{"self":[{"href":"https:\/\/elbistanhabermerkezi.com\/index.php\/wp-json\/wp\/v2\/posts\/24172","targetHints":{"allow":["GET"]}}],"collection":[{"href":"https:\/\/elbistanhabermerkezi.com\/index.php\/wp-json\/wp\/v2\/posts"}],"about":[{"href":"https:\/\/elbistanhabermerkezi.com\/index.php\/wp-json\/wp\/v2\/types\/post"}],"author":[{"embeddable":true,"href":"https:\/\/elbistanhabermerkezi.com\/index.php\/wp-json\/wp\/v2\/users\/1"}],"replies":[{"embeddable":true,"href":"https:\/\/elbistanhabermerkezi.com\/index.php\/wp-json\/wp\/v2\/comments?post=24172"}],"version-history":[{"count":1,"href":"https:\/\/elbistanhabermerkezi.com\/index.php\/wp-json\/wp\/v2\/posts\/24172\/revisions"}],"predecessor-version":[{"id":24179,"href":"https:\/\/elbistanhabermerkezi.com\/index.php\/wp-json\/wp\/v2\/posts\/24172\/revisions\/24179"}],"wp:featuredmedia":[{"embeddable":true,"href":"https:\/\/elbistanhabermerkezi.com\/index.php\/wp-json\/wp\/v2\/media\/24177"}],"wp:attachment":[{"href":"https:\/\/elbistanhabermerkezi.com\/index.php\/wp-json\/wp\/v2\/media?parent=24172"}],"wp:term":[{"taxonomy":"category","embeddable":true,"href":"https:\/\/elbistanhabermerkezi.com\/index.php\/wp-json\/wp\/v2\/categories?post=24172"},{"taxonomy":"post_tag","embeddable":true,"href":"https:\/\/elbistanhabermerkezi.com\/index.php\/wp-json\/wp\/v2\/tags?post=24172"}],"curies":[{"name":"wp","href":"https:\/\/api.w.org\/{rel}","templated":true}]}}