{"id":24144,"date":"2026-04-28T15:36:07","date_gmt":"2026-04-28T15:36:07","guid":{"rendered":"https:\/\/elbistanhabermerkezi.com\/?p=24144"},"modified":"2026-04-28T15:36:07","modified_gmt":"2026-04-28T15:36:07","slug":"sogemden-stklara-dijital-guc-saglayacak-egitim-programi","status":"publish","type":"post","link":"https:\/\/elbistanhabermerkezi.com\/index.php\/2026\/04\/28\/sogemden-stklara-dijital-guc-saglayacak-egitim-programi\/","title":{"rendered":"SOGEM\u2019den STK\u2019lara Dijital G\u00fc\u00e7 Sa\u011flayacak E\u011fitim Program\u0131."},"content":{"rendered":"<p style=\"text-align: justify;\"><img loading=\"lazy\" decoding=\"async\" class=\"alignnone size-full wp-image-15355\" src=\"https:\/\/elbistanhabermerkezi.com\/wp-content\/uploads\/2024\/07\/ALIDOGAN.jpg\" alt=\"\" width=\"302\" height=\"302\" srcset=\"https:\/\/elbistanhabermerkezi.com\/wp-content\/uploads\/2024\/07\/ALIDOGAN.jpg 302w, https:\/\/elbistanhabermerkezi.com\/wp-content\/uploads\/2024\/07\/ALIDOGAN-105x105.jpg 105w, https:\/\/elbistanhabermerkezi.com\/wp-content\/uploads\/2024\/07\/ALIDOGAN-155x155.jpg 155w, https:\/\/elbistanhabermerkezi.com\/wp-content\/uploads\/2024\/07\/ALIDOGAN-221x221.jpg 221w\" sizes=\"auto, (max-width: 302px) 100vw, 302px\" \/><img loading=\"lazy\" decoding=\"async\" class=\"alignnone size-full wp-image-24065\" src=\"https:\/\/elbistanhabermerkezi.com\/wp-content\/uploads\/2026\/04\/TAKEKK.png\" alt=\"\" width=\"802\" height=\"502\" srcset=\"https:\/\/elbistanhabermerkezi.com\/wp-content\/uploads\/2026\/04\/TAKEKK.png 802w, https:\/\/elbistanhabermerkezi.com\/wp-content\/uploads\/2026\/04\/TAKEKK-600x376.png 600w, https:\/\/elbistanhabermerkezi.com\/wp-content\/uploads\/2026\/04\/TAKEKK-768x481.png 768w\" sizes=\"auto, (max-width: 802px) 100vw, 802px\" \/><\/p>\n<p style=\"text-align: justify;\"><strong>B\u00fcy\u00fck\u015fehir Belediyesi, sivil toplum kurulu\u015flar\u0131n\u0131n dijital d\u00fcnyadaki etkinli\u011fini art\u0131rmaya y\u00f6nelik \u201cUygulamal\u0131 Canva E\u011fitimi\u201d program\u0131n\u0131 hayata ge\u00e7iriyor. SOGEM ev sahipli\u011finde d\u00fczenlenecek e\u011fitim program\u0131na ba\u015fvurular ba\u015flad\u0131.<\/strong><\/p>\n<p style=\"text-align: justify;\">\n<p style=\"text-align: justify;\">Kahramanmara\u015f B\u00fcy\u00fck\u015fehir Belediyesi, sivil toplum kurulu\u015flar\u0131n\u0131n dijital d\u00fcnyadaki etkinli\u011fini art\u0131rmaya y\u00f6nelik \u00f6nemli bir ad\u0131m daha att\u0131. B\u00fcy\u00fck\u015fehir Belediyesi b\u00fcnyesinde faaliyet g\u00f6steren Sosyal Giri\u015fimcilik Merkezi (SOGEM), \u0130l Milli E\u011fitim M\u00fcd\u00fcrl\u00fc\u011f\u00fc i\u015f birli\u011fiyle \u201cUygulamal\u0131 Canva E\u011fitimi\u201d program\u0131n\u0131 hayata ge\u00e7iriyor. \u015eehrin sosyal sorunlar\u0131na yenilik\u00e7i ve s\u00fcrd\u00fcr\u00fclebilir \u00e7\u00f6z\u00fcmler geli\u015ftirmeyi vizyon edinen SOGEM, bu yeni e\u011fitim program\u0131yla sivil toplum kurulu\u015flar\u0131n\u0131n yaln\u0131zca proje \u00fcretme kapasitesini de\u011fil, ayn\u0131 zamanda bu projeleri etkili bir \u015fekilde anlatma ve geni\u015f kitlelere ula\u015ft\u0131rma becerilerini de g\u00fc\u00e7lendirmeyi hedefliyor. G\u00fcn\u00fcm\u00fczde dijital platformlarda g\u00f6r\u00fcn\u00fcrl\u00fck elde edemeyen \u00e7al\u0131\u015fmalar\u0131n etkisinin s\u0131n\u0131rl\u0131 kald\u0131\u011f\u0131 ger\u00e7e\u011finden hareketle haz\u0131rlanan program, STK\u2019lara \u00f6nemli bir f\u0131rsat sunuyor.<\/p>\n<p style=\"text-align: justify;\">\n<p style=\"text-align: justify;\"><strong>Uygulamal\u0131 E\u011fitim \u0130\u00e7eri\u011fiyle Dikkat \u00c7ekiyor<\/strong><\/p>\n<p style=\"text-align: justify;\">Alan\u0131nda deneyimli e\u011fitmen Yunus K\u00fcrt\u00fcl taraf\u0131ndan verilecek e\u011fitimlerde; sosyal medya tasar\u0131m\u0131, proje afi\u015fleri haz\u0131rlama, video ve reels i\u00e7erik \u00fcretimi ile yapay zek\u00e2 destekli tasar\u0131m ara\u00e7lar\u0131n\u0131n kullan\u0131m\u0131 gibi g\u00fcncel ve uygulamaya d\u00f6n\u00fck ba\u015fl\u0131klar ele al\u0131nacak. Kat\u0131l\u0131mc\u0131lar, teorik bilgilerin yan\u0131 s\u0131ra uygulamal\u0131 \u00e7al\u0131\u015fmalarla kendi i\u00e7eriklerini \u00fcretme imk\u00e2n\u0131 bulacak.<\/p>\n<p style=\"text-align: justify;\">\n<p style=\"text-align: justify;\"><strong>STK\u2019lara \u00d6zel Dijital Tan\u0131t\u0131m Paketi<\/strong><\/p>\n<p style=\"text-align: justify;\">Program kapsam\u0131nda ger\u00e7ekle\u015ftirilecek birebir uygulamalar sayesinde kat\u0131l\u0131mc\u0131lar, e\u011fitim s\u00fcreci sonunda kendi sivil toplum kurulu\u015flar\u0131 i\u00e7in kapsaml\u0131 bir dijital tan\u0131t\u0131m paketi olu\u015fturmu\u015f olacak. Bu y\u00f6n\u00fcyle e\u011fitim, yaln\u0131zca bilgi aktar\u0131m\u0131yla s\u0131n\u0131rl\u0131 kalmay\u0131p somut \u00e7\u0131kt\u0131lar sunan bir geli\u015fim s\u00fcreci olarak \u00f6ne \u00e7\u0131k\u0131yor.<\/p>\n<p style=\"text-align: justify;\">\n<p style=\"text-align: justify;\"><strong>Ba\u015fvurular Ba\u015flad\u0131<\/strong><\/p>\n<p style=\"text-align: justify;\">Kontenjanla s\u0131n\u0131rl\u0131 olarak d\u00fczenlenecek programa ba\u015fvurular ba\u015flad\u0131. Kat\u0131lmak isteyen sivil toplum kurulu\u015fu temsilcileri <a href=\"https:\/\/kahramanmaras.bel.tr\/duyuru\/2026\/04\/28\/stklara-yonelik-uygulamali-canva-egitimi-basvuru-formu\">https:\/\/kahramanmaras.bel.tr\/duyuru\/2026\/04\/28\/stklara-yonelik-uygulamali-canva-egitimi-basvuru-formu<\/a> internet adresinden \u00e7evrimi\u00e7i ba\u015fvuru yapabiliyor. Ba\u015fvurular 5 May\u0131s Sal\u0131 g\u00fcn\u00fcne kadar devam edecek.<\/p>\n<p style=\"text-align: justify;\">\n<p style=\"text-align: justify;\"><strong>E\u011fitim Takvimi Netle\u015fti<\/strong><\/p>\n<p style=\"text-align: justify;\">Ba\u015fvuru s\u00fcrecinin tamamlanmas\u0131n\u0131n ard\u0131ndan e\u011fitimler 6 May\u0131s \u00c7ar\u015famba g\u00fcn\u00fc ba\u015flayacak ve 15 May\u0131s Cuma g\u00fcn\u00fcne kadar devam edecek. SOGEM\u2019de ger\u00e7ekle\u015ftirilecek program, 17.00 ile 19.30 saatleri aras\u0131nda d\u00fczenlenecek.<\/p>\n<p style=\"text-align: justify;\"><img loading=\"lazy\" decoding=\"async\" class=\"alignnone size-full wp-image-24145\" src=\"https:\/\/elbistanhabermerkezi.com\/wp-content\/uploads\/2026\/04\/SOGEM.jpeg\" alt=\"\" width=\"700\" height=\"394\" srcset=\"https:\/\/elbistanhabermerkezi.com\/wp-content\/uploads\/2026\/04\/SOGEM.jpeg 700w, https:\/\/elbistanhabermerkezi.com\/wp-content\/uploads\/2026\/04\/SOGEM-600x338.jpeg 600w\" sizes=\"auto, (max-width: 700px) 100vw, 700px\" \/><\/p>\n","protected":false},"excerpt":{"rendered":"<p>B\u00fcy\u00fck\u015fehir Belediyesi, sivil toplum kurulu\u015flar\u0131n\u0131n dijital d\u00fcnyadaki etkinli\u011fini art\u0131rmaya y\u00f6nelik \u201cUygulamal\u0131 Canva E\u011fitimi\u201d program\u0131n\u0131 hayata ge\u00e7iriyor. SOGEM ev sahipli\u011finde d\u00fczenlenecek e\u011fitim program\u0131na ba\u015fvurular ba\u015flad\u0131. Kahramanmara\u015f B\u00fcy\u00fck\u015fehir Belediyesi, sivil toplum kurulu\u015flar\u0131n\u0131n dijital d\u00fcnyadaki etkinli\u011fini art\u0131rmaya y\u00f6nelik \u00f6nemli bir ad\u0131m daha att\u0131. B\u00fcy\u00fck\u015fehir Belediyesi b\u00fcnyesinde faaliyet g\u00f6steren Sosyal Giri\u015fimcilik Merkezi (SOGEM), \u0130l Milli E\u011fitim M\u00fcd\u00fcrl\u00fc\u011f\u00fc i\u015f birli\u011fiyle [&hellip;]<\/p>\n","protected":false},"author":1,"featured_media":24145,"comment_status":"open","ping_status":"open","sticky":false,"template":"","format":"standard","meta":{"_jetpack_memberships_contains_paid_content":false,"footnotes":""},"categories":[2,5,6],"tags":[],"class_list":["post-24144","post","type-post","status-publish","format-standard","has-post-thumbnail","hentry","category-3-sayfa","category-egitim","category-ekonomi"],"jetpack_featured_media_url":"https:\/\/elbistanhabermerkezi.com\/wp-content\/uploads\/2026\/04\/SOGEM.jpeg","jetpack_sharing_enabled":true,"_links":{"self":[{"href":"https:\/\/elbistanhabermerkezi.com\/index.php\/wp-json\/wp\/v2\/posts\/24144","targetHints":{"allow":["GET"]}}],"collection":[{"href":"https:\/\/elbistanhabermerkezi.com\/index.php\/wp-json\/wp\/v2\/posts"}],"about":[{"href":"https:\/\/elbistanhabermerkezi.com\/index.php\/wp-json\/wp\/v2\/types\/post"}],"author":[{"embeddable":true,"href":"https:\/\/elbistanhabermerkezi.com\/index.php\/wp-json\/wp\/v2\/users\/1"}],"replies":[{"embeddable":true,"href":"https:\/\/elbistanhabermerkezi.com\/index.php\/wp-json\/wp\/v2\/comments?post=24144"}],"version-history":[{"count":1,"href":"https:\/\/elbistanhabermerkezi.com\/index.php\/wp-json\/wp\/v2\/posts\/24144\/revisions"}],"predecessor-version":[{"id":24146,"href":"https:\/\/elbistanhabermerkezi.com\/index.php\/wp-json\/wp\/v2\/posts\/24144\/revisions\/24146"}],"wp:featuredmedia":[{"embeddable":true,"href":"https:\/\/elbistanhabermerkezi.com\/index.php\/wp-json\/wp\/v2\/media\/24145"}],"wp:attachment":[{"href":"https:\/\/elbistanhabermerkezi.com\/index.php\/wp-json\/wp\/v2\/media?parent=24144"}],"wp:term":[{"taxonomy":"category","embeddable":true,"href":"https:\/\/elbistanhabermerkezi.com\/index.php\/wp-json\/wp\/v2\/categories?post=24144"},{"taxonomy":"post_tag","embeddable":true,"href":"https:\/\/elbistanhabermerkezi.com\/index.php\/wp-json\/wp\/v2\/tags?post=24144"}],"curies":[{"name":"wp","href":"https:\/\/api.w.org\/{rel}","templated":true}]}}