{"id":23725,"date":"2026-03-17T07:00:25","date_gmt":"2026-03-17T07:00:25","guid":{"rendered":"https:\/\/elbistanhabermerkezi.com\/?p=23725"},"modified":"2026-03-17T07:00:25","modified_gmt":"2026-03-17T07:00:25","slug":"buyuksehirin-ekinozu-yatirimlari-aciliyor","status":"publish","type":"post","link":"https:\/\/elbistanhabermerkezi.com\/index.php\/2026\/03\/17\/buyuksehirin-ekinozu-yatirimlari-aciliyor\/","title":{"rendered":"B\u00fcy\u00fck\u015fehir\u2019in Ekin\u00f6z\u00fc Yat\u0131r\u0131mlar\u0131 A\u00e7\u0131l\u0131yor."},"content":{"rendered":"<p style=\"text-align: justify;\"><img loading=\"lazy\" decoding=\"async\" class=\"alignnone size-full wp-image-12722\" src=\"https:\/\/elbistanhabermerkezi.com\/wp-content\/uploads\/2024\/01\/halild6.jpg\" alt=\"\" width=\"302\" height=\"202\" srcset=\"https:\/\/elbistanhabermerkezi.com\/wp-content\/uploads\/2024\/01\/halild6.jpg 302w, https:\/\/elbistanhabermerkezi.com\/wp-content\/uploads\/2024\/01\/halild6-157x105.jpg 157w, https:\/\/elbistanhabermerkezi.com\/wp-content\/uploads\/2024\/01\/halild6-232x155.jpg 232w\" sizes=\"auto, (max-width: 302px) 100vw, 302px\" \/><\/p>\n<p style=\"text-align: justify;\"><strong>B\u00fcy\u00fck\u015fehir Belediyesi taraf\u0131ndan 1,9 Milyar TL\u2019lik yat\u0131r\u0131mla Ekin\u00f6z\u00fc\u2019ne kazand\u0131r\u0131lan alt ve \u00fcstyap\u0131 yat\u0131r\u0131mlar\u0131n\u0131n toplu a\u00e7\u0131l\u0131\u015f t\u00f6reni ger\u00e7ekle\u015ftirilecek. 17 Mart Sal\u0131 g\u00fcn\u00fc Ekin\u00f6z\u00fc At\u0131ksu Ar\u0131tma Tesisi\u2019nde ger\u00e7ekle\u015ftirilecek a\u00e7\u0131l\u0131\u015f program\u0131na t\u00fcm vatanda\u015flar davet edildi.<\/strong><\/p>\n<p style=\"text-align: justify;\">\n<p style=\"text-align: justify;\">Kahramanmara\u015f B\u00fcy\u00fck\u015fehir Belediyesi taraf\u0131ndan geride kalan 23 ayl\u0131k s\u00fcre\u00e7te Ekin\u00f6z\u00fc\u2019ne kazand\u0131r\u0131lan alt ve \u00fcstyap\u0131 yat\u0131r\u0131mlar\u0131n\u0131n toplu a\u00e7\u0131l\u0131\u015f t\u00f6reni ger\u00e7ekle\u015ftirilecek. B\u00fcy\u00fck\u015fehir Belediye Ba\u015fkan\u0131 F\u0131rat G\u00f6rgel \u00f6nc\u00fcl\u00fc\u011f\u00fcnde hayata ge\u00e7irilen projeler, d\u00fczenlenecek programla hizmete sunulacak. Toplam 1,9 Milyar TL\u2019lik yat\u0131r\u0131m bedeline sahip projelerin a\u00e7\u0131l\u0131\u015f\u0131, 17 Mart Sal\u0131 g\u00fcn\u00fc saat 16.30\u2019da Ekin\u00f6z\u00fc At\u0131ksu Ar\u0131tma Tesisi\u2019nde ger\u00e7ekle\u015ftirilecek programla yap\u0131lacak. T\u00f6rende il\u00e7eye kazand\u0131r\u0131lan \u00e7evre, altyap\u0131 ve ula\u015f\u0131m yat\u0131r\u0131mlar\u0131 toplu \u015fekilde hizmete al\u0131nacak.<\/p>\n<p style=\"text-align: justify;\">\n<p style=\"text-align: justify;\"><strong>Altyap\u0131dan Ula\u015f\u0131ma Kapsaml\u0131 Yat\u0131r\u0131mlar<\/strong><\/p>\n<p style=\"text-align: justify;\">Ger\u00e7ekle\u015ftirilecek toplu a\u00e7\u0131l\u0131\u015f t\u00f6reninde; At\u0131ksu Ar\u0131tma Tesisi, il\u00e7ede hayata ge\u00e7irilen altyap\u0131 \u00e7al\u0131\u015fmalar\u0131, yol yat\u0131r\u0131mlar\u0131 ve Kat\u0131 At\u0131k Transfer \u0130stasyonu gibi \u00f6nemli projeler hizmete a\u00e7\u0131lacak. S\u00f6z konusu yat\u0131r\u0131mlar\u0131n, il\u00e7enin altyap\u0131 kapasitesini g\u00fc\u00e7lendirmesi, \u00e7evre sa\u011fl\u0131\u011f\u0131n\u0131 korumas\u0131 ve ula\u015f\u0131m konforunu art\u0131rmas\u0131 hedefleniyor. \u00d6zellikle \u00e7evre yat\u0131r\u0131mlar\u0131 kapsam\u0131nda hayata ge\u00e7irilen At\u0131ksu Ar\u0131tma Tesisi sayesinde il\u00e7ede olu\u015fan at\u0131ksular modern sistemlerle ar\u0131t\u0131larak do\u011faya zarar vermeden bertaraf edilecek. Kat\u0131 At\u0131k Transfer \u0130stasyonu ise b\u00f6lgedeki at\u0131k y\u00f6netimini daha d\u00fczenli ve s\u00fcrd\u00fcr\u00fclebilir hale getirecek.<\/p>\n<p style=\"text-align: justify;\">\n<p style=\"text-align: justify;\"><strong>\u0130l\u00e7enin Altyap\u0131s\u0131 G\u00fc\u00e7lendirildi<\/strong><\/p>\n<p style=\"text-align: justify;\">B\u00fcy\u00fck\u015fehir Belediyesi taraf\u0131ndan y\u00fcr\u00fct\u00fclen \u00e7al\u0131\u015fmalar kapsam\u0131nda il\u00e7ede altyap\u0131 hatlar\u0131 yenilenirken, yol yat\u0131r\u0131mlar\u0131yla da ula\u015f\u0131m a\u011f\u0131 modernize edildi. Bu yat\u0131r\u0131mlarla birlikte hem \u015fehir i\u00e7i ula\u015f\u0131m\u0131n daha konforlu hale getirilmesi hem de il\u00e7enin uzun y\u0131llar ihtiya\u00e7lar\u0131na cevap verecek g\u00fc\u00e7l\u00fc bir altyap\u0131 sisteminin olu\u015fturulmas\u0131 sa\u011fland\u0131.<\/p>\n<p style=\"text-align: justify;\">\n<p style=\"text-align: justify;\"><strong>Vatanda\u015flara Davet<\/strong><\/p>\n<p style=\"text-align: justify;\">B\u00fcy\u00fck\u015fehir Belediyesinden yap\u0131lan a\u00e7\u0131klamada, Ekin\u00f6z\u00fc\u2019nde ger\u00e7ekle\u015ftirilecek toplu a\u00e7\u0131l\u0131\u015f t\u00f6renine t\u00fcm vatanda\u015flar davet edildi. A\u00e7\u0131klamada, \u201cB\u00fcy\u00fck\u015fehir Belediyemiz taraf\u0131ndan il\u00e7emize kazand\u0131r\u0131lan yat\u0131r\u0131mlar\u0131n toplu a\u00e7\u0131l\u0131\u015f t\u00f6renine t\u00fcm hem\u015fehrilerimiz davetlidir\u201d ifadelerine yer verildi.<\/p>\n<p style=\"text-align: justify;\"><img loading=\"lazy\" decoding=\"async\" class=\"alignnone size-full wp-image-23726\" src=\"https:\/\/elbistanhabermerkezi.com\/wp-content\/uploads\/2026\/03\/Acilis.jpeg\" alt=\"\" width=\"700\" height=\"875\" srcset=\"https:\/\/elbistanhabermerkezi.com\/wp-content\/uploads\/2026\/03\/Acilis.jpeg 700w, https:\/\/elbistanhabermerkezi.com\/wp-content\/uploads\/2026\/03\/Acilis-320x400.jpeg 320w\" sizes=\"auto, (max-width: 700px) 100vw, 700px\" \/> <img loading=\"lazy\" decoding=\"async\" class=\"alignnone size-full wp-image-23727\" src=\"https:\/\/elbistanhabermerkezi.com\/wp-content\/uploads\/2026\/03\/Ekinozu-1.jpg\" alt=\"\" width=\"700\" height=\"394\" srcset=\"https:\/\/elbistanhabermerkezi.com\/wp-content\/uploads\/2026\/03\/Ekinozu-1.jpg 700w, https:\/\/elbistanhabermerkezi.com\/wp-content\/uploads\/2026\/03\/Ekinozu-1-600x338.jpg 600w\" sizes=\"auto, (max-width: 700px) 100vw, 700px\" \/><\/p>\n<div id=\"attachment_23728\" style=\"width: 710px\" class=\"wp-caption alignnone\"><img loading=\"lazy\" decoding=\"async\" aria-describedby=\"caption-attachment-23728\" class=\"size-full wp-image-23728\" src=\"https:\/\/elbistanhabermerkezi.com\/wp-content\/uploads\/2026\/03\/Ekinozu-3.jpg\" alt=\"\" width=\"700\" height=\"393\" srcset=\"https:\/\/elbistanhabermerkezi.com\/wp-content\/uploads\/2026\/03\/Ekinozu-3.jpg 700w, https:\/\/elbistanhabermerkezi.com\/wp-content\/uploads\/2026\/03\/Ekinozu-3-600x337.jpg 600w\" sizes=\"auto, (max-width: 700px) 100vw, 700px\" \/><p id=\"caption-attachment-23728\" class=\"wp-caption-text\">default<\/p><\/div>\n<p style=\"text-align: justify;\"><img loading=\"lazy\" decoding=\"async\" class=\"alignnone size-full wp-image-23729\" src=\"https:\/\/elbistanhabermerkezi.com\/wp-content\/uploads\/2026\/03\/Ekinozu-7.jpg\" alt=\"\" width=\"700\" height=\"464\" srcset=\"https:\/\/elbistanhabermerkezi.com\/wp-content\/uploads\/2026\/03\/Ekinozu-7.jpg 700w, https:\/\/elbistanhabermerkezi.com\/wp-content\/uploads\/2026\/03\/Ekinozu-7-600x398.jpg 600w\" sizes=\"auto, (max-width: 700px) 100vw, 700px\" \/> <img loading=\"lazy\" decoding=\"async\" class=\"alignnone size-full wp-image-23730\" src=\"https:\/\/elbistanhabermerkezi.com\/wp-content\/uploads\/2026\/03\/Projeler-9.jpg\" alt=\"\" width=\"700\" height=\"394\" srcset=\"https:\/\/elbistanhabermerkezi.com\/wp-content\/uploads\/2026\/03\/Projeler-9.jpg 700w, https:\/\/elbistanhabermerkezi.com\/wp-content\/uploads\/2026\/03\/Projeler-9-600x338.jpg 600w\" sizes=\"auto, (max-width: 700px) 100vw, 700px\" \/><\/p>\n","protected":false},"excerpt":{"rendered":"<p>B\u00fcy\u00fck\u015fehir Belediyesi taraf\u0131ndan 1,9 Milyar TL\u2019lik yat\u0131r\u0131mla Ekin\u00f6z\u00fc\u2019ne kazand\u0131r\u0131lan alt ve \u00fcstyap\u0131 yat\u0131r\u0131mlar\u0131n\u0131n toplu a\u00e7\u0131l\u0131\u015f t\u00f6reni ger\u00e7ekle\u015ftirilecek. 17 Mart Sal\u0131 g\u00fcn\u00fc Ekin\u00f6z\u00fc At\u0131ksu Ar\u0131tma Tesisi\u2019nde ger\u00e7ekle\u015ftirilecek a\u00e7\u0131l\u0131\u015f program\u0131na t\u00fcm vatanda\u015flar davet edildi. Kahramanmara\u015f B\u00fcy\u00fck\u015fehir Belediyesi taraf\u0131ndan geride kalan 23 ayl\u0131k s\u00fcre\u00e7te Ekin\u00f6z\u00fc\u2019ne kazand\u0131r\u0131lan alt ve \u00fcstyap\u0131 yat\u0131r\u0131mlar\u0131n\u0131n toplu a\u00e7\u0131l\u0131\u015f t\u00f6reni ger\u00e7ekle\u015ftirilecek. B\u00fcy\u00fck\u015fehir Belediye Ba\u015fkan\u0131 F\u0131rat [&hellip;]<\/p>\n","protected":false},"author":1,"featured_media":23729,"comment_status":"open","ping_status":"open","sticky":false,"template":"","format":"standard","meta":{"_jetpack_memberships_contains_paid_content":false,"footnotes":""},"categories":[2,675,8,12],"tags":[],"class_list":["post-23725","post","type-post","status-publish","format-standard","has-post-thumbnail","hentry","category-3-sayfa","category-ekinozu","category-gundem","category-siyaset"],"jetpack_featured_media_url":"https:\/\/elbistanhabermerkezi.com\/wp-content\/uploads\/2026\/03\/Ekinozu-7.jpg","jetpack_sharing_enabled":true,"_links":{"self":[{"href":"https:\/\/elbistanhabermerkezi.com\/index.php\/wp-json\/wp\/v2\/posts\/23725","targetHints":{"allow":["GET"]}}],"collection":[{"href":"https:\/\/elbistanhabermerkezi.com\/index.php\/wp-json\/wp\/v2\/posts"}],"about":[{"href":"https:\/\/elbistanhabermerkezi.com\/index.php\/wp-json\/wp\/v2\/types\/post"}],"author":[{"embeddable":true,"href":"https:\/\/elbistanhabermerkezi.com\/index.php\/wp-json\/wp\/v2\/users\/1"}],"replies":[{"embeddable":true,"href":"https:\/\/elbistanhabermerkezi.com\/index.php\/wp-json\/wp\/v2\/comments?post=23725"}],"version-history":[{"count":1,"href":"https:\/\/elbistanhabermerkezi.com\/index.php\/wp-json\/wp\/v2\/posts\/23725\/revisions"}],"predecessor-version":[{"id":23731,"href":"https:\/\/elbistanhabermerkezi.com\/index.php\/wp-json\/wp\/v2\/posts\/23725\/revisions\/23731"}],"wp:featuredmedia":[{"embeddable":true,"href":"https:\/\/elbistanhabermerkezi.com\/index.php\/wp-json\/wp\/v2\/media\/23729"}],"wp:attachment":[{"href":"https:\/\/elbistanhabermerkezi.com\/index.php\/wp-json\/wp\/v2\/media?parent=23725"}],"wp:term":[{"taxonomy":"category","embeddable":true,"href":"https:\/\/elbistanhabermerkezi.com\/index.php\/wp-json\/wp\/v2\/categories?post=23725"},{"taxonomy":"post_tag","embeddable":true,"href":"https:\/\/elbistanhabermerkezi.com\/index.php\/wp-json\/wp\/v2\/tags?post=23725"}],"curies":[{"name":"wp","href":"https:\/\/api.w.org\/{rel}","templated":true}]}}