{"id":23722,"date":"2026-03-17T06:57:26","date_gmt":"2026-03-17T06:57:26","guid":{"rendered":"https:\/\/elbistanhabermerkezi.com\/?p=23722"},"modified":"2026-03-17T06:57:26","modified_gmt":"2026-03-17T06:57:26","slug":"buyuksehir-ekinozunde-ramazan-sofrasi-kuruyor","status":"publish","type":"post","link":"https:\/\/elbistanhabermerkezi.com\/index.php\/2026\/03\/17\/buyuksehir-ekinozunde-ramazan-sofrasi-kuruyor\/","title":{"rendered":"B\u00fcy\u00fck\u015fehir, Ekin\u00f6z\u00fc\u2019nde Ramazan Sofras\u0131 Kuruyor."},"content":{"rendered":"<p style=\"text-align: justify;\"><img loading=\"lazy\" decoding=\"async\" class=\"alignnone size-full wp-image-15355\" src=\"https:\/\/elbistanhabermerkezi.com\/wp-content\/uploads\/2024\/07\/ALIDOGAN.jpg\" alt=\"\" width=\"302\" height=\"302\" srcset=\"https:\/\/elbistanhabermerkezi.com\/wp-content\/uploads\/2024\/07\/ALIDOGAN.jpg 302w, https:\/\/elbistanhabermerkezi.com\/wp-content\/uploads\/2024\/07\/ALIDOGAN-105x105.jpg 105w, https:\/\/elbistanhabermerkezi.com\/wp-content\/uploads\/2024\/07\/ALIDOGAN-155x155.jpg 155w, https:\/\/elbistanhabermerkezi.com\/wp-content\/uploads\/2024\/07\/ALIDOGAN-221x221.jpg 221w\" sizes=\"auto, (max-width: 302px) 100vw, 302px\" \/><\/p>\n<p style=\"text-align: justify;\"><strong>B\u00fcy\u00fck\u015fehir Belediyesinin d\u00fczenledi\u011fi \u201c\u0130l\u00e7emde \u0130ftar Var\u201d program\u0131 Ekin\u00f6z\u00fc\u2019nde devam edecek. 17 Mart Sal\u0131 g\u00fcn\u00fc \u00c7PL Spor Salonu\u2019nda ger\u00e7ekle\u015ftirilecek programda y\u00fczlerce vatanda\u015f iftar sofras\u0131nda bir araya gelerek Ramazan\u2019\u0131n bereketini payla\u015facak.<\/strong><\/p>\n<p style=\"text-align: justify;\">\n<p style=\"text-align: justify;\">Kahramanmara\u015f B\u00fcy\u00fck\u015fehir Belediyesi, Ramazan ay\u0131n\u0131n payla\u015fma, dayan\u0131\u015fma ve birlik ruhunu \u015fehir genelinde ya\u015fatmak amac\u0131yla d\u00fczenledi\u011fi iftar programlar\u0131na h\u0131z kesmeden devam ediyor. Sosyal belediyecilik anlay\u0131\u015f\u0131 do\u011frultusunda hayata ge\u00e7irilen etkinliklerle vatanda\u015flar\u0131 ayn\u0131 sofrada bulu\u015fturan B\u00fcy\u00fck\u015fehir Belediyesi, \u015fehirdeki dayan\u0131\u015fma k\u00fclt\u00fcr\u00fcn\u00fc peki\u015ftirirken, vatanda\u015flar\u0131n Ramazan ay\u0131n\u0131 birlikte ge\u00e7irmesine de katk\u0131 sa\u011fl\u0131yor. Ge\u00e7ti\u011fimiz y\u0131l ilk kez d\u00fczenlenmesine ra\u011fmen yo\u011fun kat\u0131l\u0131m g\u00f6ren \u201c\u0130l\u00e7emde \u0130ftar Var\u201d program\u0131, bu y\u0131l da ayn\u0131 co\u015fku ve ilgiyle yeniden ger\u00e7ekle\u015ftiriliyor. Ramazan etkinliklerinin bu y\u0131lki \u00f6nemli duraklar\u0131ndan biri de Ekin\u00f6z\u00fc olacak. Program kapsam\u0131nda Ekin\u00f6z\u00fc\u2019nde ya\u015fayan vatanda\u015flar, 17 Mart Sal\u0131 g\u00fcn\u00fc d\u00fczenlenecek iftar program\u0131nda bir araya gelecek. Etkinlik yaln\u0131zca bir iftar yeme\u011fiyle s\u0131n\u0131rl\u0131 kalmayacak. Program kapsam\u0131nda Ramazan ay\u0131n\u0131n manevi atmosferini yans\u0131tan \u00e7e\u015fitli etkinlikler de d\u00fczenlenecek. \u0130ftar sonras\u0131 ger\u00e7ekle\u015ftirilecek programlarda kat\u0131l\u0131mc\u0131lar hem keyifli vakit ge\u00e7irme f\u0131rsat\u0131 bulacak hem de Ramazan gecelerinin huzur ve payla\u015f\u0131m dolu ortam\u0131n\u0131 birlikte ya\u015fayacak. Ailelerin ve \u00e7ocuklar\u0131n da kat\u0131l\u0131m sa\u011flayabilece\u011fi etkinliklerde, Ramazan k\u00fclt\u00fcr\u00fcn\u00fc yans\u0131tan aktivitelerle sosyal birlikteli\u011fin g\u00fc\u00e7lendirilmesi hedefleniyor. B\u00fcy\u00fck\u015fehir Belediyesinden yap\u0131lan a\u00e7\u0131klamada, bu \u00f6zel programa t\u00fcm vatanda\u015flar\u0131n davetli oldu\u011fu ifade edildi.<\/p>\n<p style=\"text-align: justify;\"><img loading=\"lazy\" decoding=\"async\" class=\"alignnone size-full wp-image-23723\" src=\"https:\/\/elbistanhabermerkezi.com\/wp-content\/uploads\/2026\/03\/Ekinozu-1.jpeg\" alt=\"\" width=\"800\" height=\"450\" srcset=\"https:\/\/elbistanhabermerkezi.com\/wp-content\/uploads\/2026\/03\/Ekinozu-1.jpeg 800w, https:\/\/elbistanhabermerkezi.com\/wp-content\/uploads\/2026\/03\/Ekinozu-1-600x338.jpeg 600w, https:\/\/elbistanhabermerkezi.com\/wp-content\/uploads\/2026\/03\/Ekinozu-1-768x432.jpeg 768w\" sizes=\"auto, (max-width: 800px) 100vw, 800px\" \/><\/p>\n","protected":false},"excerpt":{"rendered":"<p>B\u00fcy\u00fck\u015fehir Belediyesinin d\u00fczenledi\u011fi \u201c\u0130l\u00e7emde \u0130ftar Var\u201d program\u0131 Ekin\u00f6z\u00fc\u2019nde devam edecek. 17 Mart Sal\u0131 g\u00fcn\u00fc \u00c7PL Spor Salonu\u2019nda ger\u00e7ekle\u015ftirilecek programda y\u00fczlerce vatanda\u015f iftar sofras\u0131nda bir araya gelerek Ramazan\u2019\u0131n bereketini payla\u015facak. Kahramanmara\u015f B\u00fcy\u00fck\u015fehir Belediyesi, Ramazan ay\u0131n\u0131n payla\u015fma, dayan\u0131\u015fma ve birlik ruhunu \u015fehir genelinde ya\u015fatmak amac\u0131yla d\u00fczenledi\u011fi iftar programlar\u0131na h\u0131z kesmeden devam ediyor. Sosyal belediyecilik anlay\u0131\u015f\u0131 do\u011frultusunda hayata [&hellip;]<\/p>\n","protected":false},"author":1,"featured_media":23723,"comment_status":"open","ping_status":"open","sticky":false,"template":"","format":"standard","meta":{"_jetpack_memberships_contains_paid_content":false,"footnotes":""},"categories":[2,675,8,12],"tags":[],"class_list":["post-23722","post","type-post","status-publish","format-standard","has-post-thumbnail","hentry","category-3-sayfa","category-ekinozu","category-gundem","category-siyaset"],"jetpack_featured_media_url":"https:\/\/elbistanhabermerkezi.com\/wp-content\/uploads\/2026\/03\/Ekinozu-1.jpeg","jetpack_sharing_enabled":true,"_links":{"self":[{"href":"https:\/\/elbistanhabermerkezi.com\/index.php\/wp-json\/wp\/v2\/posts\/23722","targetHints":{"allow":["GET"]}}],"collection":[{"href":"https:\/\/elbistanhabermerkezi.com\/index.php\/wp-json\/wp\/v2\/posts"}],"about":[{"href":"https:\/\/elbistanhabermerkezi.com\/index.php\/wp-json\/wp\/v2\/types\/post"}],"author":[{"embeddable":true,"href":"https:\/\/elbistanhabermerkezi.com\/index.php\/wp-json\/wp\/v2\/users\/1"}],"replies":[{"embeddable":true,"href":"https:\/\/elbistanhabermerkezi.com\/index.php\/wp-json\/wp\/v2\/comments?post=23722"}],"version-history":[{"count":1,"href":"https:\/\/elbistanhabermerkezi.com\/index.php\/wp-json\/wp\/v2\/posts\/23722\/revisions"}],"predecessor-version":[{"id":23724,"href":"https:\/\/elbistanhabermerkezi.com\/index.php\/wp-json\/wp\/v2\/posts\/23722\/revisions\/23724"}],"wp:featuredmedia":[{"embeddable":true,"href":"https:\/\/elbistanhabermerkezi.com\/index.php\/wp-json\/wp\/v2\/media\/23723"}],"wp:attachment":[{"href":"https:\/\/elbistanhabermerkezi.com\/index.php\/wp-json\/wp\/v2\/media?parent=23722"}],"wp:term":[{"taxonomy":"category","embeddable":true,"href":"https:\/\/elbistanhabermerkezi.com\/index.php\/wp-json\/wp\/v2\/categories?post=23722"},{"taxonomy":"post_tag","embeddable":true,"href":"https:\/\/elbistanhabermerkezi.com\/index.php\/wp-json\/wp\/v2\/tags?post=23722"}],"curies":[{"name":"wp","href":"https:\/\/api.w.org\/{rel}","templated":true}]}}