{"id":23714,"date":"2026-03-16T08:55:17","date_gmt":"2026-03-16T08:55:17","guid":{"rendered":"https:\/\/elbistanhabermerkezi.com\/?p=23714"},"modified":"2026-03-16T08:55:17","modified_gmt":"2026-03-16T08:55:17","slug":"baskan-akpinar-oda-baskanlari-ile-heyecan-bahcesinde-iftar-sofrasinda-bulustu","status":"publish","type":"post","link":"https:\/\/elbistanhabermerkezi.com\/index.php\/2026\/03\/16\/baskan-akpinar-oda-baskanlari-ile-heyecan-bahcesinde-iftar-sofrasinda-bulustu\/","title":{"rendered":"BA\u015eKAN AKPINAR, ODA BA\u015eKANLARI \u0130LE HEYECAN BAH\u00c7ES\u0130\u2019NDE \u0130FTAR SOFRASINDA BULU\u015eTU."},"content":{"rendered":"<p style=\"text-align: justify;\"><strong><img loading=\"lazy\" decoding=\"async\" class=\"alignnone size-full wp-image-15355\" src=\"https:\/\/elbistanhabermerkezi.com\/wp-content\/uploads\/2024\/07\/ALIDOGAN.jpg\" alt=\"\" width=\"302\" height=\"302\" srcset=\"https:\/\/elbistanhabermerkezi.com\/wp-content\/uploads\/2024\/07\/ALIDOGAN.jpg 302w, https:\/\/elbistanhabermerkezi.com\/wp-content\/uploads\/2024\/07\/ALIDOGAN-105x105.jpg 105w, https:\/\/elbistanhabermerkezi.com\/wp-content\/uploads\/2024\/07\/ALIDOGAN-155x155.jpg 155w, https:\/\/elbistanhabermerkezi.com\/wp-content\/uploads\/2024\/07\/ALIDOGAN-221x221.jpg 221w\" sizes=\"auto, (max-width: 302px) 100vw, 302px\" \/><\/strong><\/p>\n<p style=\"text-align: justify;\"><strong>Kahramanmara\u015f\u2019\u0131n Dulkadiro\u011flu il\u00e7esinde Ramazan ay\u0131n\u0131n manevi atmosferinde anlaml\u0131 bir bulu\u015fma ger\u00e7ekle\u015ftirildi. Dulkadiro\u011flu Belediye Ba\u015fkan\u0131 Mehmet Akp\u0131nar, Heyecan Bah\u00e7esi\u2019nde d\u00fczenlenen iftar program\u0131nda oda ba\u015fkanlar\u0131 ve i\u015f d\u00fcnyas\u0131n\u0131n temsilcileri ile ayn\u0131 sofrada bir araya geldi. Programa belediye ba\u015fkan yard\u0131mc\u0131lar\u0131 ve belediye birim m\u00fcd\u00fcrleri de kat\u0131ld\u0131.<\/strong><\/p>\n<p style=\"text-align: justify;\"><strong>\u0130ftar program\u0131na Kahramanmara\u015f Ticaret ve Sanayi Odas\u0131 Meclis Ba\u015fkan\u0131 Hanefi \u00d6ks\u00fcz ile birlikte \u00e7e\u015fitli meslek odalar\u0131n\u0131n ba\u015fkanlar\u0131 da i\u015ftirak etti. Ramazan ay\u0131n\u0131n birlik, beraberlik ve dayan\u0131\u015fma ruhunun hissedildi\u011fi bulu\u015fmada kat\u0131l\u0131mc\u0131lar samimi bir ortamda iftar yaparak sohbet etme imk\u00e2n\u0131 buldu.<\/strong><\/p>\n<p style=\"text-align: justify;\"><strong>\u0130\u015e D\u00dcNYASI TEMS\u0130LC\u0130LER\u0130 \u0130LE F\u0130K\u0130R ALI\u015eVER\u0130\u015e\u0130 YAPILDI<\/strong><\/p>\n<p style=\"text-align: justify;\"><strong>Program kapsam\u0131nda \u015fehir ekonomisine katk\u0131 sa\u011flayan i\u015f d\u00fcnyas\u0131n\u0131n temsilcileri ile \u00e7e\u015fitli konular \u00fczerine g\u00f6r\u00fc\u015f al\u0131\u015fveri\u015finde bulunuldu. Yerel ekonominin g\u00fc\u00e7lendirilmesi, \u015fehirde y\u00fcr\u00fct\u00fclen \u00e7al\u0131\u015fmalar ve kurumlar aras\u0131 i\u015f birli\u011finin geli\u015ftirilmesine y\u00f6nelik de\u011ferlendirmeler yap\u0131ld\u0131. Kat\u0131l\u0131mc\u0131lar, bu t\u00fcr bulu\u015fmalar\u0131n hem ileti\u015fimi g\u00fc\u00e7lendirdi\u011fini hem de ortak akl\u0131n olu\u015fmas\u0131na katk\u0131 sa\u011flad\u0131\u011f\u0131n\u0131 ifade etti.<\/strong><\/p>\n<p style=\"text-align: justify;\"><strong>BA\u015eKAN AKPINAR\u2019DAN B\u0130RL\u0130K VE BERABERL\u0130K VURGUSU<\/strong><\/p>\n<p style=\"text-align: justify;\"><strong>Programda k\u0131sa bir konu\u015fma yapan Belediye Ba\u015fkan\u0131 Mehmet Akp\u0131nar, Ramazan ay\u0131n\u0131n toplumda dayan\u0131\u015fma ve karde\u015flik duygular\u0131n\u0131 g\u00fc\u00e7lendirdi\u011fini belirterek bu t\u00fcr bulu\u015fmalar\u0131n \u00f6nemine dikkat \u00e7ekti. Ba\u015fkan Akp\u0131nar, \u015fehrin geli\u015fimi i\u00e7in kamu kurumlar\u0131, yerel y\u00f6netimler ve i\u015f d\u00fcnyas\u0131n\u0131n birlikte hareket etmesinin b\u00fcy\u00fck \u00f6nem ta\u015f\u0131d\u0131\u011f\u0131n\u0131 ifade etti.<\/strong><\/p>\n<p style=\"text-align: justify;\"><strong>\u0130ftar programlar\u0131n\u0131n birlik ve beraberli\u011fi peki\u015ftiren \u00f6nemli bulu\u015fmalat oldu\u011funu dile getiren Ba\u015fkan Akp\u0131nar, Ramazan ay\u0131n\u0131n bereketi ve manevi iklimi i\u00e7erisinde ger\u00e7ekle\u015ftirilen bu t\u00fcr programlar\u0131n \u015fehirdeki dayan\u0131\u015fma k\u00fclt\u00fcr\u00fcn\u00fc daha da g\u00fc\u00e7lendirdi\u011fini ifade etti. Program, kat\u0131l\u0131mc\u0131lar\u0131n kar\u015f\u0131l\u0131kl\u0131 sohbetleri ve iyi dilek temennileriyle sona erdi.<\/strong><\/p>\n<p style=\"text-align: justify;\"><img loading=\"lazy\" decoding=\"async\" class=\"alignnone size-full wp-image-23715\" src=\"https:\/\/elbistanhabermerkezi.com\/wp-content\/uploads\/2026\/03\/WhatsApp-Image-2026-03-15-at-19.59.04-1.jpeg\" alt=\"\" width=\"700\" height=\"467\" srcset=\"https:\/\/elbistanhabermerkezi.com\/wp-content\/uploads\/2026\/03\/WhatsApp-Image-2026-03-15-at-19.59.04-1.jpeg 700w, https:\/\/elbistanhabermerkezi.com\/wp-content\/uploads\/2026\/03\/WhatsApp-Image-2026-03-15-at-19.59.04-1-600x400.jpeg 600w\" sizes=\"auto, (max-width: 700px) 100vw, 700px\" \/> <img loading=\"lazy\" decoding=\"async\" class=\"alignnone size-full wp-image-23716\" src=\"https:\/\/elbistanhabermerkezi.com\/wp-content\/uploads\/2026\/03\/WhatsApp-Image-2026-03-15-at-19.59.04.jpeg\" alt=\"\" width=\"700\" height=\"467\" srcset=\"https:\/\/elbistanhabermerkezi.com\/wp-content\/uploads\/2026\/03\/WhatsApp-Image-2026-03-15-at-19.59.04.jpeg 700w, https:\/\/elbistanhabermerkezi.com\/wp-content\/uploads\/2026\/03\/WhatsApp-Image-2026-03-15-at-19.59.04-600x400.jpeg 600w\" sizes=\"auto, (max-width: 700px) 100vw, 700px\" \/> <img loading=\"lazy\" decoding=\"async\" class=\"alignnone size-full wp-image-23717\" src=\"https:\/\/elbistanhabermerkezi.com\/wp-content\/uploads\/2026\/03\/WhatsApp-Image-2026-03-15-at-19.59.05-1.jpeg\" alt=\"\" width=\"700\" height=\"467\" srcset=\"https:\/\/elbistanhabermerkezi.com\/wp-content\/uploads\/2026\/03\/WhatsApp-Image-2026-03-15-at-19.59.05-1.jpeg 700w, https:\/\/elbistanhabermerkezi.com\/wp-content\/uploads\/2026\/03\/WhatsApp-Image-2026-03-15-at-19.59.05-1-600x400.jpeg 600w\" sizes=\"auto, (max-width: 700px) 100vw, 700px\" \/> <img loading=\"lazy\" decoding=\"async\" class=\"alignnone size-full wp-image-23718\" src=\"https:\/\/elbistanhabermerkezi.com\/wp-content\/uploads\/2026\/03\/WhatsApp-Image-2026-03-15-at-19.59.06.jpeg\" alt=\"\" width=\"700\" height=\"467\" srcset=\"https:\/\/elbistanhabermerkezi.com\/wp-content\/uploads\/2026\/03\/WhatsApp-Image-2026-03-15-at-19.59.06.jpeg 700w, https:\/\/elbistanhabermerkezi.com\/wp-content\/uploads\/2026\/03\/WhatsApp-Image-2026-03-15-at-19.59.06-600x400.jpeg 600w\" sizes=\"auto, (max-width: 700px) 100vw, 700px\" \/><\/p>\n","protected":false},"excerpt":{"rendered":"<p>Kahramanmara\u015f\u2019\u0131n Dulkadiro\u011flu il\u00e7esinde Ramazan ay\u0131n\u0131n manevi atmosferinde anlaml\u0131 bir bulu\u015fma ger\u00e7ekle\u015ftirildi. Dulkadiro\u011flu Belediye Ba\u015fkan\u0131 Mehmet Akp\u0131nar, Heyecan Bah\u00e7esi\u2019nde d\u00fczenlenen iftar program\u0131nda oda ba\u015fkanlar\u0131 ve i\u015f d\u00fcnyas\u0131n\u0131n temsilcileri ile ayn\u0131 sofrada bir araya geldi. Programa belediye ba\u015fkan yard\u0131mc\u0131lar\u0131 ve belediye birim m\u00fcd\u00fcrleri de kat\u0131ld\u0131. \u0130ftar program\u0131na Kahramanmara\u015f Ticaret ve Sanayi Odas\u0131 Meclis Ba\u015fkan\u0131 Hanefi \u00d6ks\u00fcz ile [&hellip;]<\/p>\n","protected":false},"author":1,"featured_media":23717,"comment_status":"open","ping_status":"open","sticky":false,"template":"","format":"standard","meta":{"_jetpack_memberships_contains_paid_content":false,"footnotes":""},"categories":[2,6,8,12],"tags":[],"class_list":["post-23714","post","type-post","status-publish","format-standard","has-post-thumbnail","hentry","category-3-sayfa","category-ekonomi","category-gundem","category-siyaset"],"jetpack_featured_media_url":"https:\/\/elbistanhabermerkezi.com\/wp-content\/uploads\/2026\/03\/WhatsApp-Image-2026-03-15-at-19.59.05-1.jpeg","jetpack_sharing_enabled":true,"_links":{"self":[{"href":"https:\/\/elbistanhabermerkezi.com\/index.php\/wp-json\/wp\/v2\/posts\/23714","targetHints":{"allow":["GET"]}}],"collection":[{"href":"https:\/\/elbistanhabermerkezi.com\/index.php\/wp-json\/wp\/v2\/posts"}],"about":[{"href":"https:\/\/elbistanhabermerkezi.com\/index.php\/wp-json\/wp\/v2\/types\/post"}],"author":[{"embeddable":true,"href":"https:\/\/elbistanhabermerkezi.com\/index.php\/wp-json\/wp\/v2\/users\/1"}],"replies":[{"embeddable":true,"href":"https:\/\/elbistanhabermerkezi.com\/index.php\/wp-json\/wp\/v2\/comments?post=23714"}],"version-history":[{"count":1,"href":"https:\/\/elbistanhabermerkezi.com\/index.php\/wp-json\/wp\/v2\/posts\/23714\/revisions"}],"predecessor-version":[{"id":23719,"href":"https:\/\/elbistanhabermerkezi.com\/index.php\/wp-json\/wp\/v2\/posts\/23714\/revisions\/23719"}],"wp:featuredmedia":[{"embeddable":true,"href":"https:\/\/elbistanhabermerkezi.com\/index.php\/wp-json\/wp\/v2\/media\/23717"}],"wp:attachment":[{"href":"https:\/\/elbistanhabermerkezi.com\/index.php\/wp-json\/wp\/v2\/media?parent=23714"}],"wp:term":[{"taxonomy":"category","embeddable":true,"href":"https:\/\/elbistanhabermerkezi.com\/index.php\/wp-json\/wp\/v2\/categories?post=23714"},{"taxonomy":"post_tag","embeddable":true,"href":"https:\/\/elbistanhabermerkezi.com\/index.php\/wp-json\/wp\/v2\/tags?post=23714"}],"curies":[{"name":"wp","href":"https:\/\/api.w.org\/{rel}","templated":true}]}}