{"id":23644,"date":"2026-03-10T11:19:10","date_gmt":"2026-03-10T11:19:10","guid":{"rendered":"https:\/\/elbistanhabermerkezi.com\/?p=23644"},"modified":"2026-03-10T11:19:10","modified_gmt":"2026-03-10T11:19:10","slug":"ksu-yonetimi-teknofest-basarisini-paylasan-ogrencilerin-odul-torenine-katildi","status":"publish","type":"post","link":"https:\/\/elbistanhabermerkezi.com\/index.php\/2026\/03\/10\/ksu-yonetimi-teknofest-basarisini-paylasan-ogrencilerin-odul-torenine-katildi\/","title":{"rendered":"KS\u00dc Y\u00f6netimi TEKNOFEST Ba\u015far\u0131s\u0131n\u0131 Payla\u015fan \u00d6\u011frencilerin \u00d6d\u00fcl T\u00f6renine Kat\u0131ld\u0131."},"content":{"rendered":"<p style=\"text-align: justify;\"><strong><img loading=\"lazy\" decoding=\"async\" class=\"alignnone size-full wp-image-15355\" src=\"https:\/\/elbistanhabermerkezi.com\/wp-content\/uploads\/2024\/07\/ALIDOGAN.jpg\" alt=\"\" width=\"302\" height=\"302\" srcset=\"https:\/\/elbistanhabermerkezi.com\/wp-content\/uploads\/2024\/07\/ALIDOGAN.jpg 302w, https:\/\/elbistanhabermerkezi.com\/wp-content\/uploads\/2024\/07\/ALIDOGAN-105x105.jpg 105w, https:\/\/elbistanhabermerkezi.com\/wp-content\/uploads\/2024\/07\/ALIDOGAN-155x155.jpg 155w, https:\/\/elbistanhabermerkezi.com\/wp-content\/uploads\/2024\/07\/ALIDOGAN-221x221.jpg 221w\" sizes=\"auto, (max-width: 302px) 100vw, 302px\" \/><\/strong><\/p>\n<p style=\"text-align: justify;\"><strong>TEKNOFEST 2025 yar\u0131\u015fmalar\u0131nda finalist olarak Kahramanmara\u015f\u2019\u0131 temsil eden \u00f6\u011frenciler ve dan\u0131\u015fman \u00f6\u011fretmenler \u00f6d\u00fcllendirildi.<\/strong><\/p>\n<p style=\"text-align: justify;\"><strong>Kahramanmara\u015f \u0130l Mill\u00ee E\u011fitim M\u00fcd\u00fcrl\u00fc\u011f\u00fc \u00f6nc\u00fcl\u00fc\u011f\u00fcnde d\u00fczenlenen ve 15 Temmuz \u015eehitler \u0130mam Hatip Ortaokulu ev sahipli\u011finde ger\u00e7ekle\u015ftirilen t\u00f6rene T3 Vakf\u0131 Y\u00f6netim Kurulu Ba\u015fkan\u0131 ve Vak\u0131f Genel M\u00fcd\u00fcr\u00fc Elvan Kuzucu H\u0131d\u0131r, Kahramanmara\u015f S\u00fct\u00e7\u00fc \u0130mam \u00dcniversitesi (KS\u00dc) Rekt\u00f6r Vekili Prof. Dr. Ramazan \u00c7etinta\u015f ile Rekt\u00f6r Yard\u0131mc\u0131s\u0131 Prof. Dr. Salih Ye\u015fil, Kahramanmara\u015f \u0130l Milli E\u011fitim M\u00fcd\u00fcr\u00fc Erhan Baydur, e\u011fitimciler ve \u00f6\u011frenciler kat\u0131ld\u0131.<\/strong><\/p>\n<p style=\"text-align: justify;\"><strong>Programda gen\u00e7lerin teknoloji \u00fcretme kapasitesinin desteklenmesinin T\u00fcrkiye\u2019nin gelece\u011fi a\u00e7\u0131s\u0131ndan ta\u015f\u0131d\u0131\u011f\u0131 \u00f6neme dikkat \u00e7ekildi. \u00d6\u011frencilerin geli\u015ftirdi\u011fi projelerin T\u00fcrkiye\u2019nin milli teknoloji hamlesine katk\u0131 sundu\u011funu ifade edilerek, gen\u00e7lerin bilim ve teknoloji alan\u0131ndaki \u00e7al\u0131\u015fmalar\u0131n\u0131n desteklenmeye devam edilece\u011fi dile getirildi.<\/strong><\/p>\n<p style=\"text-align: justify;\"><strong>T\u00f6ren, finalist \u00f6\u011frenciler ve dan\u0131\u015fman \u00f6\u011fretmenlerin \u00f6d\u00fcllerini almas\u0131n\u0131n ard\u0131ndan \u00e7ekilen hat\u0131ra foto\u011fraflar\u0131yla sona erdi.<\/strong><\/p>\n<p style=\"text-align: justify;\"><img loading=\"lazy\" decoding=\"async\" class=\"alignnone size-full wp-image-23645\" src=\"https:\/\/elbistanhabermerkezi.com\/wp-content\/uploads\/2026\/03\/1.jpeg\" alt=\"\" width=\"700\" height=\"466\" srcset=\"https:\/\/elbistanhabermerkezi.com\/wp-content\/uploads\/2026\/03\/1.jpeg 700w, https:\/\/elbistanhabermerkezi.com\/wp-content\/uploads\/2026\/03\/1-600x400.jpeg 600w\" sizes=\"auto, (max-width: 700px) 100vw, 700px\" \/> <img loading=\"lazy\" decoding=\"async\" class=\"alignnone size-full wp-image-23646\" src=\"https:\/\/elbistanhabermerkezi.com\/wp-content\/uploads\/2026\/03\/4-1.jpeg\" alt=\"\" width=\"700\" height=\"466\" srcset=\"https:\/\/elbistanhabermerkezi.com\/wp-content\/uploads\/2026\/03\/4-1.jpeg 700w, https:\/\/elbistanhabermerkezi.com\/wp-content\/uploads\/2026\/03\/4-1-600x400.jpeg 600w\" sizes=\"auto, (max-width: 700px) 100vw, 700px\" \/> <img loading=\"lazy\" decoding=\"async\" class=\"alignnone size-full wp-image-23647\" src=\"https:\/\/elbistanhabermerkezi.com\/wp-content\/uploads\/2026\/03\/5.jpeg\" alt=\"\" width=\"700\" height=\"466\" srcset=\"https:\/\/elbistanhabermerkezi.com\/wp-content\/uploads\/2026\/03\/5.jpeg 700w, https:\/\/elbistanhabermerkezi.com\/wp-content\/uploads\/2026\/03\/5-600x400.jpeg 600w\" sizes=\"auto, (max-width: 700px) 100vw, 700px\" \/> <img loading=\"lazy\" decoding=\"async\" class=\"alignnone size-full wp-image-23648\" src=\"https:\/\/elbistanhabermerkezi.com\/wp-content\/uploads\/2026\/03\/6.jpeg\" alt=\"\" width=\"700\" height=\"495\" srcset=\"https:\/\/elbistanhabermerkezi.com\/wp-content\/uploads\/2026\/03\/6.jpeg 700w, https:\/\/elbistanhabermerkezi.com\/wp-content\/uploads\/2026\/03\/6-566x400.jpeg 566w\" sizes=\"auto, (max-width: 700px) 100vw, 700px\" \/><\/p>\n","protected":false},"excerpt":{"rendered":"<p>TEKNOFEST 2025 yar\u0131\u015fmalar\u0131nda finalist olarak Kahramanmara\u015f\u2019\u0131 temsil eden \u00f6\u011frenciler ve dan\u0131\u015fman \u00f6\u011fretmenler \u00f6d\u00fcllendirildi. Kahramanmara\u015f \u0130l Mill\u00ee E\u011fitim M\u00fcd\u00fcrl\u00fc\u011f\u00fc \u00f6nc\u00fcl\u00fc\u011f\u00fcnde d\u00fczenlenen ve 15 Temmuz \u015eehitler \u0130mam Hatip Ortaokulu ev sahipli\u011finde ger\u00e7ekle\u015ftirilen t\u00f6rene T3 Vakf\u0131 Y\u00f6netim Kurulu Ba\u015fkan\u0131 ve Vak\u0131f Genel M\u00fcd\u00fcr\u00fc Elvan Kuzucu H\u0131d\u0131r, Kahramanmara\u015f S\u00fct\u00e7\u00fc \u0130mam \u00dcniversitesi (KS\u00dc) Rekt\u00f6r Vekili Prof. Dr. Ramazan \u00c7etinta\u015f ile [&hellip;]<\/p>\n","protected":false},"author":1,"featured_media":23648,"comment_status":"open","ping_status":"open","sticky":false,"template":"","format":"standard","meta":{"_jetpack_memberships_contains_paid_content":false,"footnotes":""},"categories":[2,5,14],"tags":[],"class_list":["post-23644","post","type-post","status-publish","format-standard","has-post-thumbnail","hentry","category-3-sayfa","category-egitim","category-teknoloji"],"jetpack_featured_media_url":"https:\/\/elbistanhabermerkezi.com\/wp-content\/uploads\/2026\/03\/6.jpeg","jetpack_sharing_enabled":true,"_links":{"self":[{"href":"https:\/\/elbistanhabermerkezi.com\/index.php\/wp-json\/wp\/v2\/posts\/23644","targetHints":{"allow":["GET"]}}],"collection":[{"href":"https:\/\/elbistanhabermerkezi.com\/index.php\/wp-json\/wp\/v2\/posts"}],"about":[{"href":"https:\/\/elbistanhabermerkezi.com\/index.php\/wp-json\/wp\/v2\/types\/post"}],"author":[{"embeddable":true,"href":"https:\/\/elbistanhabermerkezi.com\/index.php\/wp-json\/wp\/v2\/users\/1"}],"replies":[{"embeddable":true,"href":"https:\/\/elbistanhabermerkezi.com\/index.php\/wp-json\/wp\/v2\/comments?post=23644"}],"version-history":[{"count":1,"href":"https:\/\/elbistanhabermerkezi.com\/index.php\/wp-json\/wp\/v2\/posts\/23644\/revisions"}],"predecessor-version":[{"id":23649,"href":"https:\/\/elbistanhabermerkezi.com\/index.php\/wp-json\/wp\/v2\/posts\/23644\/revisions\/23649"}],"wp:featuredmedia":[{"embeddable":true,"href":"https:\/\/elbistanhabermerkezi.com\/index.php\/wp-json\/wp\/v2\/media\/23648"}],"wp:attachment":[{"href":"https:\/\/elbistanhabermerkezi.com\/index.php\/wp-json\/wp\/v2\/media?parent=23644"}],"wp:term":[{"taxonomy":"category","embeddable":true,"href":"https:\/\/elbistanhabermerkezi.com\/index.php\/wp-json\/wp\/v2\/categories?post=23644"},{"taxonomy":"post_tag","embeddable":true,"href":"https:\/\/elbistanhabermerkezi.com\/index.php\/wp-json\/wp\/v2\/tags?post=23644"}],"curies":[{"name":"wp","href":"https:\/\/api.w.org\/{rel}","templated":true}]}}