{"id":23067,"date":"2026-01-24T13:51:15","date_gmt":"2026-01-24T13:51:15","guid":{"rendered":"https:\/\/elbistanhabermerkezi.com\/?p=23067"},"modified":"2026-01-24T13:51:15","modified_gmt":"2026-01-24T13:51:15","slug":"buyuksehirden-25-ocakta-cocuklar-ve-yetiskinler-icin-tiyatro-soleni","status":"publish","type":"post","link":"https:\/\/elbistanhabermerkezi.com\/index.php\/2026\/01\/24\/buyuksehirden-25-ocakta-cocuklar-ve-yetiskinler-icin-tiyatro-soleni\/","title":{"rendered":"B\u00fcy\u00fck\u015fehir\u2019den 25 Ocak\u2019ta \u00c7ocuklar ve Yeti\u015fkinler \u0130\u00e7in Tiyatro \u015e\u00f6leni."},"content":{"rendered":"<p style=\"text-align: justify;\"><img loading=\"lazy\" decoding=\"async\" class=\"alignnone size-full wp-image-15355\" src=\"https:\/\/elbistanhabermerkezi.com\/wp-content\/uploads\/2024\/07\/ALIDOGAN.jpg\" alt=\"\" width=\"302\" height=\"302\" srcset=\"https:\/\/elbistanhabermerkezi.com\/wp-content\/uploads\/2024\/07\/ALIDOGAN.jpg 302w, https:\/\/elbistanhabermerkezi.com\/wp-content\/uploads\/2024\/07\/ALIDOGAN-105x105.jpg 105w, https:\/\/elbistanhabermerkezi.com\/wp-content\/uploads\/2024\/07\/ALIDOGAN-155x155.jpg 155w, https:\/\/elbistanhabermerkezi.com\/wp-content\/uploads\/2024\/07\/ALIDOGAN-221x221.jpg 221w\" sizes=\"auto, (max-width: 302px) 100vw, 302px\" \/><\/p>\n<p style=\"text-align: justify;\"><strong>B\u00fcy\u00fck\u015fehir Belediyesi, 25 Ocak Pazar g\u00fcn\u00fc NFK K\u00fclt\u00fcr Merkezi\u2019nde \u201cGizemli Yolculuk\u201d adl\u0131 tiyatro oyununu \u00e7ocuklarla, \u201cDeliriyorum Haberin Olsun\u201d adl\u0131 komedi g\u00f6sterisini ise yeti\u015fkin tiyatroseverlerle bulu\u015fturacak.<\/strong><\/p>\n<p style=\"text-align: justify;\">\n<p style=\"text-align: justify;\">Kahramanmara\u015f B\u00fcy\u00fck\u015fehir Belediyesi, k\u00fclt\u00fcr ve sanat alan\u0131ndaki \u00e7al\u0131\u015fmalar\u0131n\u0131 toplumun her kesimine hitap edecek \u015fekilde art\u0131rarak s\u00fcrd\u00fcr\u00fcyor. Bu kapsamda d\u00fczenlenen <strong>Mevl\u00e2na \u0130dris K\u00fclt\u00fcr Sanat Sezonu<\/strong>, tiyatroseverleri ve \u00e7ocuklar\u0131 ayn\u0131 g\u00fcn sahnelenecek iki \u00f6zel oyunla bulu\u015fturacak. 25 Ocak Pazar g\u00fcn\u00fc <strong>Necip Faz\u0131l K\u0131sak\u00fcrek K\u00fclt\u00fcr Merkezi<\/strong> hem minik izleyicilere hem de yeti\u015fkin tiyatro tutkunlar\u0131na hitap eden g\u00f6sterilere ev sahipli\u011fi yapacak. G\u00fcn\u00fcn ilk b\u00f6l\u00fcm\u00fcnde \u00e7ocuklar i\u00e7in sahnelenecek tiyatro oyunu, e\u011flenceli anlat\u0131m\u0131yla k\u00fc\u00e7\u00fck izleyicilere keyifli anlar ya\u015fatacak. Saat <strong>13.00 ve 15.00<\/strong>\u2019da iki seans halinde sahnelenecek <strong>\u201cGizemli Yolculuk\u201d<\/strong> adl\u0131 \u00e7ocuk oyunu, merak uyand\u0131ran hik\u00e2yesi ve renkli sahne performans\u0131yla \u00e7ocuklar\u0131 hayal dolu bir ser\u00fcvene davet edecek. E\u011fitici ve e\u011flendirici unsurlar\u0131 bir arada sunan oyun, \u00e7ocuklar\u0131n hem keyifli vakit ge\u00e7irmesini hem de sanata erken ya\u015fta ilgi duymas\u0131n\u0131 hedefliyor.<\/p>\n<p style=\"text-align: justify;\">\n<p style=\"text-align: justify;\"><strong>Yeti\u015fkinler \u0130\u00e7in Kahkaha Dolu Bir G\u00f6steri<\/strong><\/p>\n<p style=\"text-align: justify;\">Ak\u015fam saatlerinde ise tiyatro perdesi bu kez yeti\u015fkinler i\u00e7in a\u00e7\u0131lacak. Saat <strong>20.00<\/strong>\u2019da sahnelenecek olan <strong>\u201cDeliriyorum Haberin Olsun\u201d<\/strong> adl\u0131 iki perdelik komedi oyunu, izleyicilere kahkaha dolu bir ak\u015fam vaat ediyor. Oyun, Uzman Psikolog Necip\u2019in dan\u0131\u015fanlar\u0131yla ya\u015fad\u0131\u011f\u0131 s\u0131ra d\u0131\u015f\u0131, ilgin\u00e7 ve bir o kadar da komik olaylar\u0131 konu al\u0131yor. Mizahi dili, karakterlerin \u00f6zg\u00fcn hik\u00e2yeleri ve g\u00fc\u00e7l\u00fc oyuncu kadrosuyla sahneye ta\u015f\u0131nan g\u00f6steri, tiyatroseverlere unutulmaz bir ak\u015fam ya\u015fatacak. B\u00fcy\u00fck\u015fehir Belediyesinden yap\u0131lan a\u00e7\u0131klamada, <strong>t\u00fcm g\u00f6sterilerin \u00fccretsiz<\/strong> olarak sahnelenece\u011fi belirtilerek, \u00e7ocuklar ve tiyatroya ilgi duyan t\u00fcm vatanda\u015flar etkinliklere davet edildi.<\/p>\n<p style=\"text-align: justify;\"><img loading=\"lazy\" decoding=\"async\" class=\"alignnone size-full wp-image-23068\" src=\"https:\/\/elbistanhabermerkezi.com\/wp-content\/uploads\/2026\/01\/Cocuk-Tiyatrosu.jpeg\" alt=\"\" width=\"700\" height=\"394\" srcset=\"https:\/\/elbistanhabermerkezi.com\/wp-content\/uploads\/2026\/01\/Cocuk-Tiyatrosu.jpeg 700w, https:\/\/elbistanhabermerkezi.com\/wp-content\/uploads\/2026\/01\/Cocuk-Tiyatrosu-600x338.jpeg 600w, https:\/\/elbistanhabermerkezi.com\/wp-content\/uploads\/2026\/01\/Cocuk-Tiyatrosu-171x96.jpeg 171w, https:\/\/elbistanhabermerkezi.com\/wp-content\/uploads\/2026\/01\/Cocuk-Tiyatrosu-275x155.jpeg 275w, https:\/\/elbistanhabermerkezi.com\/wp-content\/uploads\/2026\/01\/Cocuk-Tiyatrosu-376x212.jpeg 376w\" sizes=\"auto, (max-width: 700px) 100vw, 700px\" \/> <img loading=\"lazy\" decoding=\"async\" class=\"alignnone size-full wp-image-23069\" src=\"https:\/\/elbistanhabermerkezi.com\/wp-content\/uploads\/2026\/01\/Yetiskin-Tiyatrosu.jpeg\" alt=\"\" width=\"700\" height=\"394\" srcset=\"https:\/\/elbistanhabermerkezi.com\/wp-content\/uploads\/2026\/01\/Yetiskin-Tiyatrosu.jpeg 700w, https:\/\/elbistanhabermerkezi.com\/wp-content\/uploads\/2026\/01\/Yetiskin-Tiyatrosu-600x338.jpeg 600w, https:\/\/elbistanhabermerkezi.com\/wp-content\/uploads\/2026\/01\/Yetiskin-Tiyatrosu-171x96.jpeg 171w, https:\/\/elbistanhabermerkezi.com\/wp-content\/uploads\/2026\/01\/Yetiskin-Tiyatrosu-275x155.jpeg 275w, https:\/\/elbistanhabermerkezi.com\/wp-content\/uploads\/2026\/01\/Yetiskin-Tiyatrosu-376x212.jpeg 376w\" sizes=\"auto, (max-width: 700px) 100vw, 700px\" \/><\/p>\n","protected":false},"excerpt":{"rendered":"<p>B\u00fcy\u00fck\u015fehir Belediyesi, 25 Ocak Pazar g\u00fcn\u00fc NFK K\u00fclt\u00fcr Merkezi\u2019nde \u201cGizemli Yolculuk\u201d adl\u0131 tiyatro oyununu \u00e7ocuklarla, \u201cDeliriyorum Haberin Olsun\u201d adl\u0131 komedi g\u00f6sterisini ise yeti\u015fkin tiyatroseverlerle bulu\u015fturacak. Kahramanmara\u015f B\u00fcy\u00fck\u015fehir Belediyesi, k\u00fclt\u00fcr ve sanat alan\u0131ndaki \u00e7al\u0131\u015fmalar\u0131n\u0131 toplumun her kesimine hitap edecek \u015fekilde art\u0131rarak s\u00fcrd\u00fcr\u00fcyor. Bu kapsamda d\u00fczenlenen Mevl\u00e2na \u0130dris K\u00fclt\u00fcr Sanat Sezonu, tiyatroseverleri ve \u00e7ocuklar\u0131 ayn\u0131 g\u00fcn sahnelenecek [&hellip;]<\/p>\n","protected":false},"author":1,"featured_media":23071,"comment_status":"open","ping_status":"open","sticky":false,"template":"","format":"standard","meta":{"_jetpack_memberships_contains_paid_content":false,"footnotes":""},"categories":[2,8],"tags":[],"class_list":["post-23067","post","type-post","status-publish","format-standard","has-post-thumbnail","hentry","category-3-sayfa","category-gundem"],"jetpack_featured_media_url":"https:\/\/elbistanhabermerkezi.com\/wp-content\/uploads\/2026\/01\/Yetiskin-Tiyatrosuyy.jpeg","jetpack_sharing_enabled":true,"_links":{"self":[{"href":"https:\/\/elbistanhabermerkezi.com\/index.php\/wp-json\/wp\/v2\/posts\/23067","targetHints":{"allow":["GET"]}}],"collection":[{"href":"https:\/\/elbistanhabermerkezi.com\/index.php\/wp-json\/wp\/v2\/posts"}],"about":[{"href":"https:\/\/elbistanhabermerkezi.com\/index.php\/wp-json\/wp\/v2\/types\/post"}],"author":[{"embeddable":true,"href":"https:\/\/elbistanhabermerkezi.com\/index.php\/wp-json\/wp\/v2\/users\/1"}],"replies":[{"embeddable":true,"href":"https:\/\/elbistanhabermerkezi.com\/index.php\/wp-json\/wp\/v2\/comments?post=23067"}],"version-history":[{"count":1,"href":"https:\/\/elbistanhabermerkezi.com\/index.php\/wp-json\/wp\/v2\/posts\/23067\/revisions"}],"predecessor-version":[{"id":23073,"href":"https:\/\/elbistanhabermerkezi.com\/index.php\/wp-json\/wp\/v2\/posts\/23067\/revisions\/23073"}],"wp:featuredmedia":[{"embeddable":true,"href":"https:\/\/elbistanhabermerkezi.com\/index.php\/wp-json\/wp\/v2\/media\/23071"}],"wp:attachment":[{"href":"https:\/\/elbistanhabermerkezi.com\/index.php\/wp-json\/wp\/v2\/media?parent=23067"}],"wp:term":[{"taxonomy":"category","embeddable":true,"href":"https:\/\/elbistanhabermerkezi.com\/index.php\/wp-json\/wp\/v2\/categories?post=23067"},{"taxonomy":"post_tag","embeddable":true,"href":"https:\/\/elbistanhabermerkezi.com\/index.php\/wp-json\/wp\/v2\/tags?post=23067"}],"curies":[{"name":"wp","href":"https:\/\/api.w.org\/{rel}","templated":true}]}}