{"id":23049,"date":"2026-01-23T20:02:39","date_gmt":"2026-01-23T20:02:39","guid":{"rendered":"https:\/\/elbistanhabermerkezi.com\/?p=23049"},"modified":"2026-01-23T20:02:39","modified_gmt":"2026-01-23T20:02:39","slug":"elbistan-belediyesinden-universitelilere-destek-egitim-destegi-bizden-basari-sizden","status":"publish","type":"post","link":"https:\/\/elbistanhabermerkezi.com\/index.php\/2026\/01\/23\/elbistan-belediyesinden-universitelilere-destek-egitim-destegi-bizden-basari-sizden\/","title":{"rendered":"Elbistan Belediyesi\u2019nden \u00dcniversitelilere Destek: \u201cE\u011fitim Deste\u011fi Bizden, Ba\u015far\u0131 Sizden!\u201d"},"content":{"rendered":"<p style=\"text-align: justify;\"><strong><img loading=\"lazy\" decoding=\"async\" class=\"alignnone size-full wp-image-15355\" src=\"https:\/\/elbistanhabermerkezi.com\/wp-content\/uploads\/2024\/07\/ALIDOGAN.jpg\" alt=\"\" width=\"302\" height=\"302\" srcset=\"https:\/\/elbistanhabermerkezi.com\/wp-content\/uploads\/2024\/07\/ALIDOGAN.jpg 302w, https:\/\/elbistanhabermerkezi.com\/wp-content\/uploads\/2024\/07\/ALIDOGAN-105x105.jpg 105w, https:\/\/elbistanhabermerkezi.com\/wp-content\/uploads\/2024\/07\/ALIDOGAN-155x155.jpg 155w, https:\/\/elbistanhabermerkezi.com\/wp-content\/uploads\/2024\/07\/ALIDOGAN-221x221.jpg 221w\" sizes=\"auto, (max-width: 302px) 100vw, 302px\" \/><\/strong><\/p>\n<p style=\"text-align: justify;\"><strong>Elbistan Belediye Ba\u015fkan\u0131 Erkan G\u00fcrb\u00fcz, 2025-2026 e\u011fitim-\u00f6\u011fretim d\u00f6nemi i\u00e7in lisans \u00f6\u011frencilerine y\u00f6nelik m\u00fcjdeli haberi verdi. &#8220;E\u011fitim Deste\u011fi Bizden, Ba\u015far\u0131 Sizden&#8221; slogan\u0131yla ba\u015flat\u0131lan projede ba\u015fvurular 26 Ocak\u2019ta ba\u015fl\u0131yor.<\/strong><\/p>\n<p style=\"text-align: justify;\"><strong>Sosyal belediyecilik anlay\u0131\u015f\u0131yla \u00e7al\u0131\u015fmalar\u0131n\u0131 s\u00fcrd\u00fcren Elbistan Belediyesi, \u00fcniversite \u00f6\u011frencilerine ekonomik destek olacak yeni e\u011fitim deste\u011fi paketini a\u00e7\u0131klad\u0131. Elbistan Belediye Ba\u015fkan\u0131 Erkan G\u00fcrb\u00fcz\u2019\u00fcn \u00f6nc\u00fcl\u00fc\u011f\u00fcnde hayata ge\u00e7irilen proje ile devlet \u00fcniversitelerinde \u00f6rg\u00fcn e\u011fitim g\u00f6ren \u00f6\u011frencilere maddi destek sa\u011flanmas\u0131 hedefleniyor.<\/strong><\/p>\n<p style=\"text-align: justify;\"><strong>Ba\u015fvuru Takvimi ve Y\u00f6ntemi<\/strong><\/p>\n<p style=\"text-align: justify;\"><strong>E\u011fitim deste\u011finden yararlanmak isteyen \u00f6\u011frenciler, ba\u015fvurular\u0131n\u0131 26-30 Ocak 2026 tarihleri aras\u0131nda ger\u00e7ekle\u015ftirebilecek. Ba\u015fvurular, dijital kolayl\u0131k sa\u011flanmas\u0131 amac\u0131yla egitimdestegi@elbistan.bel.tr adresine e-posta yoluyla yap\u0131lacak. Belgeler; PDF, JPG, PNG, GIF veya DOCX formatlar\u0131nda g\u00f6nderilebilecek.<\/strong><\/p>\n<p style=\"text-align: justify;\"><strong>Kimler Ba\u015fvurabilir? (Ba\u015fvuru \u015eartlar\u0131)<\/strong><\/p>\n<p style=\"text-align: justify;\"><strong>E\u011fitim deste\u011fine ba\u015fvuracak adaylarda aranan temel \u015fartlar \u015funlard\u0131r:<\/strong><\/p>\n<p style=\"text-align: justify;\"><strong>* T.C. Vatanda\u015f\u0131 olmas\u0131,<\/strong><br \/>\n<strong>* Ailesinin Elbistan il\u00e7e s\u0131n\u0131rlar\u0131 i\u00e7erisinde ikamet ediyor olmas\u0131,<\/strong><br \/>\n<strong>* \u00d6\u011frencinin 01.01.2000 ve sonras\u0131 do\u011fumlu olmas\u0131,<\/strong><br \/>\n<strong>* Devlet \u00fcniversitelerinde lisans d\u00fczeyinde \u00f6rg\u00fcn e\u011fitim g\u00f6r\u00fcyor olmas\u0131.<\/strong><\/p>\n<p style=\"text-align: justify;\"><strong>*Hak sahibi olabilmek i\u00e7in aile ki\u015fi ba\u015f\u0131 d\u00fc\u015fen gelirin 20 bin TL\u2019yi ge\u00e7memesi<\/strong><\/p>\n<p style=\"text-align: justify;\"><strong>\u00d6nemli Not: A\u00e7\u0131k\u00f6\u011fretim ve \u00d6zel (Vak\u0131f) \u00fcniversitelerinde okuyan \u00f6\u011frenciler ile do\u011fum tarihi 2000 y\u0131l\u0131ndan \u00f6nce olanlar destek kapsam\u0131 d\u0131\u015f\u0131nda tutulmu\u015ftur.<\/strong><\/p>\n<p style=\"text-align: justify;\"><strong>\u00d6ncelikli Kategoriler Unutulmad\u0131<\/strong><\/p>\n<p style=\"text-align: justify;\"><strong>Belediye, toplumsal dayan\u0131\u015fmay\u0131 g\u00fc\u00e7lendirmek ad\u0131na belirli gruplara \u00f6ncelik tan\u0131yacak. A\u015fa\u011f\u0131daki kriterlere sahip \u00f6\u011frenciler, Sosyal Hizmetler Komisyonu taraf\u0131ndan \u00f6ncelikli olarak de\u011ferlendirilecek:<\/strong><\/p>\n<p style=\"text-align: justify;\"><strong>* \u00d6ks\u00fcz veya yetim olanlar,<\/strong><br \/>\n<strong>* \u015eehit veya gazi \u00e7ocuklar\u0131,<\/strong><br \/>\n<strong>* %40 ve \u00fczeri engel durumu olanlar,<\/strong><br \/>\n<strong>* 6 \u015eubat depremlerinde aile fertlerinden birini kaybetmi\u015f olan \u00f6\u011frenciler.<\/strong><\/p>\n<p style=\"text-align: justify;\"><strong>\u0130stenilen Belgeler<\/strong><\/p>\n<p style=\"text-align: justify;\"><strong>Ba\u015fvurunun ge\u00e7erli say\u0131lmas\u0131 i\u00e7in adaylar\u0131n \u015fu belgeleri eksiksiz iletmesi gerekiyor:<\/strong><\/p>\n<p style=\"text-align: justify;\"><strong>1. \u00d6\u011frenci Belgesi<\/strong><br \/>\n<strong>2. N\u00fcfus Kay\u0131t \u00d6rne\u011fi<\/strong><br \/>\n<strong>3. Ailenin \u0130kametgah Belgesi<\/strong><br \/>\n<strong>4. Adli Sicil Kayd\u0131<\/strong><br \/>\n<strong>5. \u00d6\u011frencinin \u0130leti\u015fim Bilgileri<\/strong><br \/>\n<strong>6. \u00d6\u011frenciye ait banka hesab\u0131 IBAN numaras\u0131<\/strong><\/p>\n<p style=\"text-align: justify;\"><strong>7-Anne ve baban\u0131n gelir durumunu g\u00f6sterir sgk kayd\u0131. Geliri olmayan velinin gelir olmad\u0131\u011f\u0131n\u0131 g\u00f6sterir sgk kayd\u0131.<\/strong><\/p>\n<p style=\"text-align: justify;\"><strong>\u00d6ncelikli gruptaki \u00f6\u011frenciler i\u00e7in ek olarak; vukuatl\u0131 n\u00fcfus kay\u0131t \u00f6rne\u011fi, engel raporu veya \u015fehitlik\/gazilik belgeleri talep edilmektedir.<\/strong><\/p>\n<p style=\"text-align: justify;\"><strong>De\u011ferlendirme S\u00fcreci<\/strong><\/p>\n<p style=\"text-align: justify;\"><strong>Ba\u015fvurular\u0131n tamamlanmas\u0131n\u0131n ard\u0131ndan t\u00fcm evraklar Sosyal Hizmetler Komisyonu taraf\u0131ndan titizlikle incelenecek. Bilgileri eksik veya tutars\u0131z olan ba\u015fvurular de\u011ferlendirmeye al\u0131nmayacak.<\/strong><\/p>\n<p style=\"text-align: justify;\"><strong>\u00d6demeler, 2025-2026 e\u011fitim-\u00f6\u011fretim d\u00f6nemi i\u00e7erisinde do\u011frudan \u00f6\u011frencilerin kendi ad\u0131na kay\u0131tl\u0131 IBAN numaralar\u0131na yat\u0131r\u0131lacak.<\/strong><\/p>\n<p style=\"text-align: justify;\"><strong>Elbistan Belediye Ba\u015fkan\u0131 Erkan G\u00fcrb\u00fcz, projeye ili\u015fkin yapt\u0131\u011f\u0131 a\u00e7\u0131klamada: &#8220;Gen\u00e7lerimizin gelece\u011fine yat\u0131r\u0131m yapmak, \u015fehrimizin gelece\u011fine yat\u0131r\u0131m yapmakt\u0131r. Bu zorlu ekonomik \u015fartlarda \u00fcniversiteli karde\u015flerimizin ve ailelerinin yan\u0131nday\u0131z. T\u00fcm \u00f6\u011frencilerimize ba\u015far\u0131lar diliyorum&#8221; dedi.<\/strong><\/p>\n<p style=\"text-align: justify;\"><img loading=\"lazy\" decoding=\"async\" class=\"alignnone size-full wp-image-23050\" src=\"https:\/\/elbistanhabermerkezi.com\/wp-content\/uploads\/2026\/01\/beyaz.png\" alt=\"\" width=\"781\" height=\"450\" srcset=\"https:\/\/elbistanhabermerkezi.com\/wp-content\/uploads\/2026\/01\/beyaz.png 781w, https:\/\/elbistanhabermerkezi.com\/wp-content\/uploads\/2026\/01\/beyaz-600x346.png 600w, https:\/\/elbistanhabermerkezi.com\/wp-content\/uploads\/2026\/01\/beyaz-768x443.png 768w, https:\/\/elbistanhabermerkezi.com\/wp-content\/uploads\/2026\/01\/beyaz-171x99.png 171w, https:\/\/elbistanhabermerkezi.com\/wp-content\/uploads\/2026\/01\/beyaz-269x155.png 269w, https:\/\/elbistanhabermerkezi.com\/wp-content\/uploads\/2026\/01\/beyaz-376x217.png 376w, https:\/\/elbistanhabermerkezi.com\/wp-content\/uploads\/2026\/01\/beyaz-778x448.png 778w\" sizes=\"auto, (max-width: 781px) 100vw, 781px\" \/><\/p>\n","protected":false},"excerpt":{"rendered":"<p>Elbistan Belediye Ba\u015fkan\u0131 Erkan G\u00fcrb\u00fcz, 2025-2026 e\u011fitim-\u00f6\u011fretim d\u00f6nemi i\u00e7in lisans \u00f6\u011frencilerine y\u00f6nelik m\u00fcjdeli haberi verdi. &#8220;E\u011fitim Deste\u011fi Bizden, Ba\u015far\u0131 Sizden&#8221; slogan\u0131yla ba\u015flat\u0131lan projede ba\u015fvurular 26 Ocak\u2019ta ba\u015fl\u0131yor. Sosyal belediyecilik anlay\u0131\u015f\u0131yla \u00e7al\u0131\u015fmalar\u0131n\u0131 s\u00fcrd\u00fcren Elbistan Belediyesi, \u00fcniversite \u00f6\u011frencilerine ekonomik destek olacak yeni e\u011fitim deste\u011fi paketini a\u00e7\u0131klad\u0131. Elbistan Belediye Ba\u015fkan\u0131 Erkan G\u00fcrb\u00fcz\u2019\u00fcn \u00f6nc\u00fcl\u00fc\u011f\u00fcnde hayata ge\u00e7irilen proje ile devlet [&hellip;]<\/p>\n","protected":false},"author":1,"featured_media":23051,"comment_status":"open","ping_status":"open","sticky":false,"template":"","format":"standard","meta":{"_jetpack_memberships_contains_paid_content":false,"footnotes":""},"categories":[2,5,8,12],"tags":[],"class_list":["post-23049","post","type-post","status-publish","format-standard","has-post-thumbnail","hentry","category-3-sayfa","category-egitim","category-gundem","category-siyaset"],"jetpack_featured_media_url":"https:\/\/elbistanhabermerkezi.com\/wp-content\/uploads\/2026\/01\/beyazI.png","jetpack_sharing_enabled":true,"_links":{"self":[{"href":"https:\/\/elbistanhabermerkezi.com\/index.php\/wp-json\/wp\/v2\/posts\/23049","targetHints":{"allow":["GET"]}}],"collection":[{"href":"https:\/\/elbistanhabermerkezi.com\/index.php\/wp-json\/wp\/v2\/posts"}],"about":[{"href":"https:\/\/elbistanhabermerkezi.com\/index.php\/wp-json\/wp\/v2\/types\/post"}],"author":[{"embeddable":true,"href":"https:\/\/elbistanhabermerkezi.com\/index.php\/wp-json\/wp\/v2\/users\/1"}],"replies":[{"embeddable":true,"href":"https:\/\/elbistanhabermerkezi.com\/index.php\/wp-json\/wp\/v2\/comments?post=23049"}],"version-history":[{"count":1,"href":"https:\/\/elbistanhabermerkezi.com\/index.php\/wp-json\/wp\/v2\/posts\/23049\/revisions"}],"predecessor-version":[{"id":23053,"href":"https:\/\/elbistanhabermerkezi.com\/index.php\/wp-json\/wp\/v2\/posts\/23049\/revisions\/23053"}],"wp:featuredmedia":[{"embeddable":true,"href":"https:\/\/elbistanhabermerkezi.com\/index.php\/wp-json\/wp\/v2\/media\/23051"}],"wp:attachment":[{"href":"https:\/\/elbistanhabermerkezi.com\/index.php\/wp-json\/wp\/v2\/media?parent=23049"}],"wp:term":[{"taxonomy":"category","embeddable":true,"href":"https:\/\/elbistanhabermerkezi.com\/index.php\/wp-json\/wp\/v2\/categories?post=23049"},{"taxonomy":"post_tag","embeddable":true,"href":"https:\/\/elbistanhabermerkezi.com\/index.php\/wp-json\/wp\/v2\/tags?post=23049"}],"curies":[{"name":"wp","href":"https:\/\/api.w.org\/{rel}","templated":true}]}}