{"id":23039,"date":"2026-01-22T19:41:35","date_gmt":"2026-01-22T19:41:35","guid":{"rendered":"https:\/\/elbistanhabermerkezi.com\/?p=23039"},"modified":"2026-01-22T19:41:35","modified_gmt":"2026-01-22T19:41:35","slug":"buyuksehirden-kirsalda-da-karla-etkin-mucadele","status":"publish","type":"post","link":"https:\/\/elbistanhabermerkezi.com\/index.php\/2026\/01\/22\/buyuksehirden-kirsalda-da-karla-etkin-mucadele\/","title":{"rendered":"B\u00fcy\u00fck\u015fehir\u2019den K\u0131rsalda da Karla Etkin M\u00fccadele."},"content":{"rendered":"<p style=\"text-align: justify;\"><img loading=\"lazy\" decoding=\"async\" class=\"alignnone size-full wp-image-15355\" src=\"https:\/\/elbistanhabermerkezi.com\/wp-content\/uploads\/2024\/07\/ALIDOGAN.jpg\" alt=\"\" width=\"302\" height=\"302\" srcset=\"https:\/\/elbistanhabermerkezi.com\/wp-content\/uploads\/2024\/07\/ALIDOGAN.jpg 302w, https:\/\/elbistanhabermerkezi.com\/wp-content\/uploads\/2024\/07\/ALIDOGAN-105x105.jpg 105w, https:\/\/elbistanhabermerkezi.com\/wp-content\/uploads\/2024\/07\/ALIDOGAN-155x155.jpg 155w, https:\/\/elbistanhabermerkezi.com\/wp-content\/uploads\/2024\/07\/ALIDOGAN-221x221.jpg 221w\" sizes=\"auto, (max-width: 302px) 100vw, 302px\" \/><\/p>\n<p style=\"text-align: justify;\"><strong>B\u00fcy\u00fck\u015fehir Belediyesi, \u015fehir merkezinin yan\u0131 s\u0131ra il\u00e7elerde ve k\u0131rsal mahallelerde de yerle\u015fim yerlerini ula\u015f\u0131ma a\u00e7\u0131k tutmak i\u00e7in karla m\u00fccadelesini yo\u011fun bir \u015fekilde s\u00fcrd\u00fcr\u00fcyor. <\/strong><\/p>\n<p style=\"text-align: justify;\"><strong>\u00a0<\/strong><\/p>\n<p style=\"text-align: justify;\">Kahramanmara\u015f B\u00fcy\u00fck\u015fehir Belediyesi, \u015fehir genelinde kar ya\u011f\u0131\u015f\u0131n\u0131n ba\u015flad\u0131\u011f\u0131 ilk andan itibaren arterlere an\u0131nda m\u00fcdahale ederek yollar\u0131 ula\u015f\u0131ma a\u00e7\u0131k tutmak i\u00e7in yo\u011fun gayretini s\u00fcrd\u00fcr\u00fcyor. Yol Yap\u0131m, Bak\u0131m ve Onar\u0131m Dairesi Ba\u015fkanl\u0131\u011f\u0131nca \u015fehir merkezinin yan\u0131 s\u0131ra il\u00e7elerde ve k\u0131rsal mahallelerde de yo\u011fun bir \u00e7al\u0131\u015fma y\u00fcr\u00fct\u00fcl\u00fcyor. Ekipler, kar \u00e7al\u0131\u015fmalar\u0131yla yerle\u015fim yerlerini ula\u015f\u0131ma a\u00e7\u0131k tutmak i\u00e7in yo\u011fun bir tempoyla sahada durmaks\u0131z\u0131n g\u00f6rev yap\u0131yor. Buzlanma riskine kar\u015f\u0131 tuzlama ve solisyon uygulamalar\u0131 titizlikle s\u00fcrd\u00fcr\u00fcl\u00fcrken, vatanda\u015flar\u0131n g\u00fcvenli bir \u015fekilde ula\u015f\u0131m sa\u011flayabilmesi i\u00e7in t\u00fcm imk\u00e2nlar seferber ediliyor. B\u00fcy\u00fck\u015fehir Belediyesinden yap\u0131lan a\u00e7\u0131klamada, kar k\u00fcreme taleplerinin ALO 153\u2019e bildirilebilece\u011fi hat\u0131rlat\u0131ld\u0131.<\/p>\n<p style=\"text-align: justify;\"><img loading=\"lazy\" decoding=\"async\" class=\"alignnone size-full wp-image-23040\" src=\"https:\/\/elbistanhabermerkezi.com\/wp-content\/uploads\/2026\/01\/1.jpeg\" alt=\"\" width=\"600\" height=\"366\" srcset=\"https:\/\/elbistanhabermerkezi.com\/wp-content\/uploads\/2026\/01\/1.jpeg 600w, https:\/\/elbistanhabermerkezi.com\/wp-content\/uploads\/2026\/01\/1-171x105.jpeg 171w, https:\/\/elbistanhabermerkezi.com\/wp-content\/uploads\/2026\/01\/1-254x155.jpeg 254w, https:\/\/elbistanhabermerkezi.com\/wp-content\/uploads\/2026\/01\/1-362x221.jpeg 362w\" sizes=\"auto, (max-width: 600px) 100vw, 600px\" \/> <img loading=\"lazy\" decoding=\"async\" class=\"alignnone size-full wp-image-23041\" src=\"https:\/\/elbistanhabermerkezi.com\/wp-content\/uploads\/2026\/01\/2-1-scaled.jpeg\" alt=\"\" width=\"2560\" height=\"1543\" srcset=\"https:\/\/elbistanhabermerkezi.com\/wp-content\/uploads\/2026\/01\/2-1-scaled.jpeg 2560w, https:\/\/elbistanhabermerkezi.com\/wp-content\/uploads\/2026\/01\/2-1-600x362.jpeg 600w, https:\/\/elbistanhabermerkezi.com\/wp-content\/uploads\/2026\/01\/2-1-1024x617.jpeg 1024w, https:\/\/elbistanhabermerkezi.com\/wp-content\/uploads\/2026\/01\/2-1-768x463.jpeg 768w, https:\/\/elbistanhabermerkezi.com\/wp-content\/uploads\/2026\/01\/2-1-1536x926.jpeg 1536w, https:\/\/elbistanhabermerkezi.com\/wp-content\/uploads\/2026\/01\/2-1-2048x1234.jpeg 2048w, https:\/\/elbistanhabermerkezi.com\/wp-content\/uploads\/2026\/01\/2-1-171x103.jpeg 171w, https:\/\/elbistanhabermerkezi.com\/wp-content\/uploads\/2026\/01\/2-1-257x155.jpeg 257w, https:\/\/elbistanhabermerkezi.com\/wp-content\/uploads\/2026\/01\/2-1-367x221.jpeg 367w, https:\/\/elbistanhabermerkezi.com\/wp-content\/uploads\/2026\/01\/2-1-743x448.jpeg 743w\" sizes=\"auto, (max-width: 2560px) 100vw, 2560px\" \/> <img loading=\"lazy\" decoding=\"async\" class=\"alignnone size-full wp-image-23042\" src=\"https:\/\/elbistanhabermerkezi.com\/wp-content\/uploads\/2026\/01\/3.jpeg\" alt=\"\" width=\"600\" height=\"338\" srcset=\"https:\/\/elbistanhabermerkezi.com\/wp-content\/uploads\/2026\/01\/3.jpeg 600w, https:\/\/elbistanhabermerkezi.com\/wp-content\/uploads\/2026\/01\/3-171x96.jpeg 171w, https:\/\/elbistanhabermerkezi.com\/wp-content\/uploads\/2026\/01\/3-275x155.jpeg 275w, https:\/\/elbistanhabermerkezi.com\/wp-content\/uploads\/2026\/01\/3-376x212.jpeg 376w\" sizes=\"auto, (max-width: 600px) 100vw, 600px\" \/> <img loading=\"lazy\" decoding=\"async\" class=\"alignnone size-full wp-image-23043\" src=\"https:\/\/elbistanhabermerkezi.com\/wp-content\/uploads\/2026\/01\/4.jpeg\" alt=\"\" width=\"779\" height=\"448\" srcset=\"https:\/\/elbistanhabermerkezi.com\/wp-content\/uploads\/2026\/01\/4.jpeg 779w, https:\/\/elbistanhabermerkezi.com\/wp-content\/uploads\/2026\/01\/4-600x345.jpeg 600w, https:\/\/elbistanhabermerkezi.com\/wp-content\/uploads\/2026\/01\/4-768x442.jpeg 768w, https:\/\/elbistanhabermerkezi.com\/wp-content\/uploads\/2026\/01\/4-171x98.jpeg 171w, https:\/\/elbistanhabermerkezi.com\/wp-content\/uploads\/2026\/01\/4-270x155.jpeg 270w, https:\/\/elbistanhabermerkezi.com\/wp-content\/uploads\/2026\/01\/4-376x216.jpeg 376w\" sizes=\"auto, (max-width: 779px) 100vw, 779px\" \/><\/p>\n","protected":false},"excerpt":{"rendered":"<p>B\u00fcy\u00fck\u015fehir Belediyesi, \u015fehir merkezinin yan\u0131 s\u0131ra il\u00e7elerde ve k\u0131rsal mahallelerde de yerle\u015fim yerlerini ula\u015f\u0131ma a\u00e7\u0131k tutmak i\u00e7in karla m\u00fccadelesini yo\u011fun bir \u015fekilde s\u00fcrd\u00fcr\u00fcyor. \u00a0 Kahramanmara\u015f B\u00fcy\u00fck\u015fehir Belediyesi, \u015fehir genelinde kar ya\u011f\u0131\u015f\u0131n\u0131n ba\u015flad\u0131\u011f\u0131 ilk andan itibaren arterlere an\u0131nda m\u00fcdahale ederek yollar\u0131 ula\u015f\u0131ma a\u00e7\u0131k tutmak i\u00e7in yo\u011fun gayretini s\u00fcrd\u00fcr\u00fcyor. Yol Yap\u0131m, Bak\u0131m ve Onar\u0131m Dairesi Ba\u015fkanl\u0131\u011f\u0131nca \u015fehir [&hellip;]<\/p>\n","protected":false},"author":1,"featured_media":23044,"comment_status":"open","ping_status":"open","sticky":false,"template":"","format":"standard","meta":{"_jetpack_memberships_contains_paid_content":false,"footnotes":""},"categories":[2,8,12],"tags":[],"class_list":["post-23039","post","type-post","status-publish","format-standard","has-post-thumbnail","hentry","category-3-sayfa","category-gundem","category-siyaset"],"jetpack_featured_media_url":"https:\/\/elbistanhabermerkezi.com\/wp-content\/uploads\/2026\/01\/5.jpeg","jetpack_sharing_enabled":true,"_links":{"self":[{"href":"https:\/\/elbistanhabermerkezi.com\/index.php\/wp-json\/wp\/v2\/posts\/23039","targetHints":{"allow":["GET"]}}],"collection":[{"href":"https:\/\/elbistanhabermerkezi.com\/index.php\/wp-json\/wp\/v2\/posts"}],"about":[{"href":"https:\/\/elbistanhabermerkezi.com\/index.php\/wp-json\/wp\/v2\/types\/post"}],"author":[{"embeddable":true,"href":"https:\/\/elbistanhabermerkezi.com\/index.php\/wp-json\/wp\/v2\/users\/1"}],"replies":[{"embeddable":true,"href":"https:\/\/elbistanhabermerkezi.com\/index.php\/wp-json\/wp\/v2\/comments?post=23039"}],"version-history":[{"count":1,"href":"https:\/\/elbistanhabermerkezi.com\/index.php\/wp-json\/wp\/v2\/posts\/23039\/revisions"}],"predecessor-version":[{"id":23046,"href":"https:\/\/elbistanhabermerkezi.com\/index.php\/wp-json\/wp\/v2\/posts\/23039\/revisions\/23046"}],"wp:featuredmedia":[{"embeddable":true,"href":"https:\/\/elbistanhabermerkezi.com\/index.php\/wp-json\/wp\/v2\/media\/23044"}],"wp:attachment":[{"href":"https:\/\/elbistanhabermerkezi.com\/index.php\/wp-json\/wp\/v2\/media?parent=23039"}],"wp:term":[{"taxonomy":"category","embeddable":true,"href":"https:\/\/elbistanhabermerkezi.com\/index.php\/wp-json\/wp\/v2\/categories?post=23039"},{"taxonomy":"post_tag","embeddable":true,"href":"https:\/\/elbistanhabermerkezi.com\/index.php\/wp-json\/wp\/v2\/tags?post=23039"}],"curies":[{"name":"wp","href":"https:\/\/api.w.org\/{rel}","templated":true}]}}