{"id":23014,"date":"2026-01-22T07:24:16","date_gmt":"2026-01-22T07:24:16","guid":{"rendered":"https:\/\/elbistanhabermerkezi.com\/?p=23014"},"modified":"2026-01-22T07:24:16","modified_gmt":"2026-01-22T07:24:16","slug":"mobil-kutuphane-ile-kitaplarin-buyulu-dunyasi-kirsala-tasindi","status":"publish","type":"post","link":"https:\/\/elbistanhabermerkezi.com\/index.php\/2026\/01\/22\/mobil-kutuphane-ile-kitaplarin-buyulu-dunyasi-kirsala-tasindi\/","title":{"rendered":"Mobil K\u00fct\u00fcphane ile Kitaplar\u0131n B\u00fcy\u00fcl\u00fc D\u00fcnyas\u0131 K\u0131rsala Ta\u015f\u0131nd\u0131."},"content":{"rendered":"<p style=\"text-align: justify;\"><img loading=\"lazy\" decoding=\"async\" class=\"alignnone size-full wp-image-15355\" src=\"https:\/\/elbistanhabermerkezi.com\/wp-content\/uploads\/2024\/07\/ALIDOGAN.jpg\" alt=\"\" width=\"302\" height=\"302\" srcset=\"https:\/\/elbistanhabermerkezi.com\/wp-content\/uploads\/2024\/07\/ALIDOGAN.jpg 302w, https:\/\/elbistanhabermerkezi.com\/wp-content\/uploads\/2024\/07\/ALIDOGAN-105x105.jpg 105w, https:\/\/elbistanhabermerkezi.com\/wp-content\/uploads\/2024\/07\/ALIDOGAN-155x155.jpg 155w, https:\/\/elbistanhabermerkezi.com\/wp-content\/uploads\/2024\/07\/ALIDOGAN-221x221.jpg 221w\" sizes=\"auto, (max-width: 302px) 100vw, 302px\" \/><\/p>\n<p style=\"text-align: justify;\"><strong>B\u00fcy\u00fck\u015fehir Belediyesinin k\u0131rsal mahallelerdeki \u00e7ocuklara kitapla tan\u0131\u015fma f\u0131rsat\u0131 sunmak ve okuma al\u0131\u015fkanl\u0131\u011f\u0131n\u0131 k\u00fc\u00e7\u00fck ya\u015flarda kazand\u0131rmak i\u00e7in hayata ge\u00e7irdi\u011fi Mobil \u00c7ocuk K\u00fct\u00fcphanesi, 2025 y\u0131l\u0131nda on binlerce \u00e7ocu\u011fun kitab\u0131n g\u00fcc\u00fcn\u00fc ke\u015ffetmesini sa\u011flad\u0131.<\/strong><\/p>\n<p style=\"text-align: justify;\">\n<p style=\"text-align: justify;\">Kahramanmara\u015f B\u00fcy\u00fck\u015fehir Belediyesi, k\u0131rsalda ya\u015fayan \u00e7ocuklar\u0131n bilgiye eri\u015fimini kolayla\u015ft\u0131rmak ve kitaplarla dostluk kurmalar\u0131n\u0131 sa\u011flamak amac\u0131yla hayata ge\u00e7irdi\u011fi Mobil \u00c7ocuk K\u00fct\u00fcphanesi projesiyle k\u0131rsal mahalleleri gezerek miniklere k\u00fclt\u00fcrel bir \u015f\u00f6len sunmaya devam ediyor. Proje ile \u00e7ocuklara kitap okuma al\u0131\u015fkanl\u0131\u011f\u0131 kazand\u0131rman\u0131n yan\u0131 s\u0131ra; hayal d\u00fcnyalar\u0131n\u0131 geli\u015ftiren masal saatleri, yarat\u0131c\u0131l\u0131klar\u0131n\u0131 ortaya \u00e7\u0131karan boyama etkinlikleri ve bilgiye ula\u015fma yollar\u0131n\u0131 \u00f6\u011freten k\u00fct\u00fcphane kurallar\u0131 da \u00f6\u011fretiliyor. 2025 y\u0131l\u0131nda on binlerce \u00e7ocuk, B\u00fcy\u00fck\u015fehir\u2019in umut ta\u015f\u0131yan Mobil \u00c7ocuk K\u00fct\u00fcphanesi\u2019nden faydaland\u0131, y\u00fczlerce k\u0131rsal mahalle okulu ziyaret edilerek \u00e7ocuklara \u00f6zel programlar d\u00fczenlendi.<\/p>\n<p style=\"text-align: justify;\">\n<p style=\"text-align: justify;\"><strong>Her Durakta \u00d6zel An\u0131lar<\/strong><\/p>\n<p style=\"text-align: justify;\">Her dura\u011f\u0131nda \u00e7ocuklara \u00f6zel haz\u0131rlanan programlarla bulu\u015fan Mobil \u00c7ocuk K\u00fct\u00fcphanesi, k\u0131rsal b\u00f6lgelerdeki okullar\u0131 ziyaret ederek miniklere unutulmaz bir deneyim ya\u015fatt\u0131. Masal saatlerinde farkl\u0131 d\u00fcnyalara yolculuk yapan \u00e7ocuklar, boyama at\u00f6lyelerinde kendi hayallerini resimlere yans\u0131tt\u0131. Kitap okuma saatlerinde ise bilgiye ula\u015fman\u0131n keyfini ya\u015fad\u0131. Proje, \u00e7ocuklar\u0131n yaln\u0131zca e\u011fitimine odaklanmayarak ayn\u0131 zamanda hayal g\u00fcc\u00fc ve sosyal geli\u015fimine de katk\u0131 sundu.<\/p>\n<p style=\"text-align: justify;\">\n<p style=\"text-align: justify;\"><strong>Her Durak Bir Hayal G\u00fcc\u00fcne D\u00f6n\u00fc\u015ft\u00fc<\/strong><\/p>\n<p style=\"text-align: justify;\">Okullarda yo\u011fun ilgiyle kar\u015f\u0131lanan mobil k\u00fct\u00fcphane, kitapsever nesillerin yeti\u015fmesine de katk\u0131 sa\u011flad\u0131. Bu kapsamda, masal saati, animasyon izletisi, kitap okuma saati, k\u00fct\u00fcphane kurallar\u0131, ak\u0131l ve zek\u00e2 oyunlar\u0131 gibi \u00e7e\u015fitli etkinlikler ger\u00e7ekle\u015ftirilerek \u00e7ocuklar\u0131n hayal d\u00fcnyas\u0131 geni\u015fletildi. Etkinliklere kat\u0131lan \u00e7ocuklara ise kitap ayrac\u0131, masal kitaplar\u0131 ve bir\u00e7ok hediye verildi.<\/p>\n<p style=\"text-align: justify;\"><img loading=\"lazy\" decoding=\"async\" class=\"alignnone size-full wp-image-23015\" src=\"https:\/\/elbistanhabermerkezi.com\/wp-content\/uploads\/2026\/01\/Mobil-Cocuk-Kutuphanesi-1.jpg\" alt=\"\" width=\"600\" height=\"338\" srcset=\"https:\/\/elbistanhabermerkezi.com\/wp-content\/uploads\/2026\/01\/Mobil-Cocuk-Kutuphanesi-1.jpg 600w, https:\/\/elbistanhabermerkezi.com\/wp-content\/uploads\/2026\/01\/Mobil-Cocuk-Kutuphanesi-1-171x96.jpg 171w, https:\/\/elbistanhabermerkezi.com\/wp-content\/uploads\/2026\/01\/Mobil-Cocuk-Kutuphanesi-1-275x155.jpg 275w, https:\/\/elbistanhabermerkezi.com\/wp-content\/uploads\/2026\/01\/Mobil-Cocuk-Kutuphanesi-1-376x212.jpg 376w\" sizes=\"auto, (max-width: 600px) 100vw, 600px\" \/> <img loading=\"lazy\" decoding=\"async\" class=\"alignnone size-full wp-image-23016\" src=\"https:\/\/elbistanhabermerkezi.com\/wp-content\/uploads\/2026\/01\/Mobil-Cocuk-Kutuphanesi-2.jpg\" alt=\"\" width=\"600\" height=\"337\" srcset=\"https:\/\/elbistanhabermerkezi.com\/wp-content\/uploads\/2026\/01\/Mobil-Cocuk-Kutuphanesi-2.jpg 600w, https:\/\/elbistanhabermerkezi.com\/wp-content\/uploads\/2026\/01\/Mobil-Cocuk-Kutuphanesi-2-171x96.jpg 171w, https:\/\/elbistanhabermerkezi.com\/wp-content\/uploads\/2026\/01\/Mobil-Cocuk-Kutuphanesi-2-276x155.jpg 276w, https:\/\/elbistanhabermerkezi.com\/wp-content\/uploads\/2026\/01\/Mobil-Cocuk-Kutuphanesi-2-376x211.jpg 376w\" sizes=\"auto, (max-width: 600px) 100vw, 600px\" \/> <img loading=\"lazy\" decoding=\"async\" class=\"alignnone size-full wp-image-23017\" src=\"https:\/\/elbistanhabermerkezi.com\/wp-content\/uploads\/2026\/01\/Mobil-Cocuk-Kutuphanesi-5.jpg\" alt=\"\" width=\"600\" height=\"338\" srcset=\"https:\/\/elbistanhabermerkezi.com\/wp-content\/uploads\/2026\/01\/Mobil-Cocuk-Kutuphanesi-5.jpg 600w, https:\/\/elbistanhabermerkezi.com\/wp-content\/uploads\/2026\/01\/Mobil-Cocuk-Kutuphanesi-5-171x96.jpg 171w, https:\/\/elbistanhabermerkezi.com\/wp-content\/uploads\/2026\/01\/Mobil-Cocuk-Kutuphanesi-5-275x155.jpg 275w, https:\/\/elbistanhabermerkezi.com\/wp-content\/uploads\/2026\/01\/Mobil-Cocuk-Kutuphanesi-5-376x212.jpg 376w\" sizes=\"auto, (max-width: 600px) 100vw, 600px\" \/> <img loading=\"lazy\" decoding=\"async\" class=\"alignnone size-full wp-image-23018\" src=\"https:\/\/elbistanhabermerkezi.com\/wp-content\/uploads\/2026\/01\/Mobil-Cocuk-Kutuphanesi-7.jpeg\" alt=\"\" width=\"600\" height=\"338\" srcset=\"https:\/\/elbistanhabermerkezi.com\/wp-content\/uploads\/2026\/01\/Mobil-Cocuk-Kutuphanesi-7.jpeg 600w, https:\/\/elbistanhabermerkezi.com\/wp-content\/uploads\/2026\/01\/Mobil-Cocuk-Kutuphanesi-7-171x96.jpeg 171w, https:\/\/elbistanhabermerkezi.com\/wp-content\/uploads\/2026\/01\/Mobil-Cocuk-Kutuphanesi-7-275x155.jpeg 275w, https:\/\/elbistanhabermerkezi.com\/wp-content\/uploads\/2026\/01\/Mobil-Cocuk-Kutuphanesi-7-376x212.jpeg 376w\" sizes=\"auto, (max-width: 600px) 100vw, 600px\" \/> <img loading=\"lazy\" decoding=\"async\" class=\"alignnone size-full wp-image-23019\" src=\"https:\/\/elbistanhabermerkezi.com\/wp-content\/uploads\/2026\/01\/Mobil-Cocuk-Kutuphanesi-7.jpg\" alt=\"\" width=\"779\" height=\"448\" srcset=\"https:\/\/elbistanhabermerkezi.com\/wp-content\/uploads\/2026\/01\/Mobil-Cocuk-Kutuphanesi-7.jpg 779w, https:\/\/elbistanhabermerkezi.com\/wp-content\/uploads\/2026\/01\/Mobil-Cocuk-Kutuphanesi-7-600x345.jpg 600w, https:\/\/elbistanhabermerkezi.com\/wp-content\/uploads\/2026\/01\/Mobil-Cocuk-Kutuphanesi-7-768x442.jpg 768w, https:\/\/elbistanhabermerkezi.com\/wp-content\/uploads\/2026\/01\/Mobil-Cocuk-Kutuphanesi-7-171x98.jpg 171w, https:\/\/elbistanhabermerkezi.com\/wp-content\/uploads\/2026\/01\/Mobil-Cocuk-Kutuphanesi-7-270x155.jpg 270w, https:\/\/elbistanhabermerkezi.com\/wp-content\/uploads\/2026\/01\/Mobil-Cocuk-Kutuphanesi-7-376x216.jpg 376w\" sizes=\"auto, (max-width: 779px) 100vw, 779px\" \/><\/p>\n","protected":false},"excerpt":{"rendered":"<p>B\u00fcy\u00fck\u015fehir Belediyesinin k\u0131rsal mahallelerdeki \u00e7ocuklara kitapla tan\u0131\u015fma f\u0131rsat\u0131 sunmak ve okuma al\u0131\u015fkanl\u0131\u011f\u0131n\u0131 k\u00fc\u00e7\u00fck ya\u015flarda kazand\u0131rmak i\u00e7in hayata ge\u00e7irdi\u011fi Mobil \u00c7ocuk K\u00fct\u00fcphanesi, 2025 y\u0131l\u0131nda on binlerce \u00e7ocu\u011fun kitab\u0131n g\u00fcc\u00fcn\u00fc ke\u015ffetmesini sa\u011flad\u0131. Kahramanmara\u015f B\u00fcy\u00fck\u015fehir Belediyesi, k\u0131rsalda ya\u015fayan \u00e7ocuklar\u0131n bilgiye eri\u015fimini kolayla\u015ft\u0131rmak ve kitaplarla dostluk kurmalar\u0131n\u0131 sa\u011flamak amac\u0131yla hayata ge\u00e7irdi\u011fi Mobil \u00c7ocuk K\u00fct\u00fcphanesi projesiyle k\u0131rsal mahalleleri gezerek miniklere [&hellip;]<\/p>\n","protected":false},"author":1,"featured_media":23020,"comment_status":"open","ping_status":"open","sticky":false,"template":"","format":"standard","meta":{"_jetpack_memberships_contains_paid_content":false,"footnotes":""},"categories":[2,8,12],"tags":[],"class_list":["post-23014","post","type-post","status-publish","format-standard","has-post-thumbnail","hentry","category-3-sayfa","category-gundem","category-siyaset"],"jetpack_featured_media_url":"https:\/\/elbistanhabermerkezi.com\/wp-content\/uploads\/2026\/01\/Mobil-Cocuk-Kutuphanesi-7YHI.jpg","jetpack_sharing_enabled":true,"_links":{"self":[{"href":"https:\/\/elbistanhabermerkezi.com\/index.php\/wp-json\/wp\/v2\/posts\/23014","targetHints":{"allow":["GET"]}}],"collection":[{"href":"https:\/\/elbistanhabermerkezi.com\/index.php\/wp-json\/wp\/v2\/posts"}],"about":[{"href":"https:\/\/elbistanhabermerkezi.com\/index.php\/wp-json\/wp\/v2\/types\/post"}],"author":[{"embeddable":true,"href":"https:\/\/elbistanhabermerkezi.com\/index.php\/wp-json\/wp\/v2\/users\/1"}],"replies":[{"embeddable":true,"href":"https:\/\/elbistanhabermerkezi.com\/index.php\/wp-json\/wp\/v2\/comments?post=23014"}],"version-history":[{"count":1,"href":"https:\/\/elbistanhabermerkezi.com\/index.php\/wp-json\/wp\/v2\/posts\/23014\/revisions"}],"predecessor-version":[{"id":23022,"href":"https:\/\/elbistanhabermerkezi.com\/index.php\/wp-json\/wp\/v2\/posts\/23014\/revisions\/23022"}],"wp:featuredmedia":[{"embeddable":true,"href":"https:\/\/elbistanhabermerkezi.com\/index.php\/wp-json\/wp\/v2\/media\/23020"}],"wp:attachment":[{"href":"https:\/\/elbistanhabermerkezi.com\/index.php\/wp-json\/wp\/v2\/media?parent=23014"}],"wp:term":[{"taxonomy":"category","embeddable":true,"href":"https:\/\/elbistanhabermerkezi.com\/index.php\/wp-json\/wp\/v2\/categories?post=23014"},{"taxonomy":"post_tag","embeddable":true,"href":"https:\/\/elbistanhabermerkezi.com\/index.php\/wp-json\/wp\/v2\/tags?post=23014"}],"curies":[{"name":"wp","href":"https:\/\/api.w.org\/{rel}","templated":true}]}}