{"id":23000,"date":"2026-01-20T15:26:59","date_gmt":"2026-01-20T15:26:59","guid":{"rendered":"https:\/\/elbistanhabermerkezi.com\/?p=23000"},"modified":"2026-01-20T15:26:59","modified_gmt":"2026-01-20T15:26:59","slug":"kahramanmarastan-kahtaya-genclik-koprusu","status":"publish","type":"post","link":"https:\/\/elbistanhabermerkezi.com\/index.php\/2026\/01\/20\/kahramanmarastan-kahtaya-genclik-koprusu\/","title":{"rendered":"Kahramanmara\u015f\u2019tan Kahta\u2019ya Gen\u00e7lik K\u00f6pr\u00fcs\u00fc"},"content":{"rendered":"<p style=\"text-align: justify;\"><img loading=\"lazy\" decoding=\"async\" class=\"alignnone size-full wp-image-15355\" src=\"https:\/\/elbistanhabermerkezi.com\/wp-content\/uploads\/2024\/07\/ALIDOGAN.jpg\" alt=\"\" width=\"302\" height=\"302\" srcset=\"https:\/\/elbistanhabermerkezi.com\/wp-content\/uploads\/2024\/07\/ALIDOGAN.jpg 302w, https:\/\/elbistanhabermerkezi.com\/wp-content\/uploads\/2024\/07\/ALIDOGAN-105x105.jpg 105w, https:\/\/elbistanhabermerkezi.com\/wp-content\/uploads\/2024\/07\/ALIDOGAN-155x155.jpg 155w, https:\/\/elbistanhabermerkezi.com\/wp-content\/uploads\/2024\/07\/ALIDOGAN-221x221.jpg 221w\" sizes=\"auto, (max-width: 302px) 100vw, 302px\" \/><\/p>\n<p class=\"MsoNormal\" style=\"margin-bottom: 0.0001pt; line-height: normal; text-align: justify;\"><b><span style=\"font-size: 12.0pt; mso-bidi-font-size: 14.0pt;\">B\u00fcy\u00fck\u015fehir Belediyesi Gen\u00e7lik Meclisi, \u015fehirler aras\u0131 gen\u00e7lik dayan\u0131\u015fmas\u0131n\u0131 g\u00fc\u00e7lendirmek amac\u0131yla Ad\u0131yaman\u2019\u0131n Kahta il\u00e7esinden gelen Gen\u00e7lik Meclisi \u00fcyelerini a\u011f\u0131rlad\u0131. \u015eehrin \u00e7e\u015fitli noktalar\u0131n\u0131 ziyaret eden Ad\u0131yamanl\u0131 gen\u00e7ler, Kahramanmara\u015f\u2019a adeta hayran kald\u0131.<\/span><\/b><\/p>\n<p class=\"MsoNormal\" style=\"margin-bottom: 0.0001pt; line-height: normal; text-align: justify;\"><span style=\"font-size: 12.0pt; mso-bidi-font-size: 14.0pt;\">\u00a0<\/span><\/p>\n<p class=\"MsoNormal\" style=\"margin-bottom: 0.0001pt; line-height: normal; text-align: justify;\"><span style=\"font-size: 12.0pt; mso-bidi-font-size: 14.0pt;\">Kahramanmara\u015f B\u00fcy\u00fck\u015fehir Belediyesi Gen\u00e7lik Meclisi, \u015fehirler aras\u0131 gen\u00e7lik dayan\u0131\u015fmas\u0131n\u0131 g\u00fc\u00e7lendirmek amac\u0131yla Ad\u0131yaman\u2019\u0131n Kahta il\u00e7esinden gelen Gen\u00e7lik Meclisi \u00fcyelerini a\u011f\u0131rlad\u0131. Program kapsam\u0131nda Kahta\u2019dan gelen gen\u00e7lere Kahramanmara\u015f\u2019\u0131n tarihi, k\u00fclt\u00fcrel ve turistik noktalar\u0131 tan\u0131t\u0131l\u0131rken, unutulmaz bir misafirperverlik \u00f6rne\u011fi sergilendi. Ziyaret program\u0131, \u015fehri panoramik olarak g\u00f6ren ve Kahramanmara\u015f\u2019\u0131n lezzet duraklar\u0131ndan biri olan \u015eairler Tepesi ile ba\u015flad\u0131. B\u00fcy\u00fck\u015fehir Belediyesi Gen\u00e7lik Meclisi Ba\u015fkan\u0131 Mert Kar, Kahta Gen\u00e7lik Meclisi \u00fcyelerine \u015eairler Tepesi ve Kahramanmara\u015f hakk\u0131nda bilgiler verdi. Gen\u00e7ler, Kahramanmara\u015f manzaras\u0131 e\u015fli\u011finde \u015fehri yak\u0131ndan tan\u0131ma f\u0131rsat\u0131 buldu. <\/span><\/p>\n<p class=\"MsoNormal\" style=\"margin-bottom: 0.0001pt; line-height: normal; text-align: justify;\"><span style=\"font-size: 12.0pt; mso-bidi-font-size: 14.0pt;\">\u00a0<\/span><\/p>\n<p class=\"MsoNormal\" style=\"margin-bottom: 0.0001pt; line-height: normal; text-align: justify;\"><b><span style=\"font-size: 14.0pt; mso-bidi-font-size: 16.0pt;\">Ad\u0131yamanl\u0131 Gen\u00e7ler Yedikuyular\u2019a Hayran Kald\u0131<\/span><\/b><\/p>\n<p class=\"MsoNormal\" style=\"margin-bottom: 0.0001pt; line-height: normal; text-align: justify;\"><span style=\"font-size: 12.0pt; mso-bidi-font-size: 14.0pt;\">Program\u0131n bir sonraki dura\u011f\u0131 ise b\u00f6lgenin ve \u015fehrin en \u00f6nemli k\u0131\u015f turizmi merkezlerinden biri olan Yedikuyular Kayak Merkezi oldu. Ad\u0131yaman\u2019dan gelen gen\u00e7ler, Yedikuyular\u2019a hayran kald\u0131. Kar\u0131n keyfini \u00e7\u0131karan misafirler, kayak merkezi ve teleferik deneyimiyle unutulmaz anlar ya\u015fad\u0131. \u0130lk kez teleferi\u011fe binen gen\u00e7ler, bu deneyimin kendileri i\u00e7in olduk\u00e7a \u00f6zel oldu\u011funu ifade etti.<\/span><\/p>\n<p class=\"MsoNormal\" style=\"margin-bottom: 0.0001pt; line-height: normal; text-align: justify;\"><span style=\"font-size: 12.0pt; mso-bidi-font-size: 14.0pt;\">\u00a0<\/span><\/p>\n<p class=\"MsoNormal\" style=\"margin-bottom: 0.0001pt; line-height: normal; text-align: justify;\"><b><span style=\"font-size: 14.0pt; mso-bidi-font-size: 16.0pt;\">Kahta Belediye Ba\u015fkan\u0131 Halla\u00e7 ve Gen\u00e7ler B\u00fcy\u00fck\u015fehir\u2019de A\u011f\u0131rland\u0131<\/span><\/b><\/p>\n<p class=\"MsoNormal\" style=\"margin-bottom: 0.0001pt; line-height: normal; text-align: justify;\"><span style=\"font-size: 12.0pt; mso-bidi-font-size: 14.0pt;\">Gezi program\u0131n\u0131n ard\u0131ndan Kahta Gen\u00e7lik Meclisi \u00fcyeleri Kahramanmara\u015f B\u00fcy\u00fck\u015fehir Belediyesinde a\u011f\u0131rland\u0131. B\u00fcy\u00fck\u015fehir Belediyesi Meclis Ba\u015fkan Vekili Mehmet Be\u015fen, Kahta Belediye Ba\u015fkan\u0131 Mehmet Can Halla\u00e7 ve Gen\u00e7lik Meclisi \u00fcyelerini a\u011f\u0131rlad\u0131. Ziyarette, Kahramanmara\u015f B\u00fcy\u00fck\u015fehir Belediyesinin gen\u00e7lere y\u00f6nelik y\u00fcr\u00fctt\u00fc\u011f\u00fc projeler, faaliyetler ve Gen\u00e7lik Meclisi \u00e7al\u0131\u015fmalar\u0131 hakk\u0131nda bilgilendirme yap\u0131ld\u0131.<\/span><\/p>\n<p class=\"MsoNormal\" style=\"margin-bottom: 0.0001pt; line-height: normal; text-align: justify;\"><span style=\"font-size: 12.0pt; mso-bidi-font-size: 14.0pt;\">\u00a0<\/span><\/p>\n<p class=\"MsoNormal\" style=\"margin-bottom: 0.0001pt; line-height: normal; text-align: justify;\"><b><span style=\"font-size: 14.0pt; mso-bidi-font-size: 16.0pt;\">Mehmet Be\u015fen: \u201cGen\u00e7lerimiz Bizim \u0130\u00e7in \u00c7ok K\u0131ymetli\u201d<\/span><\/b><\/p>\n<p class=\"MsoNormal\" style=\"margin-bottom: 0.0001pt; line-height: normal; text-align: justify;\"><span style=\"font-size: 12.0pt; mso-bidi-font-size: 14.0pt;\">Programda konu\u015fan B\u00fcy\u00fck\u015fehir Belediyesi Meclis Ba\u015fkan Vekili Mehmet Be\u015fen, \u201cGen\u00e7lerimiz bizler i\u00e7in \u00e7ok k\u0131ymetli. B\u00fcy\u00fck\u015fehir Belediyesi olarak Gen\u00e7lik Meclisimizin de her zaman yan\u0131nda, en b\u00fcy\u00fck destek\u00e7ileriyiz. Gen\u00e7lerimiz \u015fehrimizin ve \u00fclkemizin gelece\u011fi, biz bunun fark\u0131nday\u0131z. Bu y\u00fczden t\u00fcm \u00e7abam\u0131z gen\u00e7lerimiz i\u00e7in. Bug\u00fcn de Ad\u0131yaman\u2019dan gelen gen\u00e7lerimizi \u015fehrimizde a\u011f\u0131rlamaktan b\u00fcy\u00fck memnuniyet duyduk\u201d c\u00fcmlelerini kaydetti.<\/span><\/p>\n<p class=\"MsoNormal\" style=\"margin-bottom: 0.0001pt; line-height: normal; text-align: justify;\"><span style=\"font-size: 12.0pt; mso-bidi-font-size: 14.0pt;\">\u00a0<\/span><\/p>\n<p class=\"MsoNormal\" style=\"margin-bottom: 0.0001pt; line-height: normal; text-align: justify;\"><b><span style=\"font-size: 14.0pt; mso-bidi-font-size: 16.0pt;\">Halla\u00e7: \u201cG\u00fczel Ev Sahipli\u011fi \u0130\u00e7in Te\u015fekk\u00fcr Ediyorum\u201d<\/span><\/b><\/p>\n<p class=\"MsoNormal\" style=\"margin-bottom: 0.0001pt; line-height: normal; text-align: justify;\"><span style=\"font-size: 12.0pt; mso-bidi-font-size: 14.0pt;\">Kahta Belediye Ba\u015fkan\u0131 Mehmet Can Halla\u00e7, \u201cGen\u00e7ler bizim bug\u00fcn\u00fcm\u00fcz, yar\u0131n\u0131m\u0131z, gelece\u011fimiz. Gen\u00e7lerimize y\u00f6nelik \u00e7al\u0131\u015fmalar\u0131m\u0131z\u0131 art\u0131rarak s\u00fcrd\u00fcr\u00fcyoruz. Kahramanmara\u015f B\u00fcy\u00fck\u015fehir Belediyesinin de gen\u00e7lere ne kadar de\u011fer verdi\u011fini g\u00f6rd\u00fck. F\u0131rat G\u00f6rgel Ba\u015fkan\u0131m\u0131z\u0131n destekleriyle Gen\u00e7lik Meclisinin \u00e7al\u0131\u015fmalar\u0131 hakk\u0131nda bilgiler ald\u0131k. Ger\u00e7ekten \u00e7ok g\u00fczel hizmetler hayata ge\u00e7irilmi\u015f Kahramanmara\u015f\u2019ta. Bug\u00fcn de Kahtal\u0131 gen\u00e7lerimizle Kahramanmara\u015f\u2019\u0131 ziyaret ettik. Ev sahipli\u011fi i\u00e7in Say\u0131n Mehmet Be\u015fen\u2019e ve Gen\u00e7lik Meclisi\u2019ne te\u015fekk\u00fcr ediyorum\u201d diye konu\u015ftu.<\/span><\/p>\n<p class=\"MsoNormal\" style=\"margin-bottom: 0.0001pt; line-height: normal; text-align: justify;\"><span style=\"font-size: 12.0pt; mso-bidi-font-size: 14.0pt;\">\u00a0<\/span><\/p>\n<p class=\"MsoNormal\" style=\"margin-bottom: 0.0001pt; line-height: normal; text-align: justify;\"><b><span style=\"font-size: 14.0pt; mso-bidi-font-size: 16.0pt;\">Kar: \u201cAd\u0131yamanl\u0131 Karde\u015flerimizi \u015eehrimizde A\u011f\u0131rlamaktan Mutluluk Duyduk\u201d<\/span><\/b><\/p>\n<p class=\"MsoNormal\" style=\"margin-bottom: 0.0001pt; line-height: normal; text-align: justify;\"><span style=\"font-size: 12.0pt; mso-bidi-font-size: 14.0pt;\">Programa ili\u015fkin de\u011ferlendirmelerde bulunan Kahramanmara\u015f B\u00fcy\u00fck\u015fehir Belediyesi Gen\u00e7lik Meclisi Ba\u015fkan\u0131 Mert Kar, gen\u00e7lerin \u015fehir y\u00f6netimine aktif kat\u0131l\u0131m\u0131n\u0131 \u00f6nemsediklerini vurgulayarak, \u201cBizler Gen\u00e7lik Meclisi olarak Kahramanmara\u015fl\u0131 gen\u00e7lerin seslerini duyurabilmeleri, projelerini hayata ge\u00e7irmeleri ve \u015fehir y\u00f6netimine katk\u0131 sunmalar\u0131n\u0131 ama\u00e7l\u0131yoruz. Bug\u00fcn Ad\u0131yaman Kahta Gen\u00e7lik Meclisi\u2019ni \u015fehrimizde a\u011f\u0131rlamaktan b\u00fcy\u00fck mutluluk duyduk. Bu g\u00fczel bulu\u015fmaya destek veren B\u00fcy\u00fck\u015fehir Belediye Ba\u015fkan\u0131m\u0131z Say\u0131n F\u0131rat G\u00f6rgel\u2019e te\u015fekk\u00fcr ediyorum\u201d dedi.<\/span><\/p>\n<p class=\"MsoNormal\" style=\"margin-bottom: 0.0001pt; line-height: normal; text-align: justify;\"><span style=\"font-size: 12.0pt; mso-bidi-font-size: 14.0pt;\">\u00a0<\/span><\/p>\n<p class=\"MsoNormal\" style=\"margin-bottom: 0.0001pt; line-height: normal; text-align: justify;\"><b><span style=\"font-size: 14.0pt; mso-bidi-font-size: 16.0pt;\">Bozan: \u201cKahramanmara\u015f\u2019ta \u00c7ok G\u00fczel A\u011f\u0131rland\u0131k\u201d<\/span><\/b><\/p>\n<p class=\"MsoNormal\" style=\"margin-bottom: 0.0001pt; line-height: normal; text-align: justify;\"><span style=\"font-size: 12.0pt; mso-bidi-font-size: 14.0pt;\">Ad\u0131yaman Kahta Gen\u00e7lik Meclisi Ba\u015fkan\u0131 Mustafa Bozan ise misafirperverlikten duydu\u011fu memnuniyeti dile getirerek, \u201cKahramanmara\u015f B\u00fcy\u00fck\u015fehir Belediyesi Gen\u00e7lik Meclisi\u2019nin misafiri olarak buraday\u0131z. Kahramanmara\u015f\u2019ta ve Yedikuyular Kayak Merkezi\u2019nde \u00e7ok g\u00fczel vakit ge\u00e7irdik. En k\u0131sa zamanda Kahramanmara\u015fl\u0131 gen\u00e7leri Kahta\u2019da a\u011f\u0131rlamak isteriz. Bu program i\u00e7in B\u00fcy\u00fck\u015fehir Belediyesine ve Gen\u00e7lik Meclisine te\u015fekk\u00fcr ediyorum\u201d ifadelerini kulland\u0131.<\/span><\/p>\n<p class=\"MsoNormal\" style=\"margin-bottom: 0.0001pt; line-height: normal; text-align: justify;\"><span style=\"font-size: 12.0pt; mso-bidi-font-size: 14.0pt;\">\u00a0<\/span><\/p>\n<p class=\"MsoNormal\" style=\"margin-bottom: 0.0001pt; line-height: normal; text-align: justify;\"><b><span style=\"font-size: 14.0pt; mso-bidi-font-size: 16.0pt;\">\u201cKahramanmara\u015f\u2019ta Unutulmaz Deneyimler Ya\u015fad\u0131k\u201d<\/span><\/b><\/p>\n<p class=\"MsoNormal\" style=\"margin-bottom: 0.0001pt; line-height: normal; text-align: justify;\"><span style=\"font-size: 12.0pt; mso-bidi-font-size: 14.0pt;\">Kahta Gen\u00e7lik Meclisi Ba\u015fkan Yard\u0131mc\u0131s\u0131 G\u00fclbahar Yavcik, \u201cKahramanmara\u015f B\u00fcy\u00fck\u015fehir Belediyesi Gen\u00e7lik Meclisinin bizleri a\u011f\u0131rlamas\u0131 bizleri \u00e7ok mutlu etti. Yedikuyular Kayak Merkezi\u2019nde edindi\u011fim deneyim ger\u00e7ekten \u00e7ok g\u00fczeldi. Herkesin buraya gelmesini tavsiye ediyorum\u201d \u015feklinde konu\u015ftu. Kahta Gen\u00e7lik Meclisi \u00dcyesi Eda Bak\u0131r da, \u201cKahramanmara\u015f\u2019ta bizleri misafir etmelerinden dolay\u0131 \u00e7ok mutlu olduk. Teleferik ilk deneyimimizdi ve arkada\u015flar\u0131m\u0131zla birlikte \u00e7ok keyifli vakit ge\u00e7irdik. Kahramanmara\u015f B\u00fcy\u00fck\u015fehir Belediyesine te\u015fekk\u00fcr ediyoruz\u201d dedi. Program, gen\u00e7ler aras\u0131nda kurulan dostluk ba\u011flar\u0131n\u0131n g\u00fc\u00e7lenmesi ve \u015fehirler aras\u0131 i\u015f birli\u011finin art\u0131r\u0131lmas\u0131 ad\u0131na \u00f6nemli bir ad\u0131m oldu.<\/span><\/p>\n<p style=\"text-align: justify;\"><img loading=\"lazy\" decoding=\"async\" class=\"alignnone size-full wp-image-23001\" src=\"https:\/\/elbistanhabermerkezi.com\/wp-content\/uploads\/2026\/01\/Genclik-Meclisi-1.jpg\" alt=\"\" width=\"600\" height=\"338\" srcset=\"https:\/\/elbistanhabermerkezi.com\/wp-content\/uploads\/2026\/01\/Genclik-Meclisi-1.jpg 600w, https:\/\/elbistanhabermerkezi.com\/wp-content\/uploads\/2026\/01\/Genclik-Meclisi-1-171x96.jpg 171w, https:\/\/elbistanhabermerkezi.com\/wp-content\/uploads\/2026\/01\/Genclik-Meclisi-1-275x155.jpg 275w, https:\/\/elbistanhabermerkezi.com\/wp-content\/uploads\/2026\/01\/Genclik-Meclisi-1-376x212.jpg 376w\" sizes=\"auto, (max-width: 600px) 100vw, 600px\" \/> <img loading=\"lazy\" decoding=\"async\" class=\"alignnone size-full wp-image-23002\" src=\"https:\/\/elbistanhabermerkezi.com\/wp-content\/uploads\/2026\/01\/Genclik-Meclisi-6.jpg\" alt=\"\" width=\"600\" height=\"338\" srcset=\"https:\/\/elbistanhabermerkezi.com\/wp-content\/uploads\/2026\/01\/Genclik-Meclisi-6.jpg 600w, https:\/\/elbistanhabermerkezi.com\/wp-content\/uploads\/2026\/01\/Genclik-Meclisi-6-171x96.jpg 171w, https:\/\/elbistanhabermerkezi.com\/wp-content\/uploads\/2026\/01\/Genclik-Meclisi-6-275x155.jpg 275w, https:\/\/elbistanhabermerkezi.com\/wp-content\/uploads\/2026\/01\/Genclik-Meclisi-6-376x212.jpg 376w\" sizes=\"auto, (max-width: 600px) 100vw, 600px\" \/> <img loading=\"lazy\" decoding=\"async\" class=\"alignnone size-full wp-image-23003\" src=\"https:\/\/elbistanhabermerkezi.com\/wp-content\/uploads\/2026\/01\/Genclik-Meclisi-8.jpg\" alt=\"\" width=\"600\" height=\"338\" srcset=\"https:\/\/elbistanhabermerkezi.com\/wp-content\/uploads\/2026\/01\/Genclik-Meclisi-8.jpg 600w, https:\/\/elbistanhabermerkezi.com\/wp-content\/uploads\/2026\/01\/Genclik-Meclisi-8-171x96.jpg 171w, https:\/\/elbistanhabermerkezi.com\/wp-content\/uploads\/2026\/01\/Genclik-Meclisi-8-275x155.jpg 275w, https:\/\/elbistanhabermerkezi.com\/wp-content\/uploads\/2026\/01\/Genclik-Meclisi-8-376x212.jpg 376w\" sizes=\"auto, (max-width: 600px) 100vw, 600px\" \/> <img loading=\"lazy\" decoding=\"async\" class=\"alignnone size-full wp-image-23004\" src=\"https:\/\/elbistanhabermerkezi.com\/wp-content\/uploads\/2026\/01\/Genclik-Meclisi-10.jpg\" alt=\"\" width=\"600\" height=\"338\" srcset=\"https:\/\/elbistanhabermerkezi.com\/wp-content\/uploads\/2026\/01\/Genclik-Meclisi-10.jpg 600w, https:\/\/elbistanhabermerkezi.com\/wp-content\/uploads\/2026\/01\/Genclik-Meclisi-10-171x96.jpg 171w, https:\/\/elbistanhabermerkezi.com\/wp-content\/uploads\/2026\/01\/Genclik-Meclisi-10-275x155.jpg 275w, https:\/\/elbistanhabermerkezi.com\/wp-content\/uploads\/2026\/01\/Genclik-Meclisi-10-376x212.jpg 376w\" sizes=\"auto, (max-width: 600px) 100vw, 600px\" \/> <img loading=\"lazy\" decoding=\"async\" class=\"alignnone size-full wp-image-23005\" src=\"https:\/\/elbistanhabermerkezi.com\/wp-content\/uploads\/2026\/01\/Genclik-Meclisi-15.jpg\" alt=\"\" width=\"779\" height=\"448\" srcset=\"https:\/\/elbistanhabermerkezi.com\/wp-content\/uploads\/2026\/01\/Genclik-Meclisi-15.jpg 779w, https:\/\/elbistanhabermerkezi.com\/wp-content\/uploads\/2026\/01\/Genclik-Meclisi-15-600x345.jpg 600w, https:\/\/elbistanhabermerkezi.com\/wp-content\/uploads\/2026\/01\/Genclik-Meclisi-15-768x442.jpg 768w, https:\/\/elbistanhabermerkezi.com\/wp-content\/uploads\/2026\/01\/Genclik-Meclisi-15-171x98.jpg 171w, https:\/\/elbistanhabermerkezi.com\/wp-content\/uploads\/2026\/01\/Genclik-Meclisi-15-270x155.jpg 270w, https:\/\/elbistanhabermerkezi.com\/wp-content\/uploads\/2026\/01\/Genclik-Meclisi-15-376x216.jpg 376w\" sizes=\"auto, (max-width: 779px) 100vw, 779px\" \/><\/p>\n","protected":false},"excerpt":{"rendered":"<p>B\u00fcy\u00fck\u015fehir Belediyesi Gen\u00e7lik Meclisi, \u015fehirler aras\u0131 gen\u00e7lik dayan\u0131\u015fmas\u0131n\u0131 g\u00fc\u00e7lendirmek amac\u0131yla Ad\u0131yaman\u2019\u0131n Kahta il\u00e7esinden gelen Gen\u00e7lik Meclisi \u00fcyelerini a\u011f\u0131rlad\u0131. \u015eehrin \u00e7e\u015fitli noktalar\u0131n\u0131 ziyaret eden Ad\u0131yamanl\u0131 gen\u00e7ler, Kahramanmara\u015f\u2019a adeta hayran kald\u0131. \u00a0 Kahramanmara\u015f B\u00fcy\u00fck\u015fehir Belediyesi Gen\u00e7lik Meclisi, \u015fehirler aras\u0131 gen\u00e7lik dayan\u0131\u015fmas\u0131n\u0131 g\u00fc\u00e7lendirmek amac\u0131yla Ad\u0131yaman\u2019\u0131n Kahta il\u00e7esinden gelen Gen\u00e7lik Meclisi \u00fcyelerini a\u011f\u0131rlad\u0131. Program kapsam\u0131nda Kahta\u2019dan gelen gen\u00e7lere Kahramanmara\u015f\u2019\u0131n [&hellip;]<\/p>\n","protected":false},"author":1,"featured_media":23006,"comment_status":"open","ping_status":"open","sticky":false,"template":"","format":"standard","meta":{"_jetpack_memberships_contains_paid_content":false,"footnotes":""},"categories":[2,8,12],"tags":[],"class_list":["post-23000","post","type-post","status-publish","format-standard","has-post-thumbnail","hentry","category-3-sayfa","category-gundem","category-siyaset"],"jetpack_featured_media_url":"https:\/\/elbistanhabermerkezi.com\/wp-content\/uploads\/2026\/01\/Genclik-Meclisi-15yi.jpg","jetpack_sharing_enabled":true,"_links":{"self":[{"href":"https:\/\/elbistanhabermerkezi.com\/index.php\/wp-json\/wp\/v2\/posts\/23000","targetHints":{"allow":["GET"]}}],"collection":[{"href":"https:\/\/elbistanhabermerkezi.com\/index.php\/wp-json\/wp\/v2\/posts"}],"about":[{"href":"https:\/\/elbistanhabermerkezi.com\/index.php\/wp-json\/wp\/v2\/types\/post"}],"author":[{"embeddable":true,"href":"https:\/\/elbistanhabermerkezi.com\/index.php\/wp-json\/wp\/v2\/users\/1"}],"replies":[{"embeddable":true,"href":"https:\/\/elbistanhabermerkezi.com\/index.php\/wp-json\/wp\/v2\/comments?post=23000"}],"version-history":[{"count":1,"href":"https:\/\/elbistanhabermerkezi.com\/index.php\/wp-json\/wp\/v2\/posts\/23000\/revisions"}],"predecessor-version":[{"id":23008,"href":"https:\/\/elbistanhabermerkezi.com\/index.php\/wp-json\/wp\/v2\/posts\/23000\/revisions\/23008"}],"wp:featuredmedia":[{"embeddable":true,"href":"https:\/\/elbistanhabermerkezi.com\/index.php\/wp-json\/wp\/v2\/media\/23006"}],"wp:attachment":[{"href":"https:\/\/elbistanhabermerkezi.com\/index.php\/wp-json\/wp\/v2\/media?parent=23000"}],"wp:term":[{"taxonomy":"category","embeddable":true,"href":"https:\/\/elbistanhabermerkezi.com\/index.php\/wp-json\/wp\/v2\/categories?post=23000"},{"taxonomy":"post_tag","embeddable":true,"href":"https:\/\/elbistanhabermerkezi.com\/index.php\/wp-json\/wp\/v2\/tags?post=23000"}],"curies":[{"name":"wp","href":"https:\/\/api.w.org\/{rel}","templated":true}]}}