{"id":22847,"date":"2026-01-07T13:11:55","date_gmt":"2026-01-07T13:11:55","guid":{"rendered":"https:\/\/elbistanhabermerkezi.com\/?p=22847"},"modified":"2026-01-07T13:11:55","modified_gmt":"2026-01-07T13:11:55","slug":"elmuhay-vakfindan-kultur-daire-baskanligina-tesekkur-ziyareti","status":"publish","type":"post","link":"https:\/\/elbistanhabermerkezi.com\/index.php\/2026\/01\/07\/elmuhay-vakfindan-kultur-daire-baskanligina-tesekkur-ziyareti\/","title":{"rendered":"ELM\u00dcHAY Vakf\u0131ndan K\u00fclt\u00fcr Daire Ba\u015fkanl\u0131\u011f\u0131na Te\u015fekk\u00fcr ziyareti."},"content":{"rendered":"<p style=\"text-align: justify;\"><strong><img loading=\"lazy\" decoding=\"async\" class=\"alignnone size-full wp-image-12722\" src=\"https:\/\/elbistanhabermerkezi.com\/wp-content\/uploads\/2024\/01\/halild6.jpg\" alt=\"\" width=\"302\" height=\"202\" srcset=\"https:\/\/elbistanhabermerkezi.com\/wp-content\/uploads\/2024\/01\/halild6.jpg 302w, https:\/\/elbistanhabermerkezi.com\/wp-content\/uploads\/2024\/01\/halild6-157x105.jpg 157w, https:\/\/elbistanhabermerkezi.com\/wp-content\/uploads\/2024\/01\/halild6-232x155.jpg 232w\" sizes=\"auto, (max-width: 302px) 100vw, 302px\" \/><\/strong><\/p>\n<p style=\"text-align: justify;\"><strong><img loading=\"lazy\" decoding=\"async\" class=\"alignnone size-full wp-image-22848\" src=\"https:\/\/elbistanhabermerkezi.com\/wp-content\/uploads\/2026\/01\/WhatsApp-Image-2026-01-06-at-15.34.25u.jpeg\" alt=\"\" width=\"1182\" height=\"716\" srcset=\"https:\/\/elbistanhabermerkezi.com\/wp-content\/uploads\/2026\/01\/WhatsApp-Image-2026-01-06-at-15.34.25u.jpeg 1182w, https:\/\/elbistanhabermerkezi.com\/wp-content\/uploads\/2026\/01\/WhatsApp-Image-2026-01-06-at-15.34.25u-600x363.jpeg 600w, https:\/\/elbistanhabermerkezi.com\/wp-content\/uploads\/2026\/01\/WhatsApp-Image-2026-01-06-at-15.34.25u-1024x620.jpeg 1024w, https:\/\/elbistanhabermerkezi.com\/wp-content\/uploads\/2026\/01\/WhatsApp-Image-2026-01-06-at-15.34.25u-768x465.jpeg 768w, https:\/\/elbistanhabermerkezi.com\/wp-content\/uploads\/2026\/01\/WhatsApp-Image-2026-01-06-at-15.34.25u-171x105.jpeg 171w, https:\/\/elbistanhabermerkezi.com\/wp-content\/uploads\/2026\/01\/WhatsApp-Image-2026-01-06-at-15.34.25u-256x155.jpeg 256w, https:\/\/elbistanhabermerkezi.com\/wp-content\/uploads\/2026\/01\/WhatsApp-Image-2026-01-06-at-15.34.25u-365x221.jpeg 365w, https:\/\/elbistanhabermerkezi.com\/wp-content\/uploads\/2026\/01\/WhatsApp-Image-2026-01-06-at-15.34.25u-740x448.jpeg 740w\" sizes=\"auto, (max-width: 1182px) 100vw, 1182px\" \/><\/strong><\/p>\n<p style=\"text-align: justify;\"><strong>Elbistan M\u00fckrimin Halil Yinan\u00e7 Aile Vakf\u0131 (ELM\u00dcHAY) Ba\u015fkan\u0131 U\u011fur Yinan\u00e7, Kahramanmara\u015f B\u00fcy\u00fck\u015fehir Belediyesi K\u00fclt\u00fcr Sosyal \u0130\u015fler ve Spor Daire Ba\u015fkan\u0131 Duran Do\u011fan&#8217;a te\u015fekk\u00fcr ziyaretinde bulundu.<\/strong><\/p>\n<p style=\"text-align: justify;\"><strong>\u00d6nce ki g\u00fcn ger\u00e7ekle\u015fen ziyarette ge\u00e7ti\u011fimiz g\u00fcnlerde Kahramanmara\u015f B\u00fcy\u00fck\u015fehir Belediyesi taraf\u0131ndan Elbistan Abdullah Tayyip Ol\u00e7ok Anadolu \u0130mam Hatip Lisesinde Ord.Prof.M\u00fckrimin Halil Yinan\u00e7&#8217;in vefat\u0131n\u0131n 64. y\u0131ld\u00f6n\u00fcm\u00fc m\u00fcnasebetiyle d\u00fczenlenen Anma ve Anlama\u00a0 program\u0131 dolay\u0131s\u0131 ile Te\u015fekk\u00fcr edildi.<\/strong><\/p>\n<p style=\"text-align: justify;\"><strong>Ziyarete ili\u015fkin Elbistan Haber Merkezinin sorular\u0131n\u0131 yan\u0131tlayan ELM\u00dcHAY Vakf\u0131 Ba\u015fkan\u0131 U\u011fur Yinan\u00e7, Vak\u0131f olarak bug\u00fcn Kahramanmara\u015f B\u00fcy\u00fck\u015fehir Belediyesi K\u00fclt\u00fcr Sosyal \u0130\u015fler ve Spor Daire Ba\u015fkan\u0131 Duran Do\u011fan&#8217;\u0131 ziyaret ettik. Sebebi ziyaretimiz ise ge\u00e7ti\u011fimiz g\u00fcnler de Tarih\u00e7i-Yazar Mehmet I\u015f\u0131k hocam\u0131z\u0131n kat\u0131l\u0131m\u0131yla Elbistan il\u00e7emizde vefat\u0131n\u0131n 64. y\u0131l\u0131 m\u00fcnasebetiyle Ord.Prof.M\u00fckrimin Halil Yinan\u00e7&#8217;i anma ve anlama program\u0131 dolay\u0131s\u0131 ile bir Te\u015fekk\u00fcr etmektir. \u00dclkemizin en b\u00fcy\u00fck de\u011ferlerinden bir tanesi olan Amcazademiz Ord.Prof.M\u00fckrimin Halil Yinan\u00e7&#8217;i b\u00f6ylesi anlaml\u0131 bir programla gen\u00e7lerimize anlatt\u0131klar\u0131 i\u00e7in B\u00fcy\u00fck\u015fehir Belediye Ba\u015fkan\u0131m\u0131z F\u0131rat G\u00f6rgel \u015fahs\u0131nda K\u00fclt\u00fcr Daire Ba\u015fkanl\u0131\u011f\u0131m\u0131za minnettar\u0131z. Sa\u011folsunlar dedi.<\/strong><\/p>\n<p><strong>Kahramanmara\u015f B\u00fcy\u00fck\u015fehir Belediyesi K\u00fclt\u00fcr Sosyal \u0130\u015fler ve Spor Daire Ba\u015fkan\u0131 Duran Do\u011fan&#8217;da ziyaretten dolay\u0131 te\u015fekk\u00fcr ederek, Ord.Prof.M\u00fckrimin Halil Hocay\u0131 daha fazla kitlelere anlatabilmek ad\u0131na programlar\u0131m\u0131z s\u00fcrecek dedi.<\/strong><\/p>\n<p style=\"text-align: justify;\"><strong>Ziyarette Elbistan M\u00fckrimin Halil Yinan\u00e7 Aile Vakf\u0131 (ELM\u00dcHAY) Ba\u015fkan\u0131 U\u011fur Yinan\u00e7, Kahramanmara\u015f B\u00fcy\u00fck\u015fehir Belediyesi K\u00fclt\u00fcr Sosyal \u0130\u015fler ve Spor Daire Ba\u015fkan\u0131 Duran Do\u011fan&#8217;a te\u015fekk\u00fcr plaketi takdim edildi.<\/strong><\/p>\n<p style=\"text-align: justify;\"><strong><img loading=\"lazy\" decoding=\"async\" class=\"alignnone size-full wp-image-22849\" src=\"https:\/\/elbistanhabermerkezi.com\/wp-content\/uploads\/2026\/01\/WhatsApp-Image-2026-01-06-at-15.34.25.jpeg\" alt=\"\" width=\"2048\" height=\"1536\" srcset=\"https:\/\/elbistanhabermerkezi.com\/wp-content\/uploads\/2026\/01\/WhatsApp-Image-2026-01-06-at-15.34.25.jpeg 2048w, https:\/\/elbistanhabermerkezi.com\/wp-content\/uploads\/2026\/01\/WhatsApp-Image-2026-01-06-at-15.34.25-533x400.jpeg 533w, https:\/\/elbistanhabermerkezi.com\/wp-content\/uploads\/2026\/01\/WhatsApp-Image-2026-01-06-at-15.34.25-1024x768.jpeg 1024w, https:\/\/elbistanhabermerkezi.com\/wp-content\/uploads\/2026\/01\/WhatsApp-Image-2026-01-06-at-15.34.25-768x576.jpeg 768w, https:\/\/elbistanhabermerkezi.com\/wp-content\/uploads\/2026\/01\/WhatsApp-Image-2026-01-06-at-15.34.25-1536x1152.jpeg 1536w, https:\/\/elbistanhabermerkezi.com\/wp-content\/uploads\/2026\/01\/WhatsApp-Image-2026-01-06-at-15.34.25-140x105.jpeg 140w, https:\/\/elbistanhabermerkezi.com\/wp-content\/uploads\/2026\/01\/WhatsApp-Image-2026-01-06-at-15.34.25-207x155.jpeg 207w, https:\/\/elbistanhabermerkezi.com\/wp-content\/uploads\/2026\/01\/WhatsApp-Image-2026-01-06-at-15.34.25-295x221.jpeg 295w, https:\/\/elbistanhabermerkezi.com\/wp-content\/uploads\/2026\/01\/WhatsApp-Image-2026-01-06-at-15.34.25-597x448.jpeg 597w\" sizes=\"auto, (max-width: 2048px) 100vw, 2048px\" \/> <\/strong><\/p>\n","protected":false},"excerpt":{"rendered":"<p>Elbistan M\u00fckrimin Halil Yinan\u00e7 Aile Vakf\u0131 (ELM\u00dcHAY) Ba\u015fkan\u0131 U\u011fur Yinan\u00e7, Kahramanmara\u015f B\u00fcy\u00fck\u015fehir Belediyesi K\u00fclt\u00fcr Sosyal \u0130\u015fler ve Spor Daire Ba\u015fkan\u0131 Duran Do\u011fan&#8217;a te\u015fekk\u00fcr ziyaretinde bulundu. \u00d6nce ki g\u00fcn ger\u00e7ekle\u015fen ziyarette ge\u00e7ti\u011fimiz g\u00fcnlerde Kahramanmara\u015f B\u00fcy\u00fck\u015fehir Belediyesi taraf\u0131ndan Elbistan Abdullah Tayyip Ol\u00e7ok Anadolu \u0130mam Hatip Lisesinde Ord.Prof.M\u00fckrimin Halil Yinan\u00e7&#8217;in vefat\u0131n\u0131n 64. y\u0131ld\u00f6n\u00fcm\u00fc m\u00fcnasebetiyle d\u00fczenlenen Anma ve Anlama\u00a0 [&hellip;]<\/p>\n","protected":false},"author":1,"featured_media":22852,"comment_status":"open","ping_status":"open","sticky":false,"template":"","format":"standard","meta":{"_jetpack_memberships_contains_paid_content":false,"footnotes":""},"categories":[2,8],"tags":[],"class_list":["post-22847","post","type-post","status-publish","format-standard","has-post-thumbnail","hentry","category-3-sayfa","category-gundem"],"jetpack_featured_media_url":"https:\/\/elbistanhabermerkezi.com\/wp-content\/uploads\/2026\/01\/WhatsApp-Image-2026-01-06-at-15.34.25uu.jpeg","jetpack_sharing_enabled":true,"_links":{"self":[{"href":"https:\/\/elbistanhabermerkezi.com\/index.php\/wp-json\/wp\/v2\/posts\/22847","targetHints":{"allow":["GET"]}}],"collection":[{"href":"https:\/\/elbistanhabermerkezi.com\/index.php\/wp-json\/wp\/v2\/posts"}],"about":[{"href":"https:\/\/elbistanhabermerkezi.com\/index.php\/wp-json\/wp\/v2\/types\/post"}],"author":[{"embeddable":true,"href":"https:\/\/elbistanhabermerkezi.com\/index.php\/wp-json\/wp\/v2\/users\/1"}],"replies":[{"embeddable":true,"href":"https:\/\/elbistanhabermerkezi.com\/index.php\/wp-json\/wp\/v2\/comments?post=22847"}],"version-history":[{"count":1,"href":"https:\/\/elbistanhabermerkezi.com\/index.php\/wp-json\/wp\/v2\/posts\/22847\/revisions"}],"predecessor-version":[{"id":22854,"href":"https:\/\/elbistanhabermerkezi.com\/index.php\/wp-json\/wp\/v2\/posts\/22847\/revisions\/22854"}],"wp:featuredmedia":[{"embeddable":true,"href":"https:\/\/elbistanhabermerkezi.com\/index.php\/wp-json\/wp\/v2\/media\/22852"}],"wp:attachment":[{"href":"https:\/\/elbistanhabermerkezi.com\/index.php\/wp-json\/wp\/v2\/media?parent=22847"}],"wp:term":[{"taxonomy":"category","embeddable":true,"href":"https:\/\/elbistanhabermerkezi.com\/index.php\/wp-json\/wp\/v2\/categories?post=22847"},{"taxonomy":"post_tag","embeddable":true,"href":"https:\/\/elbistanhabermerkezi.com\/index.php\/wp-json\/wp\/v2\/tags?post=22847"}],"curies":[{"name":"wp","href":"https:\/\/api.w.org\/{rel}","templated":true}]}}