{"id":22815,"date":"2026-01-05T14:07:20","date_gmt":"2026-01-05T14:07:20","guid":{"rendered":"https:\/\/elbistanhabermerkezi.com\/?p=22815"},"modified":"2026-01-05T14:07:20","modified_gmt":"2026-01-05T14:07:20","slug":"kaymakam-demirelden-gaziye-ziyaret","status":"publish","type":"post","link":"https:\/\/elbistanhabermerkezi.com\/index.php\/2026\/01\/05\/kaymakam-demirelden-gaziye-ziyaret\/","title":{"rendered":"Kaymakam Demirel&#8217;den Gazi&#8217;ye ziyaret."},"content":{"rendered":"<p style=\"text-align: justify;\"><strong><img loading=\"lazy\" decoding=\"async\" src=\"https:\/\/elbistanhabermerkezi.com\/wp-content\/uploads\/2024\/07\/ALIDOGAN.jpg\" alt=\"\" width=\"302\" height=\"302\" \/><\/strong><\/p>\n<div dir=\"auto\" style=\"text-align: justify;\"><strong>Elbistan Kaymakam\u0131 Muhammet Fatih Demirel, beraberindeki heyet ile kahraman gazimiz Mehmet Karao\u011flan\u2019\u0131 hanesinde ziyaret ettiler.<\/strong><\/div>\n<div dir=\"auto\" style=\"text-align: justify;\"><\/div>\n<div dir=\"auto\" style=\"text-align: justify;\"><strong>Bug\u00fcn ger\u00e7ekle\u015fen ziyarette gazimizle bir s\u00fcre sohbet eden Kaymakam Demirel, gazilerin g\u00f6sterdi\u011fi kahramanl\u0131k ve fedak\u00e2rl\u0131\u011f\u0131n milletimizin g\u00f6nl\u00fcnde daima ya\u015fayaca\u011f\u0131n\u0131; onlar\u0131n aziz hat\u0131ralar\u0131n\u0131n her zaman minnet ve \u015f\u00fckranla an\u0131laca\u011f\u0131n\u0131 ifade etti.<\/strong><\/div>\n<div dir=\"auto\" style=\"text-align: justify;\"><\/div>\n<div dir=\"auto\" style=\"text-align: justify;\"><strong>Ziyarete; \u0130l\u00e7e Emniyet M\u00fcd\u00fcr\u00fc U\u011fur Koyuncu, \u0130l\u00e7e Jandarma Komutan\u0131 Y\u0131ld\u0131ray Y\u0131ld\u0131z, \u0130l\u00e7e SYDV M\u00fcd\u00fcr\u00fc Dilek Otlutepe ve \u0130l\u00e7e Sosyal Hizmet Merkezi M\u00fcd\u00fcr V. Asl\u0131 Y\u00fcce\u2019de e\u015flik etti.<\/strong><\/div>\n<div dir=\"auto\" style=\"text-align: justify;\"><strong><img loading=\"lazy\" decoding=\"async\" src=\"https:\/\/elbistanhabermerkezi.com\/wp-content\/uploads\/2026\/01\/611282561_1201892165425943_3765768427034478597_n.jpg\" alt=\"\" width=\"2048\" height=\"1365\" \/> <img loading=\"lazy\" decoding=\"async\" src=\"https:\/\/elbistanhabermerkezi.com\/wp-content\/uploads\/2026\/01\/611372270_1201892162092610_465748002378740577_n.jpg\" alt=\"\" width=\"2048\" height=\"1365\" \/> <img loading=\"lazy\" decoding=\"async\" src=\"https:\/\/elbistanhabermerkezi.com\/wp-content\/uploads\/2026\/01\/611755074_1201891988759294_3862560353342595021_n.jpg\" alt=\"\" width=\"2048\" height=\"1365\" \/> <img loading=\"lazy\" decoding=\"async\" src=\"https:\/\/elbistanhabermerkezi.com\/wp-content\/uploads\/2026\/01\/611902003_1201891815425978_6435860139846597725_n.jpg\" alt=\"\" width=\"2048\" height=\"1546\" \/> <img loading=\"lazy\" decoding=\"async\" src=\"https:\/\/elbistanhabermerkezi.com\/wp-content\/uploads\/2026\/01\/611981040_1201892182092608_5610633860241565465_n.jpg\" alt=\"\" width=\"2048\" height=\"1365\" \/> <img loading=\"lazy\" decoding=\"async\" src=\"https:\/\/elbistanhabermerkezi.com\/wp-content\/uploads\/2026\/01\/612359589_1201891972092629_6777260126419647004_n.jpg\" alt=\"\" width=\"2048\" height=\"1365\" \/><\/strong><\/div>\n","protected":false},"excerpt":{"rendered":"<p>Elbistan Kaymakam\u0131 Muhammet Fatih Demirel, beraberindeki heyet ile kahraman gazimiz Mehmet Karao\u011flan\u2019\u0131 hanesinde ziyaret ettiler. Bug\u00fcn ger\u00e7ekle\u015fen ziyarette gazimizle bir s\u00fcre sohbet eden Kaymakam Demirel, gazilerin g\u00f6sterdi\u011fi kahramanl\u0131k ve fedak\u00e2rl\u0131\u011f\u0131n milletimizin g\u00f6nl\u00fcnde daima ya\u015fayaca\u011f\u0131n\u0131; onlar\u0131n aziz hat\u0131ralar\u0131n\u0131n her zaman minnet ve \u015f\u00fckranla an\u0131laca\u011f\u0131n\u0131 ifade etti. Ziyarete; \u0130l\u00e7e Emniyet M\u00fcd\u00fcr\u00fc U\u011fur Koyuncu, \u0130l\u00e7e Jandarma Komutan\u0131 Y\u0131ld\u0131ray [&hellip;]<\/p>\n","protected":false},"author":1,"featured_media":22822,"comment_status":"open","ping_status":"open","sticky":false,"template":"","format":"standard","meta":{"_jetpack_memberships_contains_paid_content":false,"footnotes":""},"categories":[2,8],"tags":[],"class_list":["post-22815","post","type-post","status-publish","format-standard","has-post-thumbnail","hentry","category-3-sayfa","category-gundem"],"jetpack_featured_media_url":"https:\/\/elbistanhabermerkezi.com\/wp-content\/uploads\/2026\/01\/612359589_1201891972092629_6777260126419647004_nhyuyu.jpg","jetpack_sharing_enabled":true,"_links":{"self":[{"href":"https:\/\/elbistanhabermerkezi.com\/index.php\/wp-json\/wp\/v2\/posts\/22815","targetHints":{"allow":["GET"]}}],"collection":[{"href":"https:\/\/elbistanhabermerkezi.com\/index.php\/wp-json\/wp\/v2\/posts"}],"about":[{"href":"https:\/\/elbistanhabermerkezi.com\/index.php\/wp-json\/wp\/v2\/types\/post"}],"author":[{"embeddable":true,"href":"https:\/\/elbistanhabermerkezi.com\/index.php\/wp-json\/wp\/v2\/users\/1"}],"replies":[{"embeddable":true,"href":"https:\/\/elbistanhabermerkezi.com\/index.php\/wp-json\/wp\/v2\/comments?post=22815"}],"version-history":[{"count":1,"href":"https:\/\/elbistanhabermerkezi.com\/index.php\/wp-json\/wp\/v2\/posts\/22815\/revisions"}],"predecessor-version":[{"id":22825,"href":"https:\/\/elbistanhabermerkezi.com\/index.php\/wp-json\/wp\/v2\/posts\/22815\/revisions\/22825"}],"wp:featuredmedia":[{"embeddable":true,"href":"https:\/\/elbistanhabermerkezi.com\/index.php\/wp-json\/wp\/v2\/media\/22822"}],"wp:attachment":[{"href":"https:\/\/elbistanhabermerkezi.com\/index.php\/wp-json\/wp\/v2\/media?parent=22815"}],"wp:term":[{"taxonomy":"category","embeddable":true,"href":"https:\/\/elbistanhabermerkezi.com\/index.php\/wp-json\/wp\/v2\/categories?post=22815"},{"taxonomy":"post_tag","embeddable":true,"href":"https:\/\/elbistanhabermerkezi.com\/index.php\/wp-json\/wp\/v2\/tags?post=22815"}],"curies":[{"name":"wp","href":"https:\/\/api.w.org\/{rel}","templated":true}]}}