{"id":22666,"date":"2025-12-28T12:21:00","date_gmt":"2025-12-28T12:21:00","guid":{"rendered":"https:\/\/elbistanhabermerkezi.com\/?p=22666"},"modified":"2025-12-28T12:21:00","modified_gmt":"2025-12-28T12:21:00","slug":"elbistanda-kisa-da-olsa-kar-sevinci-yasandi","status":"publish","type":"post","link":"https:\/\/elbistanhabermerkezi.com\/index.php\/2025\/12\/28\/elbistanda-kisa-da-olsa-kar-sevinci-yasandi\/","title":{"rendered":"Elbistan&#8217;da k\u0131sa da olsa Kar sevinci ya\u015fand\u0131."},"content":{"rendered":"<p style=\"text-align: justify;\"><strong><img loading=\"lazy\" decoding=\"async\" class=\"alignnone size-full wp-image-15355\" src=\"https:\/\/elbistanhabermerkezi.com\/wp-content\/uploads\/2024\/07\/ALIDOGAN.jpg\" alt=\"\" width=\"302\" height=\"302\" srcset=\"https:\/\/elbistanhabermerkezi.com\/wp-content\/uploads\/2024\/07\/ALIDOGAN.jpg 302w, https:\/\/elbistanhabermerkezi.com\/wp-content\/uploads\/2024\/07\/ALIDOGAN-105x105.jpg 105w, https:\/\/elbistanhabermerkezi.com\/wp-content\/uploads\/2024\/07\/ALIDOGAN-155x155.jpg 155w, https:\/\/elbistanhabermerkezi.com\/wp-content\/uploads\/2024\/07\/ALIDOGAN-221x221.jpg 221w\" sizes=\"auto, (max-width: 302px) 100vw, 302px\" \/><\/strong><\/p>\n<p style=\"text-align: justify;\"><strong>FOTO\u011eRAFLAR: Mehmet G\u00f6ren<\/strong><\/p>\n<p style=\"text-align: justify;\"><strong>Elbistan \u0130l\u00e7emizde d\u00fcn ya\u011fan Kar ya\u011f\u0131\u015f\u0131 her yeri beyaza b\u00fcr\u00fcd\u00fc. Elbistanl\u0131lar k\u0131sa da olsa Kar sevinci ya\u015fand\u0131.<\/strong><\/p>\n<p style=\"text-align: justify;\"><strong>Kar ya\u011f\u0131\u015f\u0131nda en g\u00fczel manzara ise Ceyhan nehri kenar\u0131nda ya\u015fand\u0131.<\/strong><\/p>\n<p style=\"text-align: justify;\"><strong>Foto\u011fraf\u00e7\u0131lar ise f\u0131rsattan istifade Ceyhan Nehrini Kar ile birlikte foto\u011fraflad\u0131.<\/strong><\/p>\n<p style=\"text-align: justify;\"><strong><img loading=\"lazy\" decoding=\"async\" class=\"alignnone size-full wp-image-22667\" src=\"https:\/\/elbistanhabermerkezi.com\/wp-content\/uploads\/2025\/12\/WhatsApp-Image-2025-12-27-at-18.45.32.jpeg\" alt=\"\" width=\"2048\" height=\"921\" srcset=\"https:\/\/elbistanhabermerkezi.com\/wp-content\/uploads\/2025\/12\/WhatsApp-Image-2025-12-27-at-18.45.32.jpeg 2048w, https:\/\/elbistanhabermerkezi.com\/wp-content\/uploads\/2025\/12\/WhatsApp-Image-2025-12-27-at-18.45.32-600x270.jpeg 600w, https:\/\/elbistanhabermerkezi.com\/wp-content\/uploads\/2025\/12\/WhatsApp-Image-2025-12-27-at-18.45.32-1024x461.jpeg 1024w, https:\/\/elbistanhabermerkezi.com\/wp-content\/uploads\/2025\/12\/WhatsApp-Image-2025-12-27-at-18.45.32-768x345.jpeg 768w, https:\/\/elbistanhabermerkezi.com\/wp-content\/uploads\/2025\/12\/WhatsApp-Image-2025-12-27-at-18.45.32-1536x691.jpeg 1536w, https:\/\/elbistanhabermerkezi.com\/wp-content\/uploads\/2025\/12\/WhatsApp-Image-2025-12-27-at-18.45.32-171x77.jpeg 171w, https:\/\/elbistanhabermerkezi.com\/wp-content\/uploads\/2025\/12\/WhatsApp-Image-2025-12-27-at-18.45.32-278x125.jpeg 278w, https:\/\/elbistanhabermerkezi.com\/wp-content\/uploads\/2025\/12\/WhatsApp-Image-2025-12-27-at-18.45.32-376x169.jpeg 376w, https:\/\/elbistanhabermerkezi.com\/wp-content\/uploads\/2025\/12\/WhatsApp-Image-2025-12-27-at-18.45.32-796x358.jpeg 796w\" sizes=\"auto, (max-width: 2048px) 100vw, 2048px\" \/> <img loading=\"lazy\" decoding=\"async\" class=\"alignnone size-full wp-image-22668\" src=\"https:\/\/elbistanhabermerkezi.com\/wp-content\/uploads\/2025\/12\/WhatsApp-Image-2025-12-27-at-18.45.33-1.jpeg\" alt=\"\" width=\"2048\" height=\"921\" srcset=\"https:\/\/elbistanhabermerkezi.com\/wp-content\/uploads\/2025\/12\/WhatsApp-Image-2025-12-27-at-18.45.33-1.jpeg 2048w, https:\/\/elbistanhabermerkezi.com\/wp-content\/uploads\/2025\/12\/WhatsApp-Image-2025-12-27-at-18.45.33-1-600x270.jpeg 600w, https:\/\/elbistanhabermerkezi.com\/wp-content\/uploads\/2025\/12\/WhatsApp-Image-2025-12-27-at-18.45.33-1-1024x461.jpeg 1024w, https:\/\/elbistanhabermerkezi.com\/wp-content\/uploads\/2025\/12\/WhatsApp-Image-2025-12-27-at-18.45.33-1-768x345.jpeg 768w, https:\/\/elbistanhabermerkezi.com\/wp-content\/uploads\/2025\/12\/WhatsApp-Image-2025-12-27-at-18.45.33-1-1536x691.jpeg 1536w, https:\/\/elbistanhabermerkezi.com\/wp-content\/uploads\/2025\/12\/WhatsApp-Image-2025-12-27-at-18.45.33-1-171x77.jpeg 171w, https:\/\/elbistanhabermerkezi.com\/wp-content\/uploads\/2025\/12\/WhatsApp-Image-2025-12-27-at-18.45.33-1-278x125.jpeg 278w, https:\/\/elbistanhabermerkezi.com\/wp-content\/uploads\/2025\/12\/WhatsApp-Image-2025-12-27-at-18.45.33-1-376x169.jpeg 376w, https:\/\/elbistanhabermerkezi.com\/wp-content\/uploads\/2025\/12\/WhatsApp-Image-2025-12-27-at-18.45.33-1-796x358.jpeg 796w\" sizes=\"auto, (max-width: 2048px) 100vw, 2048px\" \/> <img loading=\"lazy\" decoding=\"async\" class=\"alignnone size-full wp-image-22669\" src=\"https:\/\/elbistanhabermerkezi.com\/wp-content\/uploads\/2025\/12\/WhatsApp-Image-2025-12-27-at-18.45.33-2.jpeg\" alt=\"\" width=\"2040\" height=\"918\" srcset=\"https:\/\/elbistanhabermerkezi.com\/wp-content\/uploads\/2025\/12\/WhatsApp-Image-2025-12-27-at-18.45.33-2.jpeg 2040w, https:\/\/elbistanhabermerkezi.com\/wp-content\/uploads\/2025\/12\/WhatsApp-Image-2025-12-27-at-18.45.33-2-600x270.jpeg 600w, https:\/\/elbistanhabermerkezi.com\/wp-content\/uploads\/2025\/12\/WhatsApp-Image-2025-12-27-at-18.45.33-2-1024x461.jpeg 1024w, https:\/\/elbistanhabermerkezi.com\/wp-content\/uploads\/2025\/12\/WhatsApp-Image-2025-12-27-at-18.45.33-2-768x346.jpeg 768w, https:\/\/elbistanhabermerkezi.com\/wp-content\/uploads\/2025\/12\/WhatsApp-Image-2025-12-27-at-18.45.33-2-1536x691.jpeg 1536w, https:\/\/elbistanhabermerkezi.com\/wp-content\/uploads\/2025\/12\/WhatsApp-Image-2025-12-27-at-18.45.33-2-171x77.jpeg 171w, https:\/\/elbistanhabermerkezi.com\/wp-content\/uploads\/2025\/12\/WhatsApp-Image-2025-12-27-at-18.45.33-2-278x125.jpeg 278w, https:\/\/elbistanhabermerkezi.com\/wp-content\/uploads\/2025\/12\/WhatsApp-Image-2025-12-27-at-18.45.33-2-376x169.jpeg 376w, https:\/\/elbistanhabermerkezi.com\/wp-content\/uploads\/2025\/12\/WhatsApp-Image-2025-12-27-at-18.45.33-2-796x358.jpeg 796w\" sizes=\"auto, (max-width: 2040px) 100vw, 2040px\" \/> <img loading=\"lazy\" decoding=\"async\" class=\"alignnone size-full wp-image-22670\" src=\"https:\/\/elbistanhabermerkezi.com\/wp-content\/uploads\/2025\/12\/WhatsApp-Image-2025-12-27-at-18.45.33.jpeg\" alt=\"\" width=\"2048\" height=\"921\" srcset=\"https:\/\/elbistanhabermerkezi.com\/wp-content\/uploads\/2025\/12\/WhatsApp-Image-2025-12-27-at-18.45.33.jpeg 2048w, https:\/\/elbistanhabermerkezi.com\/wp-content\/uploads\/2025\/12\/WhatsApp-Image-2025-12-27-at-18.45.33-600x270.jpeg 600w, https:\/\/elbistanhabermerkezi.com\/wp-content\/uploads\/2025\/12\/WhatsApp-Image-2025-12-27-at-18.45.33-1024x461.jpeg 1024w, https:\/\/elbistanhabermerkezi.com\/wp-content\/uploads\/2025\/12\/WhatsApp-Image-2025-12-27-at-18.45.33-768x345.jpeg 768w, https:\/\/elbistanhabermerkezi.com\/wp-content\/uploads\/2025\/12\/WhatsApp-Image-2025-12-27-at-18.45.33-1536x691.jpeg 1536w, https:\/\/elbistanhabermerkezi.com\/wp-content\/uploads\/2025\/12\/WhatsApp-Image-2025-12-27-at-18.45.33-171x77.jpeg 171w, https:\/\/elbistanhabermerkezi.com\/wp-content\/uploads\/2025\/12\/WhatsApp-Image-2025-12-27-at-18.45.33-278x125.jpeg 278w, https:\/\/elbistanhabermerkezi.com\/wp-content\/uploads\/2025\/12\/WhatsApp-Image-2025-12-27-at-18.45.33-376x169.jpeg 376w, https:\/\/elbistanhabermerkezi.com\/wp-content\/uploads\/2025\/12\/WhatsApp-Image-2025-12-27-at-18.45.33-796x358.jpeg 796w\" sizes=\"auto, (max-width: 2048px) 100vw, 2048px\" \/><img loading=\"lazy\" decoding=\"async\" class=\"alignnone size-full wp-image-22671\" src=\"https:\/\/elbistanhabermerkezi.com\/wp-content\/uploads\/2025\/12\/WhatsApp-Image-2025-12-27-at-18.47.26u.jpeg\" alt=\"\" width=\"861\" height=\"580\" srcset=\"https:\/\/elbistanhabermerkezi.com\/wp-content\/uploads\/2025\/12\/WhatsApp-Image-2025-12-27-at-18.47.26u.jpeg 861w, https:\/\/elbistanhabermerkezi.com\/wp-content\/uploads\/2025\/12\/WhatsApp-Image-2025-12-27-at-18.47.26u-594x400.jpeg 594w, https:\/\/elbistanhabermerkezi.com\/wp-content\/uploads\/2025\/12\/WhatsApp-Image-2025-12-27-at-18.47.26u-768x517.jpeg 768w, https:\/\/elbistanhabermerkezi.com\/wp-content\/uploads\/2025\/12\/WhatsApp-Image-2025-12-27-at-18.47.26u-156x105.jpeg 156w, https:\/\/elbistanhabermerkezi.com\/wp-content\/uploads\/2025\/12\/WhatsApp-Image-2025-12-27-at-18.47.26u-230x155.jpeg 230w, https:\/\/elbistanhabermerkezi.com\/wp-content\/uploads\/2025\/12\/WhatsApp-Image-2025-12-27-at-18.47.26u-328x221.jpeg 328w, https:\/\/elbistanhabermerkezi.com\/wp-content\/uploads\/2025\/12\/WhatsApp-Image-2025-12-27-at-18.47.26u-665x448.jpeg 665w\" sizes=\"auto, (max-width: 861px) 100vw, 861px\" \/><\/strong><\/p>\n","protected":false},"excerpt":{"rendered":"<p>FOTO\u011eRAFLAR: Mehmet G\u00f6ren Elbistan \u0130l\u00e7emizde d\u00fcn ya\u011fan Kar ya\u011f\u0131\u015f\u0131 her yeri beyaza b\u00fcr\u00fcd\u00fc. Elbistanl\u0131lar k\u0131sa da olsa Kar sevinci ya\u015fand\u0131. Kar ya\u011f\u0131\u015f\u0131nda en g\u00fczel manzara ise Ceyhan nehri kenar\u0131nda ya\u015fand\u0131. Foto\u011fraf\u00e7\u0131lar ise f\u0131rsattan istifade Ceyhan Nehrini Kar ile birlikte foto\u011fraflad\u0131.<\/p>\n","protected":false},"author":1,"featured_media":22674,"comment_status":"open","ping_status":"open","sticky":false,"template":"","format":"standard","meta":{"_jetpack_memberships_contains_paid_content":false,"footnotes":""},"categories":[2,8],"tags":[],"class_list":["post-22666","post","type-post","status-publish","format-standard","has-post-thumbnail","hentry","category-3-sayfa","category-gundem"],"jetpack_featured_media_url":"https:\/\/elbistanhabermerkezi.com\/wp-content\/uploads\/2025\/12\/WhatsApp-Image-2025-12-27-at-18.45.33-2io.jpeg","jetpack_sharing_enabled":true,"_links":{"self":[{"href":"https:\/\/elbistanhabermerkezi.com\/index.php\/wp-json\/wp\/v2\/posts\/22666","targetHints":{"allow":["GET"]}}],"collection":[{"href":"https:\/\/elbistanhabermerkezi.com\/index.php\/wp-json\/wp\/v2\/posts"}],"about":[{"href":"https:\/\/elbistanhabermerkezi.com\/index.php\/wp-json\/wp\/v2\/types\/post"}],"author":[{"embeddable":true,"href":"https:\/\/elbistanhabermerkezi.com\/index.php\/wp-json\/wp\/v2\/users\/1"}],"replies":[{"embeddable":true,"href":"https:\/\/elbistanhabermerkezi.com\/index.php\/wp-json\/wp\/v2\/comments?post=22666"}],"version-history":[{"count":1,"href":"https:\/\/elbistanhabermerkezi.com\/index.php\/wp-json\/wp\/v2\/posts\/22666\/revisions"}],"predecessor-version":[{"id":22675,"href":"https:\/\/elbistanhabermerkezi.com\/index.php\/wp-json\/wp\/v2\/posts\/22666\/revisions\/22675"}],"wp:featuredmedia":[{"embeddable":true,"href":"https:\/\/elbistanhabermerkezi.com\/index.php\/wp-json\/wp\/v2\/media\/22674"}],"wp:attachment":[{"href":"https:\/\/elbistanhabermerkezi.com\/index.php\/wp-json\/wp\/v2\/media?parent=22666"}],"wp:term":[{"taxonomy":"category","embeddable":true,"href":"https:\/\/elbistanhabermerkezi.com\/index.php\/wp-json\/wp\/v2\/categories?post=22666"},{"taxonomy":"post_tag","embeddable":true,"href":"https:\/\/elbistanhabermerkezi.com\/index.php\/wp-json\/wp\/v2\/tags?post=22666"}],"curies":[{"name":"wp","href":"https:\/\/api.w.org\/{rel}","templated":true}]}}