{"id":22637,"date":"2025-12-28T11:58:36","date_gmt":"2025-12-28T11:58:36","guid":{"rendered":"https:\/\/elbistanhabermerkezi.com\/?p=22637"},"modified":"2025-12-28T11:58:36","modified_gmt":"2025-12-28T11:58:36","slug":"ord-prof-mukrimin-halil-yinanc-64-vefat-yilinda-konferansla-anildi","status":"publish","type":"post","link":"https:\/\/elbistanhabermerkezi.com\/index.php\/2025\/12\/28\/ord-prof-mukrimin-halil-yinanc-64-vefat-yilinda-konferansla-anildi\/","title":{"rendered":"Ord.Prof.M\u00fckrimin Halil Yinan\u00e7, 64. vefat y\u0131l\u0131nda Konferansla an\u0131ld\u0131."},"content":{"rendered":"<p style=\"text-align: justify;\"><strong><img loading=\"lazy\" decoding=\"async\" class=\"alignnone size-full wp-image-12722\" src=\"https:\/\/elbistanhabermerkezi.com\/wp-content\/uploads\/2024\/01\/halild6.jpg\" alt=\"\" width=\"302\" height=\"202\" srcset=\"https:\/\/elbistanhabermerkezi.com\/wp-content\/uploads\/2024\/01\/halild6.jpg 302w, https:\/\/elbistanhabermerkezi.com\/wp-content\/uploads\/2024\/01\/halild6-157x105.jpg 157w, https:\/\/elbistanhabermerkezi.com\/wp-content\/uploads\/2024\/01\/halild6-232x155.jpg 232w\" sizes=\"auto, (max-width: 302px) 100vw, 302px\" \/><\/strong><\/p>\n<p style=\"text-align: justify;\"><strong>Kahramanmara\u015f B\u00fcy\u00fck\u015fehir Belediyesi taraf\u0131ndan UNESCO Edebiyat \u015eehri Kahramanmara\u015f programlar\u0131 kapsam\u0131nda \u0130l genelinde ki programlar\u0131 s\u00fcr\u00fcyor. Bu kapsamda d\u00fczenlenen Konferans ile Ord.Prof.M\u00fckrimin Halil Yinan\u00e7 vefat\u0131n\u0131n 64. y\u0131l\u0131nda an\u0131ld\u0131.<\/strong><\/p>\n<p style=\"text-align: justify;\"><strong>\u00d6nce ki g\u00fcn Elbistan Abdullah Tayyip Ol\u00e7ok Anadolu \u0130mam Hatip Lisesinde d\u00fczenlenen programda Tarih\u00e7i-Yazar Mehmet I\u015f\u0131k, hem Abdullah Tayyip Ol\u00e7ok Anadolu \u0130mam Hatip Lisesi hem de Elbistan M\u00fckrimin Halil Yinan\u00e7 Lisesi \u00f6\u011frencilerine M\u00fckrimin Halil Hocay\u0131 anlatt\u0131.<\/strong><\/p>\n<p style=\"text-align: justify;\"><strong>Ord.Prof.M\u00fckrimin Halil Yinan\u00e7&#8217;in ailesini temsilen Sadettin Yinan\u00e7, Kahramanmara\u015f B\u00fcy\u00fck\u015fehir Belediyesi K\u00fclt\u00fcr,Sosyal \u0130\u015fler ve Spor Daire Ba\u015fkanl\u0131\u011f\u0131 K\u00fclt\u00fcr \u015eube M\u00fcd\u00fcr\u00fc Harun Kad\u0131o\u011flu,G\u00d6N\u00dcLDER Ba\u015fkan\u0131 H\u00fcseyin Bozkurt ve \u00e7ok say\u0131da \u00f6\u011frenci kat\u0131ld\u0131.<\/strong><\/p>\n<p style=\"text-align: justify;\"><strong>Program\u0131n a\u00e7\u0131l\u0131\u015f konu\u015fmas\u0131n\u0131 yapan Abdullah Tayyip Ol\u00e7ok Anadolu \u0130mam Hatip Lisesi M\u00fcd\u00fcr\u00fc Tayyip G\u00fcne\u015f, b\u00f6yle anlaml\u0131 bir program\u0131n Elbistan \u0130l\u00e7emizde ve Abdullah Tayyip Ol\u00e7ok Anadolu \u0130mam Hatip Lisesinde yap\u0131lmas\u0131ndan memnuniyet duyduklar\u0131n\u0131 ifade etti.<\/strong><\/p>\n<p style=\"text-align: justify;\"><iframe loading=\"lazy\" src=\"\/\/www.youtube.com\/embed\/A18cGpjM0g4\" width=\"714\" height=\"400\" allowfullscreen=\"allowfullscreen\"><\/iframe><\/p>\n<p style=\"text-align: justify;\"><strong>Daha sonra konu\u015fan Elbistan M\u00fckrimin Halil Yinan\u00e7 Lisesi M\u00fcd\u00fcr\u00fc Ay\u015feg\u00fcl G\u00f6\u00e7er, Ord.Prof.M\u00fckrimin Halil Yinan\u00e7&#8217;i bu programla \u00e7ok daha yak\u0131ndan tan\u0131yacaklar\u0131n\u0131 belirterek katk\u0131 sunan emek veren herkese te\u015fekk\u00fcr etti.<\/strong><\/p>\n<p style=\"text-align: justify;\"><iframe loading=\"lazy\" src=\"\/\/www.youtube.com\/embed\/-XxuqYfPQFs\" width=\"714\" height=\"400\" allowfullscreen=\"allowfullscreen\"><\/iframe><\/p>\n<p style=\"text-align: justify;\"><strong>Daha sonra konu\u015fan Kahramanmara\u015f B\u00fcy\u00fck\u015fehir Belediyesi K\u00fclt\u00fcr,Sosyal \u0130\u015fler ve Spor Daire Ba\u015fkanl\u0131\u011f\u0131 K\u00fclt\u00fcr \u015eube M\u00fcd\u00fcr\u00fc Harun Kad\u0131o\u011flu, Kahramanmara\u015f UNESCO taraf\u0131ndan Edebiyat \u015fehri ilan edildikten sonra d\u00fczenlenen Edebiyat programlar\u0131ndan bir tanesini de Elbistan \u0130l\u00e7emizde yap\u0131yoruz. Bu program ile M\u00fckrimin Halil Hocay\u0131 daha iyi anlayacaklar\u0131n\u0131 ve \u00f6\u011frencilere daha iyi anlatacaklar\u0131n\u0131 ifade etti.<\/strong><\/p>\n<p style=\"text-align: justify;\"><iframe loading=\"lazy\" src=\"\/\/www.youtube.com\/embed\/dWzI87YbeK8\" width=\"714\" height=\"400\" allowfullscreen=\"allowfullscreen\"><\/iframe><\/p>\n<p style=\"text-align: justify;\"><strong>Programa konu\u015fmac\u0131 olarak davet edilen Tarih\u00e7i-Yazar Mehmet I\u015f\u0131k, bilinen ve bilinmeyen y\u00f6nleriyle Ord.Prof.M\u00fckrimin Halil Yinan\u00e7 Hocay\u0131 anlatt\u0131.<\/strong><\/p>\n<p style=\"text-align: justify;\"><iframe loading=\"lazy\" src=\"\/\/www.youtube.com\/embed\/hpD7SDEltHc\" width=\"714\" height=\"400\" allowfullscreen=\"allowfullscreen\"><\/iframe><\/p>\n<p style=\"text-align: justify;\"><strong>Program sonunda ise plaket takdimi yap\u0131ld\u0131.<\/strong><\/p>\n<p style=\"text-align: justify;\"><strong><img loading=\"lazy\" decoding=\"async\" class=\"alignnone size-full wp-image-22661\" src=\"https:\/\/elbistanhabermerkezi.com\/wp-content\/uploads\/2025\/12\/IMG_9314.jpg\" alt=\"\" width=\"700\" height=\"467\" srcset=\"https:\/\/elbistanhabermerkezi.com\/wp-content\/uploads\/2025\/12\/IMG_9314.jpg 700w, https:\/\/elbistanhabermerkezi.com\/wp-content\/uploads\/2025\/12\/IMG_9314-600x400.jpg 600w, https:\/\/elbistanhabermerkezi.com\/wp-content\/uploads\/2025\/12\/IMG_9314-157x105.jpg 157w, https:\/\/elbistanhabermerkezi.com\/wp-content\/uploads\/2025\/12\/IMG_9314-232x155.jpg 232w, https:\/\/elbistanhabermerkezi.com\/wp-content\/uploads\/2025\/12\/IMG_9314-331x221.jpg 331w, https:\/\/elbistanhabermerkezi.com\/wp-content\/uploads\/2025\/12\/IMG_9314-672x448.jpg 672w\" sizes=\"auto, (max-width: 700px) 100vw, 700px\" \/> <img loading=\"lazy\" decoding=\"async\" class=\"alignnone size-full wp-image-22662\" src=\"https:\/\/elbistanhabermerkezi.com\/wp-content\/uploads\/2025\/12\/WhatsApp-Image-2025-12-23-at-16.40.42-2.jpeg\" alt=\"\" width=\"700\" height=\"466\" srcset=\"https:\/\/elbistanhabermerkezi.com\/wp-content\/uploads\/2025\/12\/WhatsApp-Image-2025-12-23-at-16.40.42-2.jpeg 700w, https:\/\/elbistanhabermerkezi.com\/wp-content\/uploads\/2025\/12\/WhatsApp-Image-2025-12-23-at-16.40.42-2-600x400.jpeg 600w, https:\/\/elbistanhabermerkezi.com\/wp-content\/uploads\/2025\/12\/WhatsApp-Image-2025-12-23-at-16.40.42-2-158x105.jpeg 158w, https:\/\/elbistanhabermerkezi.com\/wp-content\/uploads\/2025\/12\/WhatsApp-Image-2025-12-23-at-16.40.42-2-233x155.jpeg 233w, https:\/\/elbistanhabermerkezi.com\/wp-content\/uploads\/2025\/12\/WhatsApp-Image-2025-12-23-at-16.40.42-2-332x221.jpeg 332w, https:\/\/elbistanhabermerkezi.com\/wp-content\/uploads\/2025\/12\/WhatsApp-Image-2025-12-23-at-16.40.42-2-673x448.jpeg 673w\" sizes=\"auto, (max-width: 700px) 100vw, 700px\" \/> <img loading=\"lazy\" decoding=\"async\" class=\"alignnone size-full wp-image-22663\" src=\"https:\/\/elbistanhabermerkezi.com\/wp-content\/uploads\/2025\/12\/WhatsApp-Image-2025-12-23-at-16.40.43.jpeg\" alt=\"\" width=\"700\" height=\"407\" srcset=\"https:\/\/elbistanhabermerkezi.com\/wp-content\/uploads\/2025\/12\/WhatsApp-Image-2025-12-23-at-16.40.43.jpeg 700w, https:\/\/elbistanhabermerkezi.com\/wp-content\/uploads\/2025\/12\/WhatsApp-Image-2025-12-23-at-16.40.43-600x349.jpeg 600w, https:\/\/elbistanhabermerkezi.com\/wp-content\/uploads\/2025\/12\/WhatsApp-Image-2025-12-23-at-16.40.43-171x99.jpeg 171w, https:\/\/elbistanhabermerkezi.com\/wp-content\/uploads\/2025\/12\/WhatsApp-Image-2025-12-23-at-16.40.43-267x155.jpeg 267w, https:\/\/elbistanhabermerkezi.com\/wp-content\/uploads\/2025\/12\/WhatsApp-Image-2025-12-23-at-16.40.43-376x219.jpeg 376w\" sizes=\"auto, (max-width: 700px) 100vw, 700px\" \/><\/strong><\/p>\n<p style=\"text-align: justify;\"><strong><img loading=\"lazy\" decoding=\"async\" class=\"alignnone size-full wp-image-22638\" src=\"https:\/\/elbistanhabermerkezi.com\/wp-content\/uploads\/2025\/12\/c.jpg\" alt=\"\" width=\"779\" height=\"448\" srcset=\"https:\/\/elbistanhabermerkezi.com\/wp-content\/uploads\/2025\/12\/c.jpg 779w, https:\/\/elbistanhabermerkezi.com\/wp-content\/uploads\/2025\/12\/c-600x345.jpg 600w, https:\/\/elbistanhabermerkezi.com\/wp-content\/uploads\/2025\/12\/c-768x442.jpg 768w, https:\/\/elbistanhabermerkezi.com\/wp-content\/uploads\/2025\/12\/c-171x98.jpg 171w, https:\/\/elbistanhabermerkezi.com\/wp-content\/uploads\/2025\/12\/c-270x155.jpg 270w, https:\/\/elbistanhabermerkezi.com\/wp-content\/uploads\/2025\/12\/c-376x216.jpg 376w\" sizes=\"auto, (max-width: 779px) 100vw, 779px\" \/> <img loading=\"lazy\" decoding=\"async\" class=\"alignnone size-full wp-image-22641\" src=\"https:\/\/elbistanhabermerkezi.com\/wp-content\/uploads\/2025\/12\/IMG_9245.jpg\" alt=\"\" width=\"700\" height=\"467\" srcset=\"https:\/\/elbistanhabermerkezi.com\/wp-content\/uploads\/2025\/12\/IMG_9245.jpg 700w, https:\/\/elbistanhabermerkezi.com\/wp-content\/uploads\/2025\/12\/IMG_9245-600x400.jpg 600w, https:\/\/elbistanhabermerkezi.com\/wp-content\/uploads\/2025\/12\/IMG_9245-157x105.jpg 157w, https:\/\/elbistanhabermerkezi.com\/wp-content\/uploads\/2025\/12\/IMG_9245-232x155.jpg 232w, https:\/\/elbistanhabermerkezi.com\/wp-content\/uploads\/2025\/12\/IMG_9245-331x221.jpg 331w, https:\/\/elbistanhabermerkezi.com\/wp-content\/uploads\/2025\/12\/IMG_9245-672x448.jpg 672w\" sizes=\"auto, (max-width: 700px) 100vw, 700px\" \/> <img loading=\"lazy\" decoding=\"async\" class=\"alignnone size-full wp-image-22642\" src=\"https:\/\/elbistanhabermerkezi.com\/wp-content\/uploads\/2025\/12\/IMG_9247.jpg\" alt=\"\" width=\"700\" height=\"467\" srcset=\"https:\/\/elbistanhabermerkezi.com\/wp-content\/uploads\/2025\/12\/IMG_9247.jpg 700w, https:\/\/elbistanhabermerkezi.com\/wp-content\/uploads\/2025\/12\/IMG_9247-600x400.jpg 600w, https:\/\/elbistanhabermerkezi.com\/wp-content\/uploads\/2025\/12\/IMG_9247-157x105.jpg 157w, https:\/\/elbistanhabermerkezi.com\/wp-content\/uploads\/2025\/12\/IMG_9247-232x155.jpg 232w, https:\/\/elbistanhabermerkezi.com\/wp-content\/uploads\/2025\/12\/IMG_9247-331x221.jpg 331w, https:\/\/elbistanhabermerkezi.com\/wp-content\/uploads\/2025\/12\/IMG_9247-672x448.jpg 672w\" sizes=\"auto, (max-width: 700px) 100vw, 700px\" \/> <img loading=\"lazy\" decoding=\"async\" class=\"alignnone size-full wp-image-22643\" src=\"https:\/\/elbistanhabermerkezi.com\/wp-content\/uploads\/2025\/12\/IMG_9248.jpg\" alt=\"\" width=\"700\" height=\"467\" srcset=\"https:\/\/elbistanhabermerkezi.com\/wp-content\/uploads\/2025\/12\/IMG_9248.jpg 700w, https:\/\/elbistanhabermerkezi.com\/wp-content\/uploads\/2025\/12\/IMG_9248-600x400.jpg 600w, https:\/\/elbistanhabermerkezi.com\/wp-content\/uploads\/2025\/12\/IMG_9248-157x105.jpg 157w, https:\/\/elbistanhabermerkezi.com\/wp-content\/uploads\/2025\/12\/IMG_9248-232x155.jpg 232w, https:\/\/elbistanhabermerkezi.com\/wp-content\/uploads\/2025\/12\/IMG_9248-331x221.jpg 331w, https:\/\/elbistanhabermerkezi.com\/wp-content\/uploads\/2025\/12\/IMG_9248-672x448.jpg 672w\" sizes=\"auto, (max-width: 700px) 100vw, 700px\" \/> <img loading=\"lazy\" decoding=\"async\" class=\"alignnone size-full wp-image-22644\" src=\"https:\/\/elbistanhabermerkezi.com\/wp-content\/uploads\/2025\/12\/IMG_9251.jpg\" alt=\"\" width=\"700\" height=\"467\" srcset=\"https:\/\/elbistanhabermerkezi.com\/wp-content\/uploads\/2025\/12\/IMG_9251.jpg 700w, https:\/\/elbistanhabermerkezi.com\/wp-content\/uploads\/2025\/12\/IMG_9251-600x400.jpg 600w, https:\/\/elbistanhabermerkezi.com\/wp-content\/uploads\/2025\/12\/IMG_9251-157x105.jpg 157w, https:\/\/elbistanhabermerkezi.com\/wp-content\/uploads\/2025\/12\/IMG_9251-232x155.jpg 232w, https:\/\/elbistanhabermerkezi.com\/wp-content\/uploads\/2025\/12\/IMG_9251-331x221.jpg 331w, https:\/\/elbistanhabermerkezi.com\/wp-content\/uploads\/2025\/12\/IMG_9251-672x448.jpg 672w\" sizes=\"auto, (max-width: 700px) 100vw, 700px\" \/> <img loading=\"lazy\" decoding=\"async\" class=\"alignnone size-full wp-image-22645\" src=\"https:\/\/elbistanhabermerkezi.com\/wp-content\/uploads\/2025\/12\/IMG_9253.jpg\" alt=\"\" width=\"700\" height=\"467\" srcset=\"https:\/\/elbistanhabermerkezi.com\/wp-content\/uploads\/2025\/12\/IMG_9253.jpg 700w, https:\/\/elbistanhabermerkezi.com\/wp-content\/uploads\/2025\/12\/IMG_9253-600x400.jpg 600w, https:\/\/elbistanhabermerkezi.com\/wp-content\/uploads\/2025\/12\/IMG_9253-157x105.jpg 157w, https:\/\/elbistanhabermerkezi.com\/wp-content\/uploads\/2025\/12\/IMG_9253-232x155.jpg 232w, https:\/\/elbistanhabermerkezi.com\/wp-content\/uploads\/2025\/12\/IMG_9253-331x221.jpg 331w, https:\/\/elbistanhabermerkezi.com\/wp-content\/uploads\/2025\/12\/IMG_9253-672x448.jpg 672w\" sizes=\"auto, (max-width: 700px) 100vw, 700px\" \/> <img loading=\"lazy\" decoding=\"async\" class=\"alignnone size-full wp-image-22646\" src=\"https:\/\/elbistanhabermerkezi.com\/wp-content\/uploads\/2025\/12\/IMG_9257.jpg\" alt=\"\" width=\"700\" height=\"467\" srcset=\"https:\/\/elbistanhabermerkezi.com\/wp-content\/uploads\/2025\/12\/IMG_9257.jpg 700w, https:\/\/elbistanhabermerkezi.com\/wp-content\/uploads\/2025\/12\/IMG_9257-600x400.jpg 600w, https:\/\/elbistanhabermerkezi.com\/wp-content\/uploads\/2025\/12\/IMG_9257-157x105.jpg 157w, https:\/\/elbistanhabermerkezi.com\/wp-content\/uploads\/2025\/12\/IMG_9257-232x155.jpg 232w, https:\/\/elbistanhabermerkezi.com\/wp-content\/uploads\/2025\/12\/IMG_9257-331x221.jpg 331w, https:\/\/elbistanhabermerkezi.com\/wp-content\/uploads\/2025\/12\/IMG_9257-672x448.jpg 672w\" sizes=\"auto, (max-width: 700px) 100vw, 700px\" \/> <img loading=\"lazy\" decoding=\"async\" class=\"alignnone size-full wp-image-22647\" src=\"https:\/\/elbistanhabermerkezi.com\/wp-content\/uploads\/2025\/12\/IMG_9261.jpg\" alt=\"\" width=\"700\" height=\"467\" srcset=\"https:\/\/elbistanhabermerkezi.com\/wp-content\/uploads\/2025\/12\/IMG_9261.jpg 700w, https:\/\/elbistanhabermerkezi.com\/wp-content\/uploads\/2025\/12\/IMG_9261-600x400.jpg 600w, https:\/\/elbistanhabermerkezi.com\/wp-content\/uploads\/2025\/12\/IMG_9261-157x105.jpg 157w, https:\/\/elbistanhabermerkezi.com\/wp-content\/uploads\/2025\/12\/IMG_9261-232x155.jpg 232w, https:\/\/elbistanhabermerkezi.com\/wp-content\/uploads\/2025\/12\/IMG_9261-331x221.jpg 331w, https:\/\/elbistanhabermerkezi.com\/wp-content\/uploads\/2025\/12\/IMG_9261-672x448.jpg 672w\" sizes=\"auto, (max-width: 700px) 100vw, 700px\" \/> <img loading=\"lazy\" decoding=\"async\" class=\"alignnone size-full wp-image-22648\" src=\"https:\/\/elbistanhabermerkezi.com\/wp-content\/uploads\/2025\/12\/IMG_9273.jpg\" alt=\"\" width=\"700\" height=\"467\" srcset=\"https:\/\/elbistanhabermerkezi.com\/wp-content\/uploads\/2025\/12\/IMG_9273.jpg 700w, https:\/\/elbistanhabermerkezi.com\/wp-content\/uploads\/2025\/12\/IMG_9273-600x400.jpg 600w, https:\/\/elbistanhabermerkezi.com\/wp-content\/uploads\/2025\/12\/IMG_9273-157x105.jpg 157w, https:\/\/elbistanhabermerkezi.com\/wp-content\/uploads\/2025\/12\/IMG_9273-232x155.jpg 232w, https:\/\/elbistanhabermerkezi.com\/wp-content\/uploads\/2025\/12\/IMG_9273-331x221.jpg 331w, https:\/\/elbistanhabermerkezi.com\/wp-content\/uploads\/2025\/12\/IMG_9273-672x448.jpg 672w\" sizes=\"auto, (max-width: 700px) 100vw, 700px\" \/> <img loading=\"lazy\" decoding=\"async\" class=\"alignnone size-full wp-image-22649\" src=\"https:\/\/elbistanhabermerkezi.com\/wp-content\/uploads\/2025\/12\/IMG_9276.jpg\" alt=\"\" width=\"700\" height=\"467\" srcset=\"https:\/\/elbistanhabermerkezi.com\/wp-content\/uploads\/2025\/12\/IMG_9276.jpg 700w, https:\/\/elbistanhabermerkezi.com\/wp-content\/uploads\/2025\/12\/IMG_9276-600x400.jpg 600w, https:\/\/elbistanhabermerkezi.com\/wp-content\/uploads\/2025\/12\/IMG_9276-157x105.jpg 157w, https:\/\/elbistanhabermerkezi.com\/wp-content\/uploads\/2025\/12\/IMG_9276-232x155.jpg 232w, https:\/\/elbistanhabermerkezi.com\/wp-content\/uploads\/2025\/12\/IMG_9276-331x221.jpg 331w, https:\/\/elbistanhabermerkezi.com\/wp-content\/uploads\/2025\/12\/IMG_9276-672x448.jpg 672w\" sizes=\"auto, (max-width: 700px) 100vw, 700px\" \/> <img loading=\"lazy\" decoding=\"async\" class=\"alignnone size-full wp-image-22650\" src=\"https:\/\/elbistanhabermerkezi.com\/wp-content\/uploads\/2025\/12\/IMG_9283.jpg\" alt=\"\" width=\"700\" height=\"467\" srcset=\"https:\/\/elbistanhabermerkezi.com\/wp-content\/uploads\/2025\/12\/IMG_9283.jpg 700w, https:\/\/elbistanhabermerkezi.com\/wp-content\/uploads\/2025\/12\/IMG_9283-600x400.jpg 600w, https:\/\/elbistanhabermerkezi.com\/wp-content\/uploads\/2025\/12\/IMG_9283-157x105.jpg 157w, https:\/\/elbistanhabermerkezi.com\/wp-content\/uploads\/2025\/12\/IMG_9283-232x155.jpg 232w, https:\/\/elbistanhabermerkezi.com\/wp-content\/uploads\/2025\/12\/IMG_9283-331x221.jpg 331w, https:\/\/elbistanhabermerkezi.com\/wp-content\/uploads\/2025\/12\/IMG_9283-672x448.jpg 672w\" sizes=\"auto, (max-width: 700px) 100vw, 700px\" \/> <img loading=\"lazy\" decoding=\"async\" class=\"alignnone size-full wp-image-22651\" src=\"https:\/\/elbistanhabermerkezi.com\/wp-content\/uploads\/2025\/12\/IMG_9286.jpg\" alt=\"\" width=\"700\" height=\"467\" srcset=\"https:\/\/elbistanhabermerkezi.com\/wp-content\/uploads\/2025\/12\/IMG_9286.jpg 700w, https:\/\/elbistanhabermerkezi.com\/wp-content\/uploads\/2025\/12\/IMG_9286-600x400.jpg 600w, https:\/\/elbistanhabermerkezi.com\/wp-content\/uploads\/2025\/12\/IMG_9286-157x105.jpg 157w, https:\/\/elbistanhabermerkezi.com\/wp-content\/uploads\/2025\/12\/IMG_9286-232x155.jpg 232w, https:\/\/elbistanhabermerkezi.com\/wp-content\/uploads\/2025\/12\/IMG_9286-331x221.jpg 331w, https:\/\/elbistanhabermerkezi.com\/wp-content\/uploads\/2025\/12\/IMG_9286-672x448.jpg 672w\" sizes=\"auto, (max-width: 700px) 100vw, 700px\" \/> <img loading=\"lazy\" decoding=\"async\" class=\"alignnone size-full wp-image-22652\" src=\"https:\/\/elbistanhabermerkezi.com\/wp-content\/uploads\/2025\/12\/IMG_9288.jpg\" alt=\"\" width=\"700\" height=\"467\" srcset=\"https:\/\/elbistanhabermerkezi.com\/wp-content\/uploads\/2025\/12\/IMG_9288.jpg 700w, https:\/\/elbistanhabermerkezi.com\/wp-content\/uploads\/2025\/12\/IMG_9288-600x400.jpg 600w, https:\/\/elbistanhabermerkezi.com\/wp-content\/uploads\/2025\/12\/IMG_9288-157x105.jpg 157w, https:\/\/elbistanhabermerkezi.com\/wp-content\/uploads\/2025\/12\/IMG_9288-232x155.jpg 232w, https:\/\/elbistanhabermerkezi.com\/wp-content\/uploads\/2025\/12\/IMG_9288-331x221.jpg 331w, https:\/\/elbistanhabermerkezi.com\/wp-content\/uploads\/2025\/12\/IMG_9288-672x448.jpg 672w\" sizes=\"auto, (max-width: 700px) 100vw, 700px\" \/> <img loading=\"lazy\" decoding=\"async\" class=\"alignnone size-full wp-image-22653\" src=\"https:\/\/elbistanhabermerkezi.com\/wp-content\/uploads\/2025\/12\/IMG_9289.jpg\" alt=\"\" width=\"700\" height=\"467\" srcset=\"https:\/\/elbistanhabermerkezi.com\/wp-content\/uploads\/2025\/12\/IMG_9289.jpg 700w, https:\/\/elbistanhabermerkezi.com\/wp-content\/uploads\/2025\/12\/IMG_9289-600x400.jpg 600w, https:\/\/elbistanhabermerkezi.com\/wp-content\/uploads\/2025\/12\/IMG_9289-157x105.jpg 157w, https:\/\/elbistanhabermerkezi.com\/wp-content\/uploads\/2025\/12\/IMG_9289-232x155.jpg 232w, https:\/\/elbistanhabermerkezi.com\/wp-content\/uploads\/2025\/12\/IMG_9289-331x221.jpg 331w, https:\/\/elbistanhabermerkezi.com\/wp-content\/uploads\/2025\/12\/IMG_9289-672x448.jpg 672w\" sizes=\"auto, (max-width: 700px) 100vw, 700px\" \/> <img loading=\"lazy\" decoding=\"async\" class=\"alignnone size-full wp-image-22654\" src=\"https:\/\/elbistanhabermerkezi.com\/wp-content\/uploads\/2025\/12\/IMG_9290.jpg\" alt=\"\" width=\"700\" height=\"467\" srcset=\"https:\/\/elbistanhabermerkezi.com\/wp-content\/uploads\/2025\/12\/IMG_9290.jpg 700w, https:\/\/elbistanhabermerkezi.com\/wp-content\/uploads\/2025\/12\/IMG_9290-600x400.jpg 600w, https:\/\/elbistanhabermerkezi.com\/wp-content\/uploads\/2025\/12\/IMG_9290-157x105.jpg 157w, https:\/\/elbistanhabermerkezi.com\/wp-content\/uploads\/2025\/12\/IMG_9290-232x155.jpg 232w, https:\/\/elbistanhabermerkezi.com\/wp-content\/uploads\/2025\/12\/IMG_9290-331x221.jpg 331w, https:\/\/elbistanhabermerkezi.com\/wp-content\/uploads\/2025\/12\/IMG_9290-672x448.jpg 672w\" sizes=\"auto, (max-width: 700px) 100vw, 700px\" \/> <img loading=\"lazy\" decoding=\"async\" class=\"alignnone size-full wp-image-22655\" src=\"https:\/\/elbistanhabermerkezi.com\/wp-content\/uploads\/2025\/12\/IMG_9292.jpg\" alt=\"\" width=\"700\" height=\"467\" srcset=\"https:\/\/elbistanhabermerkezi.com\/wp-content\/uploads\/2025\/12\/IMG_9292.jpg 700w, https:\/\/elbistanhabermerkezi.com\/wp-content\/uploads\/2025\/12\/IMG_9292-600x400.jpg 600w, https:\/\/elbistanhabermerkezi.com\/wp-content\/uploads\/2025\/12\/IMG_9292-157x105.jpg 157w, https:\/\/elbistanhabermerkezi.com\/wp-content\/uploads\/2025\/12\/IMG_9292-232x155.jpg 232w, https:\/\/elbistanhabermerkezi.com\/wp-content\/uploads\/2025\/12\/IMG_9292-331x221.jpg 331w, https:\/\/elbistanhabermerkezi.com\/wp-content\/uploads\/2025\/12\/IMG_9292-672x448.jpg 672w\" sizes=\"auto, (max-width: 700px) 100vw, 700px\" \/> <img loading=\"lazy\" decoding=\"async\" class=\"alignnone size-full wp-image-22656\" src=\"https:\/\/elbistanhabermerkezi.com\/wp-content\/uploads\/2025\/12\/IMG_9300.jpg\" alt=\"\" width=\"700\" height=\"467\" srcset=\"https:\/\/elbistanhabermerkezi.com\/wp-content\/uploads\/2025\/12\/IMG_9300.jpg 700w, https:\/\/elbistanhabermerkezi.com\/wp-content\/uploads\/2025\/12\/IMG_9300-600x400.jpg 600w, https:\/\/elbistanhabermerkezi.com\/wp-content\/uploads\/2025\/12\/IMG_9300-157x105.jpg 157w, https:\/\/elbistanhabermerkezi.com\/wp-content\/uploads\/2025\/12\/IMG_9300-232x155.jpg 232w, https:\/\/elbistanhabermerkezi.com\/wp-content\/uploads\/2025\/12\/IMG_9300-331x221.jpg 331w, https:\/\/elbistanhabermerkezi.com\/wp-content\/uploads\/2025\/12\/IMG_9300-672x448.jpg 672w\" sizes=\"auto, (max-width: 700px) 100vw, 700px\" \/> <img loading=\"lazy\" decoding=\"async\" class=\"alignnone size-full wp-image-22657\" src=\"https:\/\/elbistanhabermerkezi.com\/wp-content\/uploads\/2025\/12\/IMG_9304.jpg\" alt=\"\" width=\"700\" height=\"467\" srcset=\"https:\/\/elbistanhabermerkezi.com\/wp-content\/uploads\/2025\/12\/IMG_9304.jpg 700w, https:\/\/elbistanhabermerkezi.com\/wp-content\/uploads\/2025\/12\/IMG_9304-600x400.jpg 600w, https:\/\/elbistanhabermerkezi.com\/wp-content\/uploads\/2025\/12\/IMG_9304-157x105.jpg 157w, https:\/\/elbistanhabermerkezi.com\/wp-content\/uploads\/2025\/12\/IMG_9304-232x155.jpg 232w, https:\/\/elbistanhabermerkezi.com\/wp-content\/uploads\/2025\/12\/IMG_9304-331x221.jpg 331w, https:\/\/elbistanhabermerkezi.com\/wp-content\/uploads\/2025\/12\/IMG_9304-672x448.jpg 672w\" sizes=\"auto, (max-width: 700px) 100vw, 700px\" \/> <img loading=\"lazy\" decoding=\"async\" class=\"alignnone size-full wp-image-22658\" src=\"https:\/\/elbistanhabermerkezi.com\/wp-content\/uploads\/2025\/12\/IMG_9307.jpg\" alt=\"\" width=\"700\" height=\"467\" srcset=\"https:\/\/elbistanhabermerkezi.com\/wp-content\/uploads\/2025\/12\/IMG_9307.jpg 700w, https:\/\/elbistanhabermerkezi.com\/wp-content\/uploads\/2025\/12\/IMG_9307-600x400.jpg 600w, https:\/\/elbistanhabermerkezi.com\/wp-content\/uploads\/2025\/12\/IMG_9307-157x105.jpg 157w, https:\/\/elbistanhabermerkezi.com\/wp-content\/uploads\/2025\/12\/IMG_9307-232x155.jpg 232w, https:\/\/elbistanhabermerkezi.com\/wp-content\/uploads\/2025\/12\/IMG_9307-331x221.jpg 331w, https:\/\/elbistanhabermerkezi.com\/wp-content\/uploads\/2025\/12\/IMG_9307-672x448.jpg 672w\" sizes=\"auto, (max-width: 700px) 100vw, 700px\" \/> <img loading=\"lazy\" decoding=\"async\" class=\"alignnone size-full wp-image-22659\" src=\"https:\/\/elbistanhabermerkezi.com\/wp-content\/uploads\/2025\/12\/IMG_9309.jpg\" alt=\"\" width=\"700\" height=\"467\" srcset=\"https:\/\/elbistanhabermerkezi.com\/wp-content\/uploads\/2025\/12\/IMG_9309.jpg 700w, https:\/\/elbistanhabermerkezi.com\/wp-content\/uploads\/2025\/12\/IMG_9309-600x400.jpg 600w, https:\/\/elbistanhabermerkezi.com\/wp-content\/uploads\/2025\/12\/IMG_9309-157x105.jpg 157w, https:\/\/elbistanhabermerkezi.com\/wp-content\/uploads\/2025\/12\/IMG_9309-232x155.jpg 232w, https:\/\/elbistanhabermerkezi.com\/wp-content\/uploads\/2025\/12\/IMG_9309-331x221.jpg 331w, https:\/\/elbistanhabermerkezi.com\/wp-content\/uploads\/2025\/12\/IMG_9309-672x448.jpg 672w\" sizes=\"auto, (max-width: 700px) 100vw, 700px\" \/><\/strong><\/p>\n","protected":false},"excerpt":{"rendered":"<p>Kahramanmara\u015f B\u00fcy\u00fck\u015fehir Belediyesi taraf\u0131ndan UNESCO Edebiyat \u015eehri Kahramanmara\u015f programlar\u0131 kapsam\u0131nda \u0130l genelinde ki programlar\u0131 s\u00fcr\u00fcyor. Bu kapsamda d\u00fczenlenen Konferans ile Ord.Prof.M\u00fckrimin Halil Yinan\u00e7 vefat\u0131n\u0131n 64. y\u0131l\u0131nda an\u0131ld\u0131. \u00d6nce ki g\u00fcn Elbistan Abdullah Tayyip Ol\u00e7ok Anadolu \u0130mam Hatip Lisesinde d\u00fczenlenen programda Tarih\u00e7i-Yazar Mehmet I\u015f\u0131k, hem Abdullah Tayyip Ol\u00e7ok Anadolu \u0130mam Hatip Lisesi hem de Elbistan M\u00fckrimin [&hellip;]<\/p>\n","protected":false},"author":1,"featured_media":22639,"comment_status":"open","ping_status":"open","sticky":false,"template":"","format":"standard","meta":{"_jetpack_memberships_contains_paid_content":false,"footnotes":""},"categories":[2,8],"tags":[],"class_list":["post-22637","post","type-post","status-publish","format-standard","has-post-thumbnail","hentry","category-3-sayfa","category-gundem"],"jetpack_featured_media_url":"https:\/\/elbistanhabermerkezi.com\/wp-content\/uploads\/2025\/12\/ct.jpg","jetpack_sharing_enabled":true,"_links":{"self":[{"href":"https:\/\/elbistanhabermerkezi.com\/index.php\/wp-json\/wp\/v2\/posts\/22637","targetHints":{"allow":["GET"]}}],"collection":[{"href":"https:\/\/elbistanhabermerkezi.com\/index.php\/wp-json\/wp\/v2\/posts"}],"about":[{"href":"https:\/\/elbistanhabermerkezi.com\/index.php\/wp-json\/wp\/v2\/types\/post"}],"author":[{"embeddable":true,"href":"https:\/\/elbistanhabermerkezi.com\/index.php\/wp-json\/wp\/v2\/users\/1"}],"replies":[{"embeddable":true,"href":"https:\/\/elbistanhabermerkezi.com\/index.php\/wp-json\/wp\/v2\/comments?post=22637"}],"version-history":[{"count":2,"href":"https:\/\/elbistanhabermerkezi.com\/index.php\/wp-json\/wp\/v2\/posts\/22637\/revisions"}],"predecessor-version":[{"id":22665,"href":"https:\/\/elbistanhabermerkezi.com\/index.php\/wp-json\/wp\/v2\/posts\/22637\/revisions\/22665"}],"wp:featuredmedia":[{"embeddable":true,"href":"https:\/\/elbistanhabermerkezi.com\/index.php\/wp-json\/wp\/v2\/media\/22639"}],"wp:attachment":[{"href":"https:\/\/elbistanhabermerkezi.com\/index.php\/wp-json\/wp\/v2\/media?parent=22637"}],"wp:term":[{"taxonomy":"category","embeddable":true,"href":"https:\/\/elbistanhabermerkezi.com\/index.php\/wp-json\/wp\/v2\/categories?post=22637"},{"taxonomy":"post_tag","embeddable":true,"href":"https:\/\/elbistanhabermerkezi.com\/index.php\/wp-json\/wp\/v2\/tags?post=22637"}],"curies":[{"name":"wp","href":"https:\/\/api.w.org\/{rel}","templated":true}]}}