{"id":22627,"date":"2025-12-26T13:53:49","date_gmt":"2025-12-26T13:53:49","guid":{"rendered":"https:\/\/elbistanhabermerkezi.com\/?p=22627"},"modified":"2025-12-26T13:53:49","modified_gmt":"2025-12-26T13:53:49","slug":"buyuksehirden-ucretsiz-aktarma","status":"publish","type":"post","link":"https:\/\/elbistanhabermerkezi.com\/index.php\/2025\/12\/26\/buyuksehirden-ucretsiz-aktarma\/","title":{"rendered":"B\u00fcy\u00fck\u015fehir\u2019den \u00dccretsiz Aktarma."},"content":{"rendered":"<p style=\"text-align: justify;\"><img loading=\"lazy\" decoding=\"async\" class=\"alignnone size-full wp-image-12722\" src=\"https:\/\/elbistanhabermerkezi.com\/wp-content\/uploads\/2024\/01\/halild6.jpg\" alt=\"\" width=\"302\" height=\"202\" srcset=\"https:\/\/elbistanhabermerkezi.com\/wp-content\/uploads\/2024\/01\/halild6.jpg 302w, https:\/\/elbistanhabermerkezi.com\/wp-content\/uploads\/2024\/01\/halild6-157x105.jpg 157w, https:\/\/elbistanhabermerkezi.com\/wp-content\/uploads\/2024\/01\/halild6-232x155.jpg 232w\" sizes=\"auto, (max-width: 302px) 100vw, 302px\" \/><\/p>\n<p><img loading=\"lazy\" decoding=\"async\" class=\"alignnone size-full wp-image-22449\" src=\"https:\/\/elbistanhabermerkezi.com\/wp-content\/uploads\/2025\/12\/HALK-EKMEKG.jpg\" alt=\"\" width=\"524\" height=\"938\" srcset=\"https:\/\/elbistanhabermerkezi.com\/wp-content\/uploads\/2025\/12\/HALK-EKMEKG.jpg 524w, https:\/\/elbistanhabermerkezi.com\/wp-content\/uploads\/2025\/12\/HALK-EKMEKG-223x400.jpg 223w, https:\/\/elbistanhabermerkezi.com\/wp-content\/uploads\/2025\/12\/HALK-EKMEKG-59x105.jpg 59w, https:\/\/elbistanhabermerkezi.com\/wp-content\/uploads\/2025\/12\/HALK-EKMEKG-87x155.jpg 87w, https:\/\/elbistanhabermerkezi.com\/wp-content\/uploads\/2025\/12\/HALK-EKMEKG-123x221.jpg 123w, https:\/\/elbistanhabermerkezi.com\/wp-content\/uploads\/2025\/12\/HALK-EKMEKG-250x448.jpg 250w\" sizes=\"auto, (max-width: 524px) 100vw, 524px\" \/><\/p>\n<p><img loading=\"lazy\" decoding=\"async\" class=\"alignnone size-full wp-image-22628\" src=\"https:\/\/elbistanhabermerkezi.com\/wp-content\/uploads\/2025\/12\/Ulasim.jpeg\" alt=\"\" width=\"779\" height=\"448\" srcset=\"https:\/\/elbistanhabermerkezi.com\/wp-content\/uploads\/2025\/12\/Ulasim.jpeg 779w, https:\/\/elbistanhabermerkezi.com\/wp-content\/uploads\/2025\/12\/Ulasim-600x345.jpeg 600w, https:\/\/elbistanhabermerkezi.com\/wp-content\/uploads\/2025\/12\/Ulasim-768x442.jpeg 768w, https:\/\/elbistanhabermerkezi.com\/wp-content\/uploads\/2025\/12\/Ulasim-171x98.jpeg 171w, https:\/\/elbistanhabermerkezi.com\/wp-content\/uploads\/2025\/12\/Ulasim-270x155.jpeg 270w, https:\/\/elbistanhabermerkezi.com\/wp-content\/uploads\/2025\/12\/Ulasim-376x216.jpeg 376w\" sizes=\"auto, (max-width: 779px) 100vw, 779px\" \/><\/p>\n<p style=\"text-align: justify;\"><strong>B\u00fcy\u00fck\u015fehir Belediyesi, belirli otob\u00fcs hatlar\u0131 aras\u0131nda 70 dakika i\u00e7erisinde yap\u0131lacak aktarmalardan \u00fccret al\u0131nmayaca\u011f\u0131n\u0131 duyurdu. Hem tam kart hem de indirimli kart sahibi vatanda\u015flar \u00fccretsiz aktar\u0131m hizmetinden yararlanabilecek.<\/strong><\/p>\n<p style=\"text-align: justify;\">\n<p style=\"text-align: justify;\">\u015eehir i\u00e7i ula\u015f\u0131mda kalite ve eri\u015filebilirli\u011fi art\u0131rmaya y\u00f6nelik \u00e7al\u0131\u015fmalar\u0131n\u0131 kararl\u0131l\u0131kla s\u00fcrd\u00fcren Kahramanmara\u015f B\u00fcy\u00fck\u015fehir Belediyesi, toplu ta\u015f\u0131ma kullan\u0131c\u0131lar\u0131n\u0131 yak\u0131ndan ilgilendiren yeni bir uygulamay\u0131 daha hayata ge\u00e7irdi. Vatanda\u015flar\u0131n daha konforlu, ekonomik ve kesintisiz bir yolculuk yapabilmesini ama\u00e7layan d\u00fczenleme kapsam\u0131nda, belirli otob\u00fcs hatlar\u0131 aras\u0131nda yap\u0131lacak aktarmalar \u00fccretsiz olacak.<\/p>\n<p style=\"text-align: justify;\">\n<p style=\"text-align: justify;\"><strong>70 Dakika \u0130\u00e7inde Yap\u0131lan Aktarmalar \u00dccretsiz<\/strong><\/p>\n<p style=\"text-align: justify;\">B\u00fcy\u00fck\u015fehir Belediyesi taraf\u0131ndan yap\u0131lan a\u00e7\u0131klamada; 7 \u2013 8, 3 \u2013 18, 11 \u2013 18, 12 \u2013 18, 33 \u2013 18, 35 \u2013 16, 30B \u2013 18, 36B \u2013 18, 39B \u2013 37 ve 32B \u2013 37 numaral\u0131 hatlar aras\u0131nda 70 dakika i\u00e7erisinde ger\u00e7ekle\u015ftirilen aktarmalardan \u00fccret al\u0131nmayacak. Bu uygulama sayesinde \u00f6zellikle birden fazla ara\u00e7 kullanmak zorunda kalan vatanda\u015flar\u0131n ula\u015f\u0131m maliyetlerinin azalt\u0131lmas\u0131 ve \u015fehir i\u00e7i hareketlili\u011fin daha pratik hale getirilmesi hedefleniyor. \u00dccretsiz aktarma hizmeti, indirimli kart ve tam kart kullan\u0131c\u0131lar\u0131 i\u00e7in ge\u00e7erli olacak. Ancak uygulama; abonman kartlarda ve kredi kartlar\u0131 ile yap\u0131lan bini\u015flerde ge\u00e7erli olmayacak.<\/p>\n<p style=\"text-align: justify;\">\n<p style=\"text-align: justify;\"><strong>\u201cToplu Ta\u015f\u0131ma Standard\u0131n\u0131 Y\u00fckseltmeye Devam Ediyoruz\u201d<\/strong><\/p>\n<p style=\"text-align: justify;\">B\u00fcy\u00fck\u015fehir Belediyesinden yap\u0131lan a\u00e7\u0131klamada, \u015fehir i\u00e7i toplu ta\u015f\u0131ma hizmetlerinin hem kalite hem de fiyat a\u00e7\u0131s\u0131ndan daha ula\u015f\u0131labilir hale getirilmesi i\u00e7in \u00e7al\u0131\u015fmalar\u0131n aral\u0131ks\u0131z s\u00fcrd\u00fc\u011f\u00fc vurguland\u0131. A\u00e7\u0131klamada; vatanda\u015f memnuniyetini \u00f6nceleyen uygulamalar\u0131n artarak devam edece\u011fi, toplu ta\u015f\u0131ma altyap\u0131s\u0131n\u0131n g\u00fc\u00e7lendirilmesi ve hizmet \u00e7e\u015fitlili\u011finin art\u0131r\u0131lmas\u0131 i\u00e7in yeni projelerin de g\u00fcndemde oldu\u011fu ifade edildi.<\/p>\n<p style=\"text-align: justify;\">\n","protected":false},"excerpt":{"rendered":"<p>B\u00fcy\u00fck\u015fehir Belediyesi, belirli otob\u00fcs hatlar\u0131 aras\u0131nda 70 dakika i\u00e7erisinde yap\u0131lacak aktarmalardan \u00fccret al\u0131nmayaca\u011f\u0131n\u0131 duyurdu. Hem tam kart hem de indirimli kart sahibi vatanda\u015flar \u00fccretsiz aktar\u0131m hizmetinden yararlanabilecek. \u015eehir i\u00e7i ula\u015f\u0131mda kalite ve eri\u015filebilirli\u011fi art\u0131rmaya y\u00f6nelik \u00e7al\u0131\u015fmalar\u0131n\u0131 kararl\u0131l\u0131kla s\u00fcrd\u00fcren Kahramanmara\u015f B\u00fcy\u00fck\u015fehir Belediyesi, toplu ta\u015f\u0131ma kullan\u0131c\u0131lar\u0131n\u0131 yak\u0131ndan ilgilendiren yeni bir uygulamay\u0131 daha hayata ge\u00e7irdi. Vatanda\u015flar\u0131n daha konforlu, [&hellip;]<\/p>\n","protected":false},"author":1,"featured_media":22629,"comment_status":"open","ping_status":"open","sticky":false,"template":"","format":"standard","meta":{"_jetpack_memberships_contains_paid_content":false,"footnotes":""},"categories":[2,8],"tags":[],"class_list":["post-22627","post","type-post","status-publish","format-standard","has-post-thumbnail","hentry","category-3-sayfa","category-gundem"],"jetpack_featured_media_url":"https:\/\/elbistanhabermerkezi.com\/wp-content\/uploads\/2025\/12\/UlasimU.jpeg","jetpack_sharing_enabled":true,"_links":{"self":[{"href":"https:\/\/elbistanhabermerkezi.com\/index.php\/wp-json\/wp\/v2\/posts\/22627","targetHints":{"allow":["GET"]}}],"collection":[{"href":"https:\/\/elbistanhabermerkezi.com\/index.php\/wp-json\/wp\/v2\/posts"}],"about":[{"href":"https:\/\/elbistanhabermerkezi.com\/index.php\/wp-json\/wp\/v2\/types\/post"}],"author":[{"embeddable":true,"href":"https:\/\/elbistanhabermerkezi.com\/index.php\/wp-json\/wp\/v2\/users\/1"}],"replies":[{"embeddable":true,"href":"https:\/\/elbistanhabermerkezi.com\/index.php\/wp-json\/wp\/v2\/comments?post=22627"}],"version-history":[{"count":1,"href":"https:\/\/elbistanhabermerkezi.com\/index.php\/wp-json\/wp\/v2\/posts\/22627\/revisions"}],"predecessor-version":[{"id":22631,"href":"https:\/\/elbistanhabermerkezi.com\/index.php\/wp-json\/wp\/v2\/posts\/22627\/revisions\/22631"}],"wp:featuredmedia":[{"embeddable":true,"href":"https:\/\/elbistanhabermerkezi.com\/index.php\/wp-json\/wp\/v2\/media\/22629"}],"wp:attachment":[{"href":"https:\/\/elbistanhabermerkezi.com\/index.php\/wp-json\/wp\/v2\/media?parent=22627"}],"wp:term":[{"taxonomy":"category","embeddable":true,"href":"https:\/\/elbistanhabermerkezi.com\/index.php\/wp-json\/wp\/v2\/categories?post=22627"},{"taxonomy":"post_tag","embeddable":true,"href":"https:\/\/elbistanhabermerkezi.com\/index.php\/wp-json\/wp\/v2\/tags?post=22627"}],"curies":[{"name":"wp","href":"https:\/\/api.w.org\/{rel}","templated":true}]}}