{"id":22605,"date":"2025-12-25T14:17:49","date_gmt":"2025-12-25T14:17:49","guid":{"rendered":"https:\/\/elbistanhabermerkezi.com\/?p=22605"},"modified":"2025-12-25T14:17:49","modified_gmt":"2025-12-25T14:17:49","slug":"jandarma-bolgesinde-24-bin-933-arac-ve-surucu-kontrol-edildi","status":"publish","type":"post","link":"https:\/\/elbistanhabermerkezi.com\/index.php\/2025\/12\/25\/jandarma-bolgesinde-24-bin-933-arac-ve-surucu-kontrol-edildi\/","title":{"rendered":"Jandarma b\u00f6lgesinde 24 bin 933 ara\u00e7 ve s\u00fcr\u00fcc\u00fc kontrol edildi."},"content":{"rendered":"<p style=\"text-align: justify;\"><strong><img loading=\"lazy\" decoding=\"async\" class=\"alignnone size-full wp-image-12722\" src=\"https:\/\/elbistanhabermerkezi.com\/wp-content\/uploads\/2024\/01\/halild6.jpg\" alt=\"\" width=\"302\" height=\"202\" srcset=\"https:\/\/elbistanhabermerkezi.com\/wp-content\/uploads\/2024\/01\/halild6.jpg 302w, https:\/\/elbistanhabermerkezi.com\/wp-content\/uploads\/2024\/01\/halild6-157x105.jpg 157w, https:\/\/elbistanhabermerkezi.com\/wp-content\/uploads\/2024\/01\/halild6-232x155.jpg 232w\" sizes=\"auto, (max-width: 302px) 100vw, 302px\" \/><\/strong><\/p>\n<p><img loading=\"lazy\" decoding=\"async\" class=\"alignnone size-full wp-image-22449\" src=\"https:\/\/elbistanhabermerkezi.com\/wp-content\/uploads\/2025\/12\/HALK-EKMEKG.jpg\" alt=\"\" width=\"524\" height=\"938\" srcset=\"https:\/\/elbistanhabermerkezi.com\/wp-content\/uploads\/2025\/12\/HALK-EKMEKG.jpg 524w, https:\/\/elbistanhabermerkezi.com\/wp-content\/uploads\/2025\/12\/HALK-EKMEKG-223x400.jpg 223w, https:\/\/elbistanhabermerkezi.com\/wp-content\/uploads\/2025\/12\/HALK-EKMEKG-59x105.jpg 59w, https:\/\/elbistanhabermerkezi.com\/wp-content\/uploads\/2025\/12\/HALK-EKMEKG-87x155.jpg 87w, https:\/\/elbistanhabermerkezi.com\/wp-content\/uploads\/2025\/12\/HALK-EKMEKG-123x221.jpg 123w, https:\/\/elbistanhabermerkezi.com\/wp-content\/uploads\/2025\/12\/HALK-EKMEKG-250x448.jpg 250w\" sizes=\"auto, (max-width: 524px) 100vw, 524px\" \/><\/p>\n<p style=\"text-align: justify;\"><strong>Kahramanmara\u015f \u0130l Jandarma Komutanl\u0131\u011f\u0131nca 17-23 Aral\u0131k 2025 tarihleri aras\u0131nda<\/strong><br \/>\n<strong>icra edilen faaliyetlerde;<\/strong><\/p>\n<p style=\"text-align: justify;\"><strong>Trafik Jandarmas\u0131 Timleri taraf\u0131ndan; (24.933) ara\u00e7 ve s\u00fcr\u00fcc\u00fc kontrol edilmi\u015ftir.<\/strong><br \/>\n<strong>Sorumluluk saham\u0131zda meydana gelen trafik kazalar\u0131n\u0131n \u00f6nlenmesi maksad\u0131yla h\u0131z, emniyet<\/strong><br \/>\n<strong>kemeri kullan\u0131m\u0131, seyir halinde cep telefonu kullan\u0131m\u0131, kask kullan\u0131m\u0131 ve s\u00fcr\u00fcc\u00fc belgesiz ara\u00e7 kullanan<\/strong><br \/>\n<strong>s\u00fcr\u00fcc\u00fclere y\u00f6nelik denetimlere kararl\u0131l\u0131kla devam ediliyor.<\/strong><\/p>\n<p style=\"text-align: justify;\"><strong>Bilgilendirme faaliyetleri kapsam\u0131nda; (3.814) yol kullan\u0131c\u0131s\u0131na trafik g\u00fcvenli\u011fi konusunda<\/strong><br \/>\n<strong>bilgilendirme yap\u0131lm\u0131\u015ft\u0131r. Okul servis arac\u0131 ve s\u00fcr\u00fcc\u00fclerine y\u00f6nelik denetimler devam etmekte olup,<\/strong><br \/>\n<strong>d\u00f6nem i\u00e7erisinde (153) okul servis arac\u0131 kontrol edilerek \u015fof\u00f6rlere ve \u00f6\u011frencilere genel trafik kurallar\u0131<\/strong><br \/>\n<strong>konusunda bilgilendirme yap\u0131ld\u0131.<\/strong><\/p>\n<p style=\"text-align: justify;\"><strong>Dulkadiro\u011flu il\u00e7esinde drift yaparak trafik g\u00fcvenli\u011fini tehlikeye sokan Y.S.O. (E 21) isimli<\/strong><br \/>\n<strong>\u015fahsa 2918 say\u0131l\u0131 Karayollar\u0131 Trafik Kanunu\u2019nun 67\/1-d maddesi gere\u011fince 49.392 TL idari para<\/strong><br \/>\n<strong>cezas\u0131 uyguland\u0131. \u015eahs\u0131n s\u00fcr\u00fcc\u00fc belgesine (2) ay s\u00fcre ile ge\u00e7ici el konulmu\u015f ve olayda kulland\u0131\u011f\u0131<\/strong><br \/>\n<strong>ara\u00e7 (2) ay trafikten men edilmi\u015ftir. Ayr\u0131ca s\u00fcr\u00fcc\u00fc hakk\u0131nda trafik g\u00fcvenli\u011fini tehlikeye sokmak<\/strong><br \/>\n<strong>su\u00e7undan adli tahkikata ba\u015fland\u0131.<\/strong><\/p>\n<p style=\"text-align: justify;\"><img loading=\"lazy\" decoding=\"async\" class=\"alignnone size-full wp-image-22607\" src=\"https:\/\/elbistanhabermerkezi.com\/wp-content\/uploads\/2025\/12\/WhatsApp-Image-2025-12-25-at-15.11.33-1.jpeg\" alt=\"\" width=\"1434\" height=\"1076\" srcset=\"https:\/\/elbistanhabermerkezi.com\/wp-content\/uploads\/2025\/12\/WhatsApp-Image-2025-12-25-at-15.11.33-1.jpeg 1434w, https:\/\/elbistanhabermerkezi.com\/wp-content\/uploads\/2025\/12\/WhatsApp-Image-2025-12-25-at-15.11.33-1-533x400.jpeg 533w, https:\/\/elbistanhabermerkezi.com\/wp-content\/uploads\/2025\/12\/WhatsApp-Image-2025-12-25-at-15.11.33-1-1024x768.jpeg 1024w, https:\/\/elbistanhabermerkezi.com\/wp-content\/uploads\/2025\/12\/WhatsApp-Image-2025-12-25-at-15.11.33-1-768x576.jpeg 768w, https:\/\/elbistanhabermerkezi.com\/wp-content\/uploads\/2025\/12\/WhatsApp-Image-2025-12-25-at-15.11.33-1-140x105.jpeg 140w, https:\/\/elbistanhabermerkezi.com\/wp-content\/uploads\/2025\/12\/WhatsApp-Image-2025-12-25-at-15.11.33-1-207x155.jpeg 207w, https:\/\/elbistanhabermerkezi.com\/wp-content\/uploads\/2025\/12\/WhatsApp-Image-2025-12-25-at-15.11.33-1-295x221.jpeg 295w, https:\/\/elbistanhabermerkezi.com\/wp-content\/uploads\/2025\/12\/WhatsApp-Image-2025-12-25-at-15.11.33-1-597x448.jpeg 597w\" sizes=\"auto, (max-width: 1434px) 100vw, 1434px\" \/> <img loading=\"lazy\" decoding=\"async\" class=\"alignnone size-full wp-image-22608\" src=\"https:\/\/elbistanhabermerkezi.com\/wp-content\/uploads\/2025\/12\/WhatsApp-Image-2025-12-25-at-15.11.33.jpeg\" alt=\"\" width=\"1600\" height=\"1200\" srcset=\"https:\/\/elbistanhabermerkezi.com\/wp-content\/uploads\/2025\/12\/WhatsApp-Image-2025-12-25-at-15.11.33.jpeg 1600w, https:\/\/elbistanhabermerkezi.com\/wp-content\/uploads\/2025\/12\/WhatsApp-Image-2025-12-25-at-15.11.33-533x400.jpeg 533w, https:\/\/elbistanhabermerkezi.com\/wp-content\/uploads\/2025\/12\/WhatsApp-Image-2025-12-25-at-15.11.33-1024x768.jpeg 1024w, https:\/\/elbistanhabermerkezi.com\/wp-content\/uploads\/2025\/12\/WhatsApp-Image-2025-12-25-at-15.11.33-768x576.jpeg 768w, https:\/\/elbistanhabermerkezi.com\/wp-content\/uploads\/2025\/12\/WhatsApp-Image-2025-12-25-at-15.11.33-1536x1152.jpeg 1536w, https:\/\/elbistanhabermerkezi.com\/wp-content\/uploads\/2025\/12\/WhatsApp-Image-2025-12-25-at-15.11.33-140x105.jpeg 140w, https:\/\/elbistanhabermerkezi.com\/wp-content\/uploads\/2025\/12\/WhatsApp-Image-2025-12-25-at-15.11.33-207x155.jpeg 207w, https:\/\/elbistanhabermerkezi.com\/wp-content\/uploads\/2025\/12\/WhatsApp-Image-2025-12-25-at-15.11.33-295x221.jpeg 295w, https:\/\/elbistanhabermerkezi.com\/wp-content\/uploads\/2025\/12\/WhatsApp-Image-2025-12-25-at-15.11.33-597x448.jpeg 597w\" sizes=\"auto, (max-width: 1600px) 100vw, 1600px\" \/> <img loading=\"lazy\" decoding=\"async\" class=\"alignnone size-full wp-image-22609\" src=\"https:\/\/elbistanhabermerkezi.com\/wp-content\/uploads\/2025\/12\/WhatsApp-Image-2025-12-25-at-15.11.34-4.jpeg\" alt=\"\" width=\"1600\" height=\"1200\" srcset=\"https:\/\/elbistanhabermerkezi.com\/wp-content\/uploads\/2025\/12\/WhatsApp-Image-2025-12-25-at-15.11.34-4.jpeg 1600w, https:\/\/elbistanhabermerkezi.com\/wp-content\/uploads\/2025\/12\/WhatsApp-Image-2025-12-25-at-15.11.34-4-533x400.jpeg 533w, https:\/\/elbistanhabermerkezi.com\/wp-content\/uploads\/2025\/12\/WhatsApp-Image-2025-12-25-at-15.11.34-4-1024x768.jpeg 1024w, https:\/\/elbistanhabermerkezi.com\/wp-content\/uploads\/2025\/12\/WhatsApp-Image-2025-12-25-at-15.11.34-4-768x576.jpeg 768w, https:\/\/elbistanhabermerkezi.com\/wp-content\/uploads\/2025\/12\/WhatsApp-Image-2025-12-25-at-15.11.34-4-1536x1152.jpeg 1536w, https:\/\/elbistanhabermerkezi.com\/wp-content\/uploads\/2025\/12\/WhatsApp-Image-2025-12-25-at-15.11.34-4-140x105.jpeg 140w, https:\/\/elbistanhabermerkezi.com\/wp-content\/uploads\/2025\/12\/WhatsApp-Image-2025-12-25-at-15.11.34-4-207x155.jpeg 207w, https:\/\/elbistanhabermerkezi.com\/wp-content\/uploads\/2025\/12\/WhatsApp-Image-2025-12-25-at-15.11.34-4-295x221.jpeg 295w, https:\/\/elbistanhabermerkezi.com\/wp-content\/uploads\/2025\/12\/WhatsApp-Image-2025-12-25-at-15.11.34-4-597x448.jpeg 597w\" sizes=\"auto, (max-width: 1600px) 100vw, 1600px\" \/> <img loading=\"lazy\" decoding=\"async\" class=\"alignnone size-full wp-image-22610\" src=\"https:\/\/elbistanhabermerkezi.com\/wp-content\/uploads\/2025\/12\/WhatsApp-Image-2025-12-25-at-15.11.34.jpeg\" alt=\"\" width=\"1600\" height=\"1200\" srcset=\"https:\/\/elbistanhabermerkezi.com\/wp-content\/uploads\/2025\/12\/WhatsApp-Image-2025-12-25-at-15.11.34.jpeg 1600w, https:\/\/elbistanhabermerkezi.com\/wp-content\/uploads\/2025\/12\/WhatsApp-Image-2025-12-25-at-15.11.34-533x400.jpeg 533w, https:\/\/elbistanhabermerkezi.com\/wp-content\/uploads\/2025\/12\/WhatsApp-Image-2025-12-25-at-15.11.34-1024x768.jpeg 1024w, https:\/\/elbistanhabermerkezi.com\/wp-content\/uploads\/2025\/12\/WhatsApp-Image-2025-12-25-at-15.11.34-768x576.jpeg 768w, https:\/\/elbistanhabermerkezi.com\/wp-content\/uploads\/2025\/12\/WhatsApp-Image-2025-12-25-at-15.11.34-1536x1152.jpeg 1536w, https:\/\/elbistanhabermerkezi.com\/wp-content\/uploads\/2025\/12\/WhatsApp-Image-2025-12-25-at-15.11.34-140x105.jpeg 140w, https:\/\/elbistanhabermerkezi.com\/wp-content\/uploads\/2025\/12\/WhatsApp-Image-2025-12-25-at-15.11.34-207x155.jpeg 207w, https:\/\/elbistanhabermerkezi.com\/wp-content\/uploads\/2025\/12\/WhatsApp-Image-2025-12-25-at-15.11.34-295x221.jpeg 295w, https:\/\/elbistanhabermerkezi.com\/wp-content\/uploads\/2025\/12\/WhatsApp-Image-2025-12-25-at-15.11.34-597x448.jpeg 597w\" sizes=\"auto, (max-width: 1600px) 100vw, 1600px\" \/><\/p>\n","protected":false},"excerpt":{"rendered":"<p>Kahramanmara\u015f \u0130l Jandarma Komutanl\u0131\u011f\u0131nca 17-23 Aral\u0131k 2025 tarihleri aras\u0131nda icra edilen faaliyetlerde; Trafik Jandarmas\u0131 Timleri taraf\u0131ndan; (24.933) ara\u00e7 ve s\u00fcr\u00fcc\u00fc kontrol edilmi\u015ftir. Sorumluluk saham\u0131zda meydana gelen trafik kazalar\u0131n\u0131n \u00f6nlenmesi maksad\u0131yla h\u0131z, emniyet kemeri kullan\u0131m\u0131, seyir halinde cep telefonu kullan\u0131m\u0131, kask kullan\u0131m\u0131 ve s\u00fcr\u00fcc\u00fc belgesiz ara\u00e7 kullanan s\u00fcr\u00fcc\u00fclere y\u00f6nelik denetimlere kararl\u0131l\u0131kla devam ediliyor. Bilgilendirme faaliyetleri kapsam\u0131nda; [&hellip;]<\/p>\n","protected":false},"author":1,"featured_media":22612,"comment_status":"open","ping_status":"open","sticky":false,"template":"","format":"standard","meta":{"_jetpack_memberships_contains_paid_content":false,"footnotes":""},"categories":[2,678,8],"tags":[],"class_list":["post-22605","post","type-post","status-publish","format-standard","has-post-thumbnail","hentry","category-3-sayfa","category-asayis","category-gundem"],"jetpack_featured_media_url":"https:\/\/elbistanhabermerkezi.com\/wp-content\/uploads\/2025\/12\/WhatsApp-Image-2025-12-25-at-15.11.33i.jpeg","jetpack_sharing_enabled":true,"_links":{"self":[{"href":"https:\/\/elbistanhabermerkezi.com\/index.php\/wp-json\/wp\/v2\/posts\/22605","targetHints":{"allow":["GET"]}}],"collection":[{"href":"https:\/\/elbistanhabermerkezi.com\/index.php\/wp-json\/wp\/v2\/posts"}],"about":[{"href":"https:\/\/elbistanhabermerkezi.com\/index.php\/wp-json\/wp\/v2\/types\/post"}],"author":[{"embeddable":true,"href":"https:\/\/elbistanhabermerkezi.com\/index.php\/wp-json\/wp\/v2\/users\/1"}],"replies":[{"embeddable":true,"href":"https:\/\/elbistanhabermerkezi.com\/index.php\/wp-json\/wp\/v2\/comments?post=22605"}],"version-history":[{"count":2,"href":"https:\/\/elbistanhabermerkezi.com\/index.php\/wp-json\/wp\/v2\/posts\/22605\/revisions"}],"predecessor-version":[{"id":22614,"href":"https:\/\/elbistanhabermerkezi.com\/index.php\/wp-json\/wp\/v2\/posts\/22605\/revisions\/22614"}],"wp:featuredmedia":[{"embeddable":true,"href":"https:\/\/elbistanhabermerkezi.com\/index.php\/wp-json\/wp\/v2\/media\/22612"}],"wp:attachment":[{"href":"https:\/\/elbistanhabermerkezi.com\/index.php\/wp-json\/wp\/v2\/media?parent=22605"}],"wp:term":[{"taxonomy":"category","embeddable":true,"href":"https:\/\/elbistanhabermerkezi.com\/index.php\/wp-json\/wp\/v2\/categories?post=22605"},{"taxonomy":"post_tag","embeddable":true,"href":"https:\/\/elbistanhabermerkezi.com\/index.php\/wp-json\/wp\/v2\/tags?post=22605"}],"curies":[{"name":"wp","href":"https:\/\/api.w.org\/{rel}","templated":true}]}}