{"id":22521,"date":"2025-12-20T10:08:39","date_gmt":"2025-12-20T10:08:39","guid":{"rendered":"https:\/\/elbistanhabermerkezi.com\/?p=22521"},"modified":"2025-12-20T10:08:39","modified_gmt":"2025-12-20T10:08:39","slug":"buyuksehirden-miniklere-tiyatro-soleni-uykusuz-kral-sahneye-cikiyor","status":"publish","type":"post","link":"https:\/\/elbistanhabermerkezi.com\/index.php\/2025\/12\/20\/buyuksehirden-miniklere-tiyatro-soleni-uykusuz-kral-sahneye-cikiyor\/","title":{"rendered":"B\u00fcy\u00fck\u015fehir\u2019den Miniklere Tiyatro \u015e\u00f6leni: \u201cUykusuz Kral\u201d Sahneye \u00c7\u0131k\u0131yor."},"content":{"rendered":"<p style=\"text-align: justify;\"><img loading=\"lazy\" decoding=\"async\" class=\"alignnone size-full wp-image-15355\" src=\"https:\/\/elbistanhabermerkezi.com\/wp-content\/uploads\/2024\/07\/ALIDOGAN.jpg\" alt=\"\" width=\"302\" height=\"302\" srcset=\"https:\/\/elbistanhabermerkezi.com\/wp-content\/uploads\/2024\/07\/ALIDOGAN.jpg 302w, https:\/\/elbistanhabermerkezi.com\/wp-content\/uploads\/2024\/07\/ALIDOGAN-105x105.jpg 105w, https:\/\/elbistanhabermerkezi.com\/wp-content\/uploads\/2024\/07\/ALIDOGAN-155x155.jpg 155w, https:\/\/elbistanhabermerkezi.com\/wp-content\/uploads\/2024\/07\/ALIDOGAN-221x221.jpg 221w\" sizes=\"auto, (max-width: 302px) 100vw, 302px\" \/><\/p>\n<p style=\"text-align: justify;\"><img loading=\"lazy\" decoding=\"async\" class=\"alignnone size-full wp-image-22449\" src=\"https:\/\/elbistanhabermerkezi.com\/wp-content\/uploads\/2025\/12\/HALK-EKMEKG.jpg\" alt=\"\" width=\"524\" height=\"938\" srcset=\"https:\/\/elbistanhabermerkezi.com\/wp-content\/uploads\/2025\/12\/HALK-EKMEKG.jpg 524w, https:\/\/elbistanhabermerkezi.com\/wp-content\/uploads\/2025\/12\/HALK-EKMEKG-223x400.jpg 223w, https:\/\/elbistanhabermerkezi.com\/wp-content\/uploads\/2025\/12\/HALK-EKMEKG-59x105.jpg 59w, https:\/\/elbistanhabermerkezi.com\/wp-content\/uploads\/2025\/12\/HALK-EKMEKG-87x155.jpg 87w, https:\/\/elbistanhabermerkezi.com\/wp-content\/uploads\/2025\/12\/HALK-EKMEKG-123x221.jpg 123w, https:\/\/elbistanhabermerkezi.com\/wp-content\/uploads\/2025\/12\/HALK-EKMEKG-250x448.jpg 250w\" sizes=\"auto, (max-width: 524px) 100vw, 524px\" \/><\/p>\n<p style=\"text-align: justify;\"><strong>B\u00fcy\u00fck\u015fehir Belediyesi, 21 Aral\u0131k Pazar g\u00fcn\u00fc \u201cUykusuz Kral\u201d adl\u0131 tiyatro oyununu NFK K\u00fclt\u00fcr Merkezi\u2019nde \u00e7ocuklarla bulu\u015fturacak. \u00dccretsiz olarak sahnelenecek g\u00f6steriye t\u00fcm \u00e7ocuklar davet edildi.<\/strong><\/p>\n<p style=\"text-align: justify;\">\n<p style=\"text-align: justify;\">Sosyal belediyecilik anlay\u0131\u015f\u0131yla toplumun her kesimine y\u00f6nelik faaliyetlerini aral\u0131ks\u0131z s\u00fcrd\u00fcren Kahramanmara\u015f B\u00fcy\u00fck\u015fehir Belediyesi, \u00e7ocuklar\u0131n k\u00fclt\u00fcrel ve sanatsal geli\u015fimine katk\u0131 sa\u011flayacak etkinliklere \u00f6zel \u00f6nem vermeye devam ediyor. Bu kapsamda B\u00fcy\u00fck\u015fehir Belediyesi, \u00e7ocuklar\u0131 tiyatronun b\u00fcy\u00fcl\u00fc d\u00fcnyas\u0131yla bulu\u015fturacak \u00f6zel bir etkinli\u011fi daha hayata ge\u00e7iriyor. Birbirinden e\u011flenceli ve \u00f6\u011fretici i\u00e7erikleriyle dikkat \u00e7eken \u00e7ocuk etkinliklerine bir yenisini ekleyen B\u00fcy\u00fck\u015fehir Belediyesi, sevilen tiyatro oyunu \u201cUykusuz Kral\u201d\u0131 minik izleyicilerle bulu\u015fturacak. \u00c7ocuklar\u0131n hayal g\u00fcc\u00fcn\u00fc geli\u015ftirmeyi, e\u011flenirken \u00f6\u011frenmelerini sa\u011flamay\u0131 ama\u00e7layan oyun, keyifli sahneleri ve verdi\u011fi mesajlarla izleyenlere unutulmaz anlar ya\u015fatacak. Tiyatro oyunu, 21 Aral\u0131k Pazar g\u00fcn\u00fc Necip Faz\u0131l K\u0131sak\u00fcrek K\u00fclt\u00fcr Merkezi\u2019nde sahnelenecek. G\u00f6sterim, 13.00 ve 15.00 saatlerinde olmak \u00fczere iki seans halinde izleyiciyle bulu\u015facak. B\u00fcy\u00fck\u015fehir Belediyesinden yap\u0131lan a\u00e7\u0131klamada, etkinli\u011fin \u00fccretsiz olarak ger\u00e7ekle\u015ftirilece\u011fi belirtilerek t\u00fcm \u00e7ocuklar ve aileleri bu renkli tiyatro \u015f\u00f6lenine davet edildi.<\/p>\n<p style=\"text-align: justify;\"><img loading=\"lazy\" decoding=\"async\" class=\"alignnone size-full wp-image-22522\" src=\"https:\/\/elbistanhabermerkezi.com\/wp-content\/uploads\/2025\/12\/Cocuk-Tiyatrosu.jpeg\" alt=\"\" width=\"779\" height=\"448\" srcset=\"https:\/\/elbistanhabermerkezi.com\/wp-content\/uploads\/2025\/12\/Cocuk-Tiyatrosu.jpeg 779w, https:\/\/elbistanhabermerkezi.com\/wp-content\/uploads\/2025\/12\/Cocuk-Tiyatrosu-600x345.jpeg 600w, https:\/\/elbistanhabermerkezi.com\/wp-content\/uploads\/2025\/12\/Cocuk-Tiyatrosu-768x442.jpeg 768w, https:\/\/elbistanhabermerkezi.com\/wp-content\/uploads\/2025\/12\/Cocuk-Tiyatrosu-171x98.jpeg 171w, https:\/\/elbistanhabermerkezi.com\/wp-content\/uploads\/2025\/12\/Cocuk-Tiyatrosu-270x155.jpeg 270w, https:\/\/elbistanhabermerkezi.com\/wp-content\/uploads\/2025\/12\/Cocuk-Tiyatrosu-376x216.jpeg 376w\" sizes=\"auto, (max-width: 779px) 100vw, 779px\" \/><\/p>\n","protected":false},"excerpt":{"rendered":"<p>B\u00fcy\u00fck\u015fehir Belediyesi, 21 Aral\u0131k Pazar g\u00fcn\u00fc \u201cUykusuz Kral\u201d adl\u0131 tiyatro oyununu NFK K\u00fclt\u00fcr Merkezi\u2019nde \u00e7ocuklarla bulu\u015fturacak. \u00dccretsiz olarak sahnelenecek g\u00f6steriye t\u00fcm \u00e7ocuklar davet edildi. Sosyal belediyecilik anlay\u0131\u015f\u0131yla toplumun her kesimine y\u00f6nelik faaliyetlerini aral\u0131ks\u0131z s\u00fcrd\u00fcren Kahramanmara\u015f B\u00fcy\u00fck\u015fehir Belediyesi, \u00e7ocuklar\u0131n k\u00fclt\u00fcrel ve sanatsal geli\u015fimine katk\u0131 sa\u011flayacak etkinliklere \u00f6zel \u00f6nem vermeye devam ediyor. Bu kapsamda B\u00fcy\u00fck\u015fehir Belediyesi, \u00e7ocuklar\u0131 [&hellip;]<\/p>\n","protected":false},"author":1,"featured_media":22523,"comment_status":"open","ping_status":"open","sticky":false,"template":"","format":"standard","meta":{"_jetpack_memberships_contains_paid_content":false,"footnotes":""},"categories":[2,8],"tags":[],"class_list":["post-22521","post","type-post","status-publish","format-standard","has-post-thumbnail","hentry","category-3-sayfa","category-gundem"],"jetpack_featured_media_url":"https:\/\/elbistanhabermerkezi.com\/wp-content\/uploads\/2025\/12\/Cocuk-TiyatrosuI.jpeg","jetpack_sharing_enabled":true,"_links":{"self":[{"href":"https:\/\/elbistanhabermerkezi.com\/index.php\/wp-json\/wp\/v2\/posts\/22521","targetHints":{"allow":["GET"]}}],"collection":[{"href":"https:\/\/elbistanhabermerkezi.com\/index.php\/wp-json\/wp\/v2\/posts"}],"about":[{"href":"https:\/\/elbistanhabermerkezi.com\/index.php\/wp-json\/wp\/v2\/types\/post"}],"author":[{"embeddable":true,"href":"https:\/\/elbistanhabermerkezi.com\/index.php\/wp-json\/wp\/v2\/users\/1"}],"replies":[{"embeddable":true,"href":"https:\/\/elbistanhabermerkezi.com\/index.php\/wp-json\/wp\/v2\/comments?post=22521"}],"version-history":[{"count":1,"href":"https:\/\/elbistanhabermerkezi.com\/index.php\/wp-json\/wp\/v2\/posts\/22521\/revisions"}],"predecessor-version":[{"id":22525,"href":"https:\/\/elbistanhabermerkezi.com\/index.php\/wp-json\/wp\/v2\/posts\/22521\/revisions\/22525"}],"wp:featuredmedia":[{"embeddable":true,"href":"https:\/\/elbistanhabermerkezi.com\/index.php\/wp-json\/wp\/v2\/media\/22523"}],"wp:attachment":[{"href":"https:\/\/elbistanhabermerkezi.com\/index.php\/wp-json\/wp\/v2\/media?parent=22521"}],"wp:term":[{"taxonomy":"category","embeddable":true,"href":"https:\/\/elbistanhabermerkezi.com\/index.php\/wp-json\/wp\/v2\/categories?post=22521"},{"taxonomy":"post_tag","embeddable":true,"href":"https:\/\/elbistanhabermerkezi.com\/index.php\/wp-json\/wp\/v2\/tags?post=22521"}],"curies":[{"name":"wp","href":"https:\/\/api.w.org\/{rel}","templated":true}]}}