{"id":22480,"date":"2025-12-15T08:09:43","date_gmt":"2025-12-15T08:09:43","guid":{"rendered":"https:\/\/elbistanhabermerkezi.com\/?p=22480"},"modified":"2025-12-15T08:09:43","modified_gmt":"2025-12-15T08:09:43","slug":"olu-ozanlar-dernegi-sanatseverler-tarafindan-buyuk-ilgi-gordu","status":"publish","type":"post","link":"https:\/\/elbistanhabermerkezi.com\/index.php\/2025\/12\/15\/olu-ozanlar-dernegi-sanatseverler-tarafindan-buyuk-ilgi-gordu\/","title":{"rendered":"\u201c\u00d6l\u00fc Ozanlar Derne\u011fi\u201d Sanatseverler Taraf\u0131ndan B\u00fcy\u00fck \u0130lgi G\u00f6rd\u00fc."},"content":{"rendered":"<p style=\"text-align: justify;\"><img loading=\"lazy\" decoding=\"async\" class=\"alignnone size-full wp-image-15355\" src=\"https:\/\/elbistanhabermerkezi.com\/wp-content\/uploads\/2024\/07\/ALIDOGAN.jpg\" alt=\"\" width=\"302\" height=\"302\" srcset=\"https:\/\/elbistanhabermerkezi.com\/wp-content\/uploads\/2024\/07\/ALIDOGAN.jpg 302w, https:\/\/elbistanhabermerkezi.com\/wp-content\/uploads\/2024\/07\/ALIDOGAN-105x105.jpg 105w, https:\/\/elbistanhabermerkezi.com\/wp-content\/uploads\/2024\/07\/ALIDOGAN-155x155.jpg 155w, https:\/\/elbistanhabermerkezi.com\/wp-content\/uploads\/2024\/07\/ALIDOGAN-221x221.jpg 221w\" sizes=\"auto, (max-width: 302px) 100vw, 302px\" \/><\/p>\n<p style=\"text-align: justify;\"><img loading=\"lazy\" decoding=\"async\" class=\"alignnone size-full wp-image-22449\" src=\"https:\/\/elbistanhabermerkezi.com\/wp-content\/uploads\/2025\/12\/HALK-EKMEKG.jpg\" alt=\"\" width=\"524\" height=\"938\" srcset=\"https:\/\/elbistanhabermerkezi.com\/wp-content\/uploads\/2025\/12\/HALK-EKMEKG.jpg 524w, https:\/\/elbistanhabermerkezi.com\/wp-content\/uploads\/2025\/12\/HALK-EKMEKG-223x400.jpg 223w, https:\/\/elbistanhabermerkezi.com\/wp-content\/uploads\/2025\/12\/HALK-EKMEKG-59x105.jpg 59w, https:\/\/elbistanhabermerkezi.com\/wp-content\/uploads\/2025\/12\/HALK-EKMEKG-87x155.jpg 87w, https:\/\/elbistanhabermerkezi.com\/wp-content\/uploads\/2025\/12\/HALK-EKMEKG-123x221.jpg 123w, https:\/\/elbistanhabermerkezi.com\/wp-content\/uploads\/2025\/12\/HALK-EKMEKG-250x448.jpg 250w\" sizes=\"auto, (max-width: 524px) 100vw, 524px\" \/><\/p>\n<p style=\"text-align: justify;\"><strong>B\u00fcy\u00fck\u015fehir Belediyesi, \u2018\u00d6l\u00fc Ozanlar Derne\u011fi\u2019 adl\u0131 tiyatro g\u00f6sterisini NFK K\u00fclt\u00fcr Merkezi\u2019nde sanatseverlerle bulu\u015fturdu. Sanatseverler, d\u00fczenlenen g\u00f6steriye yo\u011fun ilgi g\u00f6sterdi. <\/strong><\/p>\n<p style=\"text-align: justify;\">\n<p style=\"text-align: justify;\">Kahramanmara\u015f B\u00fcy\u00fck\u015fehir Belediyesi, T\u00fcrkiye\u2019nin ilk UNESCO Edebiyat \u015eehri kimli\u011fini g\u00fc\u00e7lendiren k\u00fclt\u00fcr-sanat faaliyetlerine her ge\u00e7en g\u00fcn yenilerini eklemeye devam ediyor. Mevl\u00e2na \u0130dris K\u00fclt\u00fcr Sanat Sezonu kapsam\u0131nda d\u00fczenlenen programda, sanatseverler etkileyici bir tiyatro g\u00f6sterisiyle bulu\u015ftu.<\/p>\n<p style=\"text-align: justify;\">\n<p style=\"text-align: justify;\"><strong>Usta Kadro, Etkileyici Uyarlama<\/strong><\/p>\n<p style=\"text-align: justify;\">Amerikal\u0131 yazar H. Kleinbaum\u2019un eserinden sahneye uyarlanan, y\u00f6netmenli\u011fini Hakan Alt\u0131ner\u2019in \u00fcstlendi\u011fi; Hakan Alt\u0131ner, Tayfun Y\u0131lmaz ve Kahraman Sivri gibi deneyimli oyuncular\u0131n rol ald\u0131\u011f\u0131 \u201c\u00d6l\u00fc Ozanlar Derne\u011fi\u201d oyunu, Necip Faz\u0131l K\u0131sak\u00fcrek K\u00fclt\u00fcr Merkezi\u2019nde sahnelendi. Ergenlik \u00e7a\u011f\u0131ndaki birka\u00e7 gencin a\u015f\u0131r\u0131 disiplinli bir yat\u0131l\u0131 okulda ge\u00e7en hik\u00e2yeleri, okul ve aileler taraf\u0131ndan \u00fcstlerine y\u00fcklenen ba\u015far\u0131l\u0131 olma sorumlulu\u011fu, ailelerinin onlar i\u00e7in se\u00e7ti\u011fi gelece\u011fi ya\u015famakla kendi istediklerini yapabilmenin \u00f6n\u00fcndeki engeller ve bunlarla ba\u015fa \u00e7\u0131kma y\u00f6ntemlerini konu alan g\u00f6steriye k\u00fclt\u00fcr sanat dostlar\u0131 yo\u011fun ilgi g\u00f6sterdi<\/p>\n<p style=\"text-align: justify;\">\n<p style=\"text-align: justify;\"><strong>Dakikalarca Alk\u0131\u015flanan Performans<\/strong><\/p>\n<p style=\"text-align: justify;\">Oyuncular\u0131n sahne hakimiyeti, karakterlere katt\u0131klar\u0131 derinlik ve duygusal yo\u011funluk, salonu dolduran sanatseverlerden uzun s\u00fcre alk\u0131\u015f ald\u0131. G\u00f6steri sonunda bir\u00e7ok kat\u0131l\u0131mc\u0131, etkinli\u011fin \u015fehre kazand\u0131rd\u0131\u011f\u0131 k\u00fclt\u00fcrel de\u011feri vurgulayarak B\u00fcy\u00fck\u015fehir Belediyesi\u2019ne te\u015fekk\u00fcrlerini iletti.<\/p>\n<p style=\"text-align: justify;\"><img loading=\"lazy\" decoding=\"async\" class=\"alignnone size-full wp-image-22481\" src=\"https:\/\/elbistanhabermerkezi.com\/wp-content\/uploads\/2025\/12\/Olu-Ozanlar-Dernegi-2.jpg\" alt=\"\" width=\"600\" height=\"338\" srcset=\"https:\/\/elbistanhabermerkezi.com\/wp-content\/uploads\/2025\/12\/Olu-Ozanlar-Dernegi-2.jpg 600w, https:\/\/elbistanhabermerkezi.com\/wp-content\/uploads\/2025\/12\/Olu-Ozanlar-Dernegi-2-171x96.jpg 171w, https:\/\/elbistanhabermerkezi.com\/wp-content\/uploads\/2025\/12\/Olu-Ozanlar-Dernegi-2-275x155.jpg 275w, https:\/\/elbistanhabermerkezi.com\/wp-content\/uploads\/2025\/12\/Olu-Ozanlar-Dernegi-2-376x212.jpg 376w\" sizes=\"auto, (max-width: 600px) 100vw, 600px\" \/> <img loading=\"lazy\" decoding=\"async\" class=\"alignnone size-full wp-image-22482\" src=\"https:\/\/elbistanhabermerkezi.com\/wp-content\/uploads\/2025\/12\/Olu-Ozanlar-Dernegi-4O.jpg\" alt=\"\" width=\"779\" height=\"448\" srcset=\"https:\/\/elbistanhabermerkezi.com\/wp-content\/uploads\/2025\/12\/Olu-Ozanlar-Dernegi-4O.jpg 779w, https:\/\/elbistanhabermerkezi.com\/wp-content\/uploads\/2025\/12\/Olu-Ozanlar-Dernegi-4O-600x345.jpg 600w, https:\/\/elbistanhabermerkezi.com\/wp-content\/uploads\/2025\/12\/Olu-Ozanlar-Dernegi-4O-768x442.jpg 768w, https:\/\/elbistanhabermerkezi.com\/wp-content\/uploads\/2025\/12\/Olu-Ozanlar-Dernegi-4O-171x98.jpg 171w, https:\/\/elbistanhabermerkezi.com\/wp-content\/uploads\/2025\/12\/Olu-Ozanlar-Dernegi-4O-270x155.jpg 270w, https:\/\/elbistanhabermerkezi.com\/wp-content\/uploads\/2025\/12\/Olu-Ozanlar-Dernegi-4O-376x216.jpg 376w\" sizes=\"auto, (max-width: 779px) 100vw, 779px\" \/> <img loading=\"lazy\" decoding=\"async\" class=\"alignnone size-full wp-image-22485\" src=\"https:\/\/elbistanhabermerkezi.com\/wp-content\/uploads\/2025\/12\/Olu-Ozanlar-Dernegi-5.jpg\" alt=\"\" width=\"600\" height=\"338\" srcset=\"https:\/\/elbistanhabermerkezi.com\/wp-content\/uploads\/2025\/12\/Olu-Ozanlar-Dernegi-5.jpg 600w, https:\/\/elbistanhabermerkezi.com\/wp-content\/uploads\/2025\/12\/Olu-Ozanlar-Dernegi-5-171x96.jpg 171w, https:\/\/elbistanhabermerkezi.com\/wp-content\/uploads\/2025\/12\/Olu-Ozanlar-Dernegi-5-275x155.jpg 275w, https:\/\/elbistanhabermerkezi.com\/wp-content\/uploads\/2025\/12\/Olu-Ozanlar-Dernegi-5-376x212.jpg 376w\" sizes=\"auto, (max-width: 600px) 100vw, 600px\" \/> <img loading=\"lazy\" decoding=\"async\" class=\"alignnone size-full wp-image-22486\" src=\"https:\/\/elbistanhabermerkezi.com\/wp-content\/uploads\/2025\/12\/Olu-Ozanlar-Dernegi-7.jpg\" alt=\"\" width=\"600\" height=\"338\" srcset=\"https:\/\/elbistanhabermerkezi.com\/wp-content\/uploads\/2025\/12\/Olu-Ozanlar-Dernegi-7.jpg 600w, https:\/\/elbistanhabermerkezi.com\/wp-content\/uploads\/2025\/12\/Olu-Ozanlar-Dernegi-7-171x96.jpg 171w, https:\/\/elbistanhabermerkezi.com\/wp-content\/uploads\/2025\/12\/Olu-Ozanlar-Dernegi-7-275x155.jpg 275w, https:\/\/elbistanhabermerkezi.com\/wp-content\/uploads\/2025\/12\/Olu-Ozanlar-Dernegi-7-376x212.jpg 376w\" sizes=\"auto, (max-width: 600px) 100vw, 600px\" \/><\/p>\n","protected":false},"excerpt":{"rendered":"<p>B\u00fcy\u00fck\u015fehir Belediyesi, \u2018\u00d6l\u00fc Ozanlar Derne\u011fi\u2019 adl\u0131 tiyatro g\u00f6sterisini NFK K\u00fclt\u00fcr Merkezi\u2019nde sanatseverlerle bulu\u015fturdu. Sanatseverler, d\u00fczenlenen g\u00f6steriye yo\u011fun ilgi g\u00f6sterdi. Kahramanmara\u015f B\u00fcy\u00fck\u015fehir Belediyesi, T\u00fcrkiye\u2019nin ilk UNESCO Edebiyat \u015eehri kimli\u011fini g\u00fc\u00e7lendiren k\u00fclt\u00fcr-sanat faaliyetlerine her ge\u00e7en g\u00fcn yenilerini eklemeye devam ediyor. Mevl\u00e2na \u0130dris K\u00fclt\u00fcr Sanat Sezonu kapsam\u0131nda d\u00fczenlenen programda, sanatseverler etkileyici bir tiyatro g\u00f6sterisiyle bulu\u015ftu. Usta Kadro, Etkileyici [&hellip;]<\/p>\n","protected":false},"author":1,"featured_media":22483,"comment_status":"open","ping_status":"open","sticky":false,"template":"","format":"standard","meta":{"_jetpack_memberships_contains_paid_content":false,"footnotes":""},"categories":[2,8],"tags":[],"class_list":["post-22480","post","type-post","status-publish","format-standard","has-post-thumbnail","hentry","category-3-sayfa","category-gundem"],"jetpack_featured_media_url":"https:\/\/elbistanhabermerkezi.com\/wp-content\/uploads\/2025\/12\/Olu-Ozanlar-Dernegi-4OI.jpg","jetpack_sharing_enabled":true,"_links":{"self":[{"href":"https:\/\/elbistanhabermerkezi.com\/index.php\/wp-json\/wp\/v2\/posts\/22480","targetHints":{"allow":["GET"]}}],"collection":[{"href":"https:\/\/elbistanhabermerkezi.com\/index.php\/wp-json\/wp\/v2\/posts"}],"about":[{"href":"https:\/\/elbistanhabermerkezi.com\/index.php\/wp-json\/wp\/v2\/types\/post"}],"author":[{"embeddable":true,"href":"https:\/\/elbistanhabermerkezi.com\/index.php\/wp-json\/wp\/v2\/users\/1"}],"replies":[{"embeddable":true,"href":"https:\/\/elbistanhabermerkezi.com\/index.php\/wp-json\/wp\/v2\/comments?post=22480"}],"version-history":[{"count":1,"href":"https:\/\/elbistanhabermerkezi.com\/index.php\/wp-json\/wp\/v2\/posts\/22480\/revisions"}],"predecessor-version":[{"id":22487,"href":"https:\/\/elbistanhabermerkezi.com\/index.php\/wp-json\/wp\/v2\/posts\/22480\/revisions\/22487"}],"wp:featuredmedia":[{"embeddable":true,"href":"https:\/\/elbistanhabermerkezi.com\/index.php\/wp-json\/wp\/v2\/media\/22483"}],"wp:attachment":[{"href":"https:\/\/elbistanhabermerkezi.com\/index.php\/wp-json\/wp\/v2\/media?parent=22480"}],"wp:term":[{"taxonomy":"category","embeddable":true,"href":"https:\/\/elbistanhabermerkezi.com\/index.php\/wp-json\/wp\/v2\/categories?post=22480"},{"taxonomy":"post_tag","embeddable":true,"href":"https:\/\/elbistanhabermerkezi.com\/index.php\/wp-json\/wp\/v2\/tags?post=22480"}],"curies":[{"name":"wp","href":"https:\/\/api.w.org\/{rel}","templated":true}]}}