{"id":22328,"date":"2025-12-03T06:54:31","date_gmt":"2025-12-03T06:54:31","guid":{"rendered":"https:\/\/elbistanhabermerkezi.com\/?p=22328"},"modified":"2025-12-03T07:15:17","modified_gmt":"2025-12-03T07:15:17","slug":"afsinli-yonetmen-milli-mucadelede-elbistan-belgeseli-ile-juri-ozel-odulune-layik-goruldu","status":"publish","type":"post","link":"https:\/\/elbistanhabermerkezi.com\/index.php\/2025\/12\/03\/afsinli-yonetmen-milli-mucadelede-elbistan-belgeseli-ile-juri-ozel-odulune-layik-goruldu\/","title":{"rendered":"Af\u015finli Y\u00f6netmen &#8220;Milli M\u00fccadele&#8217;de Elbistan&#8221; Belgeseli ile J\u00fcri \u00d6zel \u00d6d\u00fcl\u00fcne lay\u0131k g\u00f6r\u00fcld\u00fc."},"content":{"rendered":"<p style=\"text-align: justify;\"><strong><img loading=\"lazy\" decoding=\"async\" src=\"https:\/\/elbistanhabermerkezi.com\/wp-content\/uploads\/2024\/01\/halild6.jpg\" alt=\"\" width=\"302\" height=\"202\" \/><\/strong><\/p>\n<p style=\"text-align: justify;\"><strong>Af\u015finli Y\u00f6netmen Mustafa \u00c7ak\u0131ro\u011flu, 13. Antakya Uluslararas\u0131 Film Festivalinde J\u00fcri \u00d6zel \u00d6d\u00fcl\u00fc\u2019ne lay\u0131k g\u00f6r\u00fcld\u00fc. <\/strong><\/p>\n<p style=\"text-align: justify;\"><strong>Cinekare Film sahibi, Af\u015finli Y\u00f6netmen Mustafa \u00c7ak\u0131ro\u011flu &#8220;Milli M\u00fccadelede Elbistan&#8221; Belgeseli ile Uluslararas\u0131 Antakya Film Festivalinde J\u00fcri \u00d6zel \u00d6d\u00fcl\u00fcne lay\u0131k g\u00f6r\u00fcld\u00fc.<\/strong><\/p>\n<p style=\"text-align: justify;\"><strong>\u201cMilli M\u00fccadele\u2019de Elbistan\u201d Anadolu\u2019nun ba\u011f\u0131ms\u0131zl\u0131k ate\u015fini yakan kahramanlar\u0131n hik\u00e2yesini g\u00fcn y\u00fcz\u00fcne \u00e7\u0131kar\u0131yor. Mara\u015f\u2019\u0131n destans\u0131 direni\u015finde Elbistan\u2019\u0131n oynad\u0131\u011f\u0131 kritik rol\u00fc, ar\u015fivler, tan\u0131kl\u0131klar ve dramatik canland\u0131rmalar e\u015fli\u011finde izleyiciyle bulu\u015fturuyor.<\/strong><br \/>\n<strong>Bu film; birlik olman\u0131n, fedak\u00e2rl\u0131\u011f\u0131n ve \u00f6zg\u00fcrl\u00fck tutkusunun Elbistan\u2019da nas\u0131l bir ruhla do\u011fdu\u011funu anlat\u0131rken, tarihin tozlu sayfalar\u0131ndaki ads\u0131z kahramanlar\u0131 da selaml\u0131yor. <\/strong><\/p>\n<p style=\"text-align: justify;\"><strong>\u00d6nce ki g\u00fcn d\u00fczenlenen \u00d6d\u00fcl t\u00f6reninde konu\u015fan \u00dcnl\u00fc Y\u00f6netmen Mustafa \u00c7ak\u0131ro\u011flu, Sevgili dostlar, Sinemam\u0131z\u0131n b\u00fcy\u00fcl\u00fc d\u00fcnyas\u0131nda bir araya gelmek her zaman tarifsiz bir heyecan. 13. Antakya Uluslararas\u0131 Film Festivali&#8217;nde sinemam\u0131z\u0131n de\u011ferli ustalar\u0131, a\u011fabeyleri, sayg\u0131n \u015fahsiyetleri olan J\u00fcri Ba\u015fkan\u0131 y\u00f6netmen Serdar Akar ile Erkan Can ve G\u00fcven K\u0131ra\u00e7 b\u00fcy\u00fcklerimizin \u00f6n\u00fcnde, de\u011ferli j\u00fcri&#8217;nin ve sinema g\u00f6n\u00fcl vermi\u015f kat\u0131l\u0131mc\u0131lar\u0131n, misafirlerin oldu\u011fu salonda konu\u015fma yapma onurunu ya\u015fad\u0131m. Ba\u011f\u0131ms\u0131zl\u0131\u011f\u0131m\u0131z\u0131n simgesi olan \u2018Bayrak Olay\u0131\u2019n\u0131n 106. y\u0131l d\u00f6n\u00fcm\u00fcnde, 13. Antakya Uluslararas\u0131 Film Festivali\u2019nden \u00f6d\u00fclle d\u00f6nmek, ger\u00e7ekten tarif edilmez b\u00fcy\u00fck bir onur. \u2018Mara\u015f\u2019\u0131n Kahraman Y\u00fcz\u00fc\u2019 mottosuyla hayata ge\u00e7irdi\u011fimiz &#8220;Birlik, Cesaret, \u0130nan\u00e7, Vatan; Mill\u00ee M\u00fccadele&#8217;de Elbistan&#8221; belgeselimiz ile j\u00fcri \u00f6zel \u00f6d\u00fcl\u00fcne lay\u0131k g\u00f6r\u00fcld\u00fck. Ve \u00f6d\u00fclle ta\u00e7land\u0131\u011f\u0131m\u0131z bu gururu konu\u015fmamda, o kutlu bayrak olay\u0131na ve b\u00fct\u00fcn Kahramanmara\u015fl\u0131lara ithaf ettim. Ge\u00e7mi\u015f y\u00fczy\u0131lda Mara\u015f Kalesi&#8217;nde g\u00f6nderden indirilen bayra\u011f\u0131m\u0131z\u0131 bir daha inmemek \u00fczere g\u00f6ndere yeniden \u00e7ekildi\u011fi o kutlu g\u00fcn\u00fcn ruhu, ilelebet ya\u015fas\u0131n. Bu \u00f6d\u00fcl\u00fc ayn\u0131 zamanda, Elbistan&#8217;\u0131yla ve Pazarc\u0131k&#8217;\u0131yla bir b\u00fct\u00fcn olan Kahramanmara\u015f&#8217;\u0131m\u0131zdan, Antakya&#8217;s\u0131yla ve \u0130skenderun&#8217;uyla bir b\u00fct\u00fcn olan Hatay&#8217;\u0131m\u0131za uzanan ortak ac\u0131 ve gurur dolu tarihimize de ithaf ediyorum. Ge\u00e7mi\u015fin izleri, bug\u00fcn\u00fcn anlam\u0131n\u0131 derinle\u015ftiriyor. Zaferlerimiz kadar, ya\u015fad\u0131\u011f\u0131m\u0131z ac\u0131lar da bizi bir arada tutuyor. Sinemam\u0131z\u0131n iyile\u015ftirici \u00f6zelli\u011fi ile Hatay&#8217;\u0131 ayakta tutan t\u00fcm g\u00f6nl\u00fc g\u00fczel kahramanlara da minnettar\u0131z. Belgesel filmimizin emektarlar\u0131 ve destekleyicileri ile bizi \u00f6zel \u00f6d\u00fclle ta\u00e7land\u0131ran de\u011ferli J\u00fcriye, Hatay&#8217;a ve sinemam\u0131za g\u00f6n\u00fcl vermi\u015f t\u00fcm g\u00fczel y\u00fcreklere te\u015fekk\u00fcr ederim dedi.<\/strong><\/p>\n<p style=\"text-align: justify;\"><strong>Antakya 13. Uluslararas\u0131 Film Festivalin\u2019 den Milli M\u00fccadele\u2019de Elbistan belgeseli ile j\u00fcri \u00f6zel \u00f6d\u00fcl\u00fc\u2019ne lay\u0131k g\u00f6r\u00fclen Y\u00f6netmenimiz Mustafa \u00c7ak\u0131roglu&#8217;nu tebrik ediyor, ba\u015far\u0131lar\u0131n\u0131n devam\u0131n\u0131 diliyoruz.\u00a0<\/strong><\/p>\n<p><iframe loading=\"lazy\" title=\"Af\u015finli Y\u00f6netmen &quot;Milli M\u00fccadelede Elbistan&quot; Belgesi ile J\u00fcri \u00d6zel \u00d6d\u00fcl\u00fcne lay\u0131k g\u00f6r\u00fcld\u00fc.\" width=\"422\" height=\"750\" src=\"https:\/\/www.youtube.com\/embed\/RWqnq1pNpeo?feature=oembed\" frameborder=\"0\" allow=\"accelerometer; autoplay; clipboard-write; encrypted-media; gyroscope; picture-in-picture; web-share\" referrerpolicy=\"strict-origin-when-cross-origin\" allowfullscreen><\/iframe><\/p>\n<p style=\"text-align: justify;\"><strong><img loading=\"lazy\" decoding=\"async\" src=\"https:\/\/elbistanhabermerkezi.com\/wp-content\/uploads\/2025\/12\/13.-Antakya-Uluslararasi-Film-Festivali.heic-1.jpg\" alt=\"\" width=\"1080\" height=\"798\" \/> <img loading=\"lazy\" decoding=\"async\" src=\"https:\/\/elbistanhabermerkezi.com\/wp-content\/uploads\/2025\/12\/13.-Antakya-Uluslararasi-Film-Festivali.heic-2.jpg\" alt=\"\" width=\"1080\" height=\"819\" \/> <img loading=\"lazy\" decoding=\"async\" src=\"https:\/\/elbistanhabermerkezi.com\/wp-content\/uploads\/2025\/12\/FB_IMG_1764675608076.jpg\" alt=\"\" width=\"2048\" height=\"2048\" \/> <img loading=\"lazy\" decoding=\"async\" src=\"https:\/\/elbistanhabermerkezi.com\/wp-content\/uploads\/2025\/12\/FB_IMG_1764675609943.jpg\" alt=\"\" width=\"2048\" height=\"2048\" \/><\/strong><\/p>\n","protected":false},"excerpt":{"rendered":"<p>Af\u015finli Y\u00f6netmen Mustafa \u00c7ak\u0131ro\u011flu, 13. Antakya Uluslararas\u0131 Film Festivalinde J\u00fcri \u00d6zel \u00d6d\u00fcl\u00fc\u2019ne lay\u0131k g\u00f6r\u00fcld\u00fc. Cinekare Film sahibi, Af\u015finli Y\u00f6netmen Mustafa \u00c7ak\u0131ro\u011flu &#8220;Milli M\u00fccadelede Elbistan&#8221; Belgeseli ile Uluslararas\u0131 Antakya Film Festivalinde J\u00fcri \u00d6zel \u00d6d\u00fcl\u00fcne lay\u0131k g\u00f6r\u00fcld\u00fc. \u201cMilli M\u00fccadele\u2019de Elbistan\u201d Anadolu\u2019nun ba\u011f\u0131ms\u0131zl\u0131k ate\u015fini yakan kahramanlar\u0131n hik\u00e2yesini g\u00fcn y\u00fcz\u00fcne \u00e7\u0131kar\u0131yor. Mara\u015f\u2019\u0131n destans\u0131 direni\u015finde Elbistan\u2019\u0131n oynad\u0131\u011f\u0131 kritik rol\u00fc, ar\u015fivler, [&hellip;]<\/p>\n","protected":false},"author":1,"featured_media":22334,"comment_status":"open","ping_status":"open","sticky":false,"template":"","format":"standard","meta":{"_jetpack_memberships_contains_paid_content":false,"footnotes":""},"categories":[2,8],"tags":[],"class_list":["post-22328","post","type-post","status-publish","format-standard","has-post-thumbnail","hentry","category-3-sayfa","category-gundem"],"jetpack_featured_media_url":"https:\/\/elbistanhabermerkezi.com\/wp-content\/uploads\/2025\/12\/FB_IMG_1764675608076u.jpg","jetpack_sharing_enabled":true,"_links":{"self":[{"href":"https:\/\/elbistanhabermerkezi.com\/index.php\/wp-json\/wp\/v2\/posts\/22328","targetHints":{"allow":["GET"]}}],"collection":[{"href":"https:\/\/elbistanhabermerkezi.com\/index.php\/wp-json\/wp\/v2\/posts"}],"about":[{"href":"https:\/\/elbistanhabermerkezi.com\/index.php\/wp-json\/wp\/v2\/types\/post"}],"author":[{"embeddable":true,"href":"https:\/\/elbistanhabermerkezi.com\/index.php\/wp-json\/wp\/v2\/users\/1"}],"replies":[{"embeddable":true,"href":"https:\/\/elbistanhabermerkezi.com\/index.php\/wp-json\/wp\/v2\/comments?post=22328"}],"version-history":[{"count":4,"href":"https:\/\/elbistanhabermerkezi.com\/index.php\/wp-json\/wp\/v2\/posts\/22328\/revisions"}],"predecessor-version":[{"id":22339,"href":"https:\/\/elbistanhabermerkezi.com\/index.php\/wp-json\/wp\/v2\/posts\/22328\/revisions\/22339"}],"wp:featuredmedia":[{"embeddable":true,"href":"https:\/\/elbistanhabermerkezi.com\/index.php\/wp-json\/wp\/v2\/media\/22334"}],"wp:attachment":[{"href":"https:\/\/elbistanhabermerkezi.com\/index.php\/wp-json\/wp\/v2\/media?parent=22328"}],"wp:term":[{"taxonomy":"category","embeddable":true,"href":"https:\/\/elbistanhabermerkezi.com\/index.php\/wp-json\/wp\/v2\/categories?post=22328"},{"taxonomy":"post_tag","embeddable":true,"href":"https:\/\/elbistanhabermerkezi.com\/index.php\/wp-json\/wp\/v2\/tags?post=22328"}],"curies":[{"name":"wp","href":"https:\/\/api.w.org\/{rel}","templated":true}]}}