{"id":21880,"date":"2025-11-01T09:46:30","date_gmt":"2025-11-01T09:46:30","guid":{"rendered":"https:\/\/elbistanhabermerkezi.com\/?p=21880"},"modified":"2025-11-01T09:46:30","modified_gmt":"2025-11-01T09:46:30","slug":"kaymakam-demirel-karayollari-calismalarinda-incelemelerde-bulundu","status":"publish","type":"post","link":"https:\/\/elbistanhabermerkezi.com\/index.php\/2025\/11\/01\/kaymakam-demirel-karayollari-calismalarinda-incelemelerde-bulundu\/","title":{"rendered":"Kaymakam Demirel, Karayollar\u0131 \u00e7al\u0131\u015fmalar\u0131nda incelemelerde bulundu."},"content":{"rendered":"<p style=\"text-align: justify;\"><strong><img loading=\"lazy\" decoding=\"async\" src=\"https:\/\/elbistanhabermerkezi.com\/wp-content\/uploads\/2024\/01\/halild6.jpg\" alt=\"\" width=\"302\" height=\"202\" \/><\/strong><\/p>\n<div style=\"text-align: justify;\">\n<div dir=\"auto\"><strong>Elbistan Kaymakam\u0131 Muhammet Fatih Demirel, Karayollar\u0131 5. B\u00f6lge M\u00fcd\u00fcrl\u00fc\u011f\u00fc taraf\u0131ndan yap\u0131m\u0131 devam eden i\u015fleri yerinde inceledi.<\/strong><\/div>\n<div dir=\"auto\"><\/div>\n<\/div>\n<div style=\"text-align: justify;\">\n<div dir=\"auto\"><strong>Karaelbistan deprem konutlar\u0131 ula\u015f\u0131m\u0131n\u0131 g\u00fcvenli hale getirmek i\u00e7in devam eden kav\u015fak yap\u0131m \u00e7al\u0131\u015fmalar\u0131,<\/strong><\/div>\n<div dir=\"auto\"><strong>Ta\u015fburun deprem konutlar\u0131na eri\u015fim sa\u011flayan yol yap\u0131m i\u015fleri, <\/strong><strong>Elbistan-Malatya yolunda devam eden \u00e7al\u0131\u015fmalar\u0131, <\/strong><strong>Karayollar\u0131 \u015eube M\u00fcd\u00fcr\u00fc Murat Kurt\u2019tan bilgi alan Kaymakam Muhammet Fatih Demirel, il\u00e7emizdeki Karayollar\u0131 a\u011f\u0131nda ula\u015f\u0131m konforunu art\u0131racak \u00f6nemli \u00e7al\u0131\u015fmalar\u0131n devam etti\u011fini belirterek, Karayollar\u0131 5. B\u00f6lge M\u00fcd\u00fcrl\u00fc\u011f\u00fc ve ekiplerine te\u015fekk\u00fcr etti.<\/strong><\/div>\n<\/div>\n<div>\n<div dir=\"auto\" style=\"text-align: justify;\"><\/div>\n<div dir=\"auto\" style=\"text-align: justify;\"><strong><img loading=\"lazy\" decoding=\"async\" src=\"https:\/\/elbistanhabermerkezi.com\/wp-content\/uploads\/2025\/11\/571920546_17982172256916527_4767679069879279979_n.jpg\" alt=\"\" width=\"1066\" height=\"710\" \/> <img loading=\"lazy\" decoding=\"async\" src=\"https:\/\/elbistanhabermerkezi.com\/wp-content\/uploads\/2025\/11\/572728488_17982172271916527_6629671680544686511_n.jpg\" alt=\"\" width=\"1066\" height=\"710\" \/> <img loading=\"lazy\" decoding=\"async\" src=\"https:\/\/elbistanhabermerkezi.com\/wp-content\/uploads\/2025\/11\/573072412_17982172289916527_1556862113784305806_n.jpg\" alt=\"\" width=\"1066\" height=\"710\" \/> <img loading=\"lazy\" decoding=\"async\" src=\"https:\/\/elbistanhabermerkezi.com\/wp-content\/uploads\/2025\/11\/573275593_17982172319916527_5961309834904265634_n.jpg\" alt=\"\" width=\"1066\" height=\"710\" \/> <img loading=\"lazy\" decoding=\"async\" src=\"https:\/\/elbistanhabermerkezi.com\/wp-content\/uploads\/2025\/11\/573629821_17982172298916527_6847048480087671146_n.jpg\" alt=\"\" width=\"1066\" height=\"710\" \/> <img loading=\"lazy\" decoding=\"async\" src=\"https:\/\/elbistanhabermerkezi.com\/wp-content\/uploads\/2025\/11\/573836119_17982172274916527_59630034991404165_n.jpg\" alt=\"\" width=\"1066\" height=\"710\" \/> <img loading=\"lazy\" decoding=\"async\" src=\"https:\/\/elbistanhabermerkezi.com\/wp-content\/uploads\/2025\/11\/573961218_17982172247916527_7191774802636113544_n.jpg\" alt=\"\" width=\"1065\" height=\"710\" \/> <img loading=\"lazy\" decoding=\"async\" src=\"https:\/\/elbistanhabermerkezi.com\/wp-content\/uploads\/2025\/11\/573973941_17982172316916527_1660442094001614496_n.jpg\" alt=\"\" width=\"1066\" height=\"710\" \/> <img loading=\"lazy\" decoding=\"async\" src=\"https:\/\/elbistanhabermerkezi.com\/wp-content\/uploads\/2025\/11\/575224470_17982172301916527_5123009803558201884_n.jpg\" alt=\"\" width=\"1066\" height=\"710\" \/><\/strong><\/div>\n<\/div>\n","protected":false},"excerpt":{"rendered":"<p>Elbistan Kaymakam\u0131 Muhammet Fatih Demirel, Karayollar\u0131 5. B\u00f6lge M\u00fcd\u00fcrl\u00fc\u011f\u00fc taraf\u0131ndan yap\u0131m\u0131 devam eden i\u015fleri yerinde inceledi. Karaelbistan deprem konutlar\u0131 ula\u015f\u0131m\u0131n\u0131 g\u00fcvenli hale getirmek i\u00e7in devam eden kav\u015fak yap\u0131m \u00e7al\u0131\u015fmalar\u0131, Ta\u015fburun deprem konutlar\u0131na eri\u015fim sa\u011flayan yol yap\u0131m i\u015fleri, Elbistan-Malatya yolunda devam eden \u00e7al\u0131\u015fmalar\u0131, Karayollar\u0131 \u015eube M\u00fcd\u00fcr\u00fc Murat Kurt\u2019tan bilgi alan Kaymakam Muhammet Fatih Demirel, il\u00e7emizdeki Karayollar\u0131 [&hellip;]<\/p>\n","protected":false},"author":1,"featured_media":21891,"comment_status":"open","ping_status":"open","sticky":false,"template":"","format":"standard","meta":{"_jetpack_memberships_contains_paid_content":false,"footnotes":""},"categories":[2,8],"tags":[],"class_list":["post-21880","post","type-post","status-publish","format-standard","has-post-thumbnail","hentry","category-3-sayfa","category-gundem"],"jetpack_featured_media_url":"https:\/\/elbistanhabermerkezi.com\/wp-content\/uploads\/2025\/11\/cc.jpg","jetpack_sharing_enabled":true,"_links":{"self":[{"href":"https:\/\/elbistanhabermerkezi.com\/index.php\/wp-json\/wp\/v2\/posts\/21880","targetHints":{"allow":["GET"]}}],"collection":[{"href":"https:\/\/elbistanhabermerkezi.com\/index.php\/wp-json\/wp\/v2\/posts"}],"about":[{"href":"https:\/\/elbistanhabermerkezi.com\/index.php\/wp-json\/wp\/v2\/types\/post"}],"author":[{"embeddable":true,"href":"https:\/\/elbistanhabermerkezi.com\/index.php\/wp-json\/wp\/v2\/users\/1"}],"replies":[{"embeddable":true,"href":"https:\/\/elbistanhabermerkezi.com\/index.php\/wp-json\/wp\/v2\/comments?post=21880"}],"version-history":[{"count":2,"href":"https:\/\/elbistanhabermerkezi.com\/index.php\/wp-json\/wp\/v2\/posts\/21880\/revisions"}],"predecessor-version":[{"id":21894,"href":"https:\/\/elbistanhabermerkezi.com\/index.php\/wp-json\/wp\/v2\/posts\/21880\/revisions\/21894"}],"wp:featuredmedia":[{"embeddable":true,"href":"https:\/\/elbistanhabermerkezi.com\/index.php\/wp-json\/wp\/v2\/media\/21891"}],"wp:attachment":[{"href":"https:\/\/elbistanhabermerkezi.com\/index.php\/wp-json\/wp\/v2\/media?parent=21880"}],"wp:term":[{"taxonomy":"category","embeddable":true,"href":"https:\/\/elbistanhabermerkezi.com\/index.php\/wp-json\/wp\/v2\/categories?post=21880"},{"taxonomy":"post_tag","embeddable":true,"href":"https:\/\/elbistanhabermerkezi.com\/index.php\/wp-json\/wp\/v2\/tags?post=21880"}],"curies":[{"name":"wp","href":"https:\/\/api.w.org\/{rel}","templated":true}]}}