{"id":21830,"date":"2025-10-29T05:56:36","date_gmt":"2025-10-29T05:56:36","guid":{"rendered":"https:\/\/elbistanhabermerkezi.com\/?p=21830"},"modified":"2025-10-29T05:56:36","modified_gmt":"2025-10-29T05:56:36","slug":"kaymakam-muhammet-fatih-demirelin-29-ekim-cumhuriyet-bayrami-mesaji","status":"publish","type":"post","link":"https:\/\/elbistanhabermerkezi.com\/index.php\/2025\/10\/29\/kaymakam-muhammet-fatih-demirelin-29-ekim-cumhuriyet-bayrami-mesaji\/","title":{"rendered":"Kaymakam Muhammet Fatih Demirel&#8217;in 29 Ekim Cumhuriyet Bayram\u0131 Mesaj\u0131."},"content":{"rendered":"<p style=\"text-align: justify;\"><strong><img loading=\"lazy\" decoding=\"async\" class=\"alignnone size-full wp-image-12722\" src=\"https:\/\/elbistanhabermerkezi.com\/wp-content\/uploads\/2024\/01\/halild6.jpg\" alt=\"\" width=\"302\" height=\"202\" srcset=\"https:\/\/elbistanhabermerkezi.com\/wp-content\/uploads\/2024\/01\/halild6.jpg 302w, https:\/\/elbistanhabermerkezi.com\/wp-content\/uploads\/2024\/01\/halild6-157x105.jpg 157w, https:\/\/elbistanhabermerkezi.com\/wp-content\/uploads\/2024\/01\/halild6-232x155.jpg 232w\" sizes=\"auto, (max-width: 302px) 100vw, 302px\" \/><\/strong><\/p>\n<p><img loading=\"lazy\" decoding=\"async\" class=\"alignnone size-full wp-image-21831\" src=\"https:\/\/elbistanhabermerkezi.com\/wp-content\/uploads\/2025\/10\/572639078_17981857583916527_5708670429592895212_n.jpg\" alt=\"\" width=\"2110\" height=\"1440\" srcset=\"https:\/\/elbistanhabermerkezi.com\/wp-content\/uploads\/2025\/10\/572639078_17981857583916527_5708670429592895212_n.jpg 2110w, https:\/\/elbistanhabermerkezi.com\/wp-content\/uploads\/2025\/10\/572639078_17981857583916527_5708670429592895212_n-586x400.jpg 586w, https:\/\/elbistanhabermerkezi.com\/wp-content\/uploads\/2025\/10\/572639078_17981857583916527_5708670429592895212_n-1024x699.jpg 1024w, https:\/\/elbistanhabermerkezi.com\/wp-content\/uploads\/2025\/10\/572639078_17981857583916527_5708670429592895212_n-768x524.jpg 768w, https:\/\/elbistanhabermerkezi.com\/wp-content\/uploads\/2025\/10\/572639078_17981857583916527_5708670429592895212_n-1536x1048.jpg 1536w, https:\/\/elbistanhabermerkezi.com\/wp-content\/uploads\/2025\/10\/572639078_17981857583916527_5708670429592895212_n-2048x1398.jpg 2048w, https:\/\/elbistanhabermerkezi.com\/wp-content\/uploads\/2025\/10\/572639078_17981857583916527_5708670429592895212_n-154x105.jpg 154w, https:\/\/elbistanhabermerkezi.com\/wp-content\/uploads\/2025\/10\/572639078_17981857583916527_5708670429592895212_n-227x155.jpg 227w, https:\/\/elbistanhabermerkezi.com\/wp-content\/uploads\/2025\/10\/572639078_17981857583916527_5708670429592895212_n-324x221.jpg 324w, https:\/\/elbistanhabermerkezi.com\/wp-content\/uploads\/2025\/10\/572639078_17981857583916527_5708670429592895212_n-656x448.jpg 656w\" sizes=\"auto, (max-width: 2110px) 100vw, 2110px\" \/><\/p>\n<div class=\"xdj266r x14z9mp xat24cr x1lziwak x1vvkbs x126k92a\" style=\"text-align: justify;\">\n<div dir=\"auto\"><strong>Elbistan Kaymakam\u0131 Muhammet Fatih Demirel, 29 Ekim Cumhuriyet Bayram\u0131 dolay\u0131s\u0131 ile bir mesaj yay\u0131nlad\u0131. Demirel, mesaj\u0131nda \u015fu ifadeleri kulland\u0131;<\/strong><\/div>\n<div dir=\"auto\"><\/div>\n<\/div>\n<div class=\"x14z9mp xat24cr x1lziwak x1vvkbs xtlvy1s x126k92a\">\n<div dir=\"auto\" style=\"text-align: justify;\"><strong>29 Ekim 1923, T\u00fcrk milletinin tarih sahnesinde yeni bir devlet kurarak yerini ald\u0131\u011f\u0131 g\u00fcnd\u00fcr. Bug\u00fcn, Gazi Mustafa Kemal Atat\u00fcrk ve silah arkada\u015flar\u0131n\u0131n \u00f6nderli\u011finde, kahraman milletimizin verdi\u011fi destans\u0131 m\u00fccadele sonucu kazand\u0131\u011f\u0131 Kurtulu\u015f Sava\u015f\u0131&#8217;n\u0131n Cumhuriyet ile ta\u00e7land\u0131r\u0131l\u0131\u015f\u0131n\u0131n 102. y\u0131ld\u00f6n\u00fcm\u00fcd\u00fcr.<\/strong><\/div>\n<div dir=\"auto\" style=\"text-align: justify;\"><strong>Cumhuriyetimiz ile yeniden filizlenmi\u015f olan devletimiz, daima ufka bakan bir anlay\u0131\u015fla ve sa\u011flam temellerle bug\u00fcnlere eri\u015fmi\u015ftir. Devletimiz, Cumhuriyetimizin ikinci asr\u0131n\u0131 \u201cT\u00fcrkiye Y\u00fczy\u0131l\u0131\u201d ilan etmi\u015ftir. B\u00fcy\u00fck gelecekler, b\u00fcy\u00fck ge\u00e7mi\u015flerin birikimi \u00fczerine in\u015fa edildi\u011fi ger\u00e7e\u011finden yola \u00e7\u0131karak devlet ve millet olarak istikbale emin ad\u0131mlarla yol almaktay\u0131z.<\/strong><\/div>\n<div dir=\"auto\" style=\"text-align: justify;\"><strong>Bu kutlu yolculu\u011fumuzda millet\u00e7e, bizleri diri tutan mill\u00ee ve manev\u00ee duygular\u0131m\u0131z\u0131n \u0131\u015f\u0131\u011f\u0131nda ve \u00e7a\u011f\u0131n gereklilikleri olan akl\u0131n, bilimin rehberli\u011finde, insan odakl\u0131 devlet anlay\u0131\u015f\u0131yla hareket ederken; as\u0131rlard\u0131r milletimizi e\u015fsiz k\u0131lan birlik ve beraberli\u011fimiz, dosta g\u00fcven, d\u00fc\u015fmana korku salmaktad\u0131r. Bu d\u00fcsturlarla Cumhuriyetimiz ilelebet payidar kalacakt\u0131r.<\/strong><\/div>\n<div dir=\"auto\" style=\"text-align: justify;\"><strong>Bu duygularla, bu tarihi g\u00fcn dolay\u0131s\u0131yla, ba\u015fta Cumhuriyetimizin banisi Mustafa Kemal Atat\u00fcrk olmak \u00fczere, \u0130stiklal M\u00fccadelemizin t\u00fcm kahramanlar\u0131n\u0131; bu topraklar\u0131 bizlere vatan yapan ve bu topraklarda k\u00f6kle\u015fmemizi sa\u011flayan \u015fanl\u0131 ecdad\u0131m\u0131z\u0131; e\u015fsiz fedak\u00e2rl\u0131kla milletimizin g\u00f6nl\u00fcnde taht kuran ve \u00f6l\u00fcms\u00fczle\u015fen b\u00fct\u00fcn \u015fehitlerimizi ve kahraman gazilerimizi rahmet, minnet ve \u015f\u00fckranla an\u0131yorum.<\/strong><\/div>\n<div dir=\"auto\" style=\"text-align: justify;\"><strong>Elbistanl\u0131 hem\u015fehrilerimin 29 Ekim Cumhuriyet Bayram\u0131\u2019n\u0131 kutluyor, sayg\u0131 ve sevgilerimi sunuyorum.<\/strong><\/div>\n<div dir=\"auto\" style=\"text-align: justify;\"><\/div>\n<\/div>\n","protected":false},"excerpt":{"rendered":"<p>Elbistan Kaymakam\u0131 Muhammet Fatih Demirel, 29 Ekim Cumhuriyet Bayram\u0131 dolay\u0131s\u0131 ile bir mesaj yay\u0131nlad\u0131. Demirel, mesaj\u0131nda \u015fu ifadeleri kulland\u0131; 29 Ekim 1923, T\u00fcrk milletinin tarih sahnesinde yeni bir devlet kurarak yerini ald\u0131\u011f\u0131 g\u00fcnd\u00fcr. Bug\u00fcn, Gazi Mustafa Kemal Atat\u00fcrk ve silah arkada\u015flar\u0131n\u0131n \u00f6nderli\u011finde, kahraman milletimizin verdi\u011fi destans\u0131 m\u00fccadele sonucu kazand\u0131\u011f\u0131 Kurtulu\u015f Sava\u015f\u0131&#8217;n\u0131n Cumhuriyet ile ta\u00e7land\u0131r\u0131l\u0131\u015f\u0131n\u0131n 102. [&hellip;]<\/p>\n","protected":false},"author":1,"featured_media":21833,"comment_status":"open","ping_status":"open","sticky":false,"template":"","format":"standard","meta":{"_jetpack_memberships_contains_paid_content":false,"footnotes":""},"categories":[2,8],"tags":[],"class_list":["post-21830","post","type-post","status-publish","format-standard","has-post-thumbnail","hentry","category-3-sayfa","category-gundem"],"jetpack_featured_media_url":"https:\/\/elbistanhabermerkezi.com\/wp-content\/uploads\/2025\/10\/572639078_17981857583916527_5708670429592895212_nnhg.jpg","jetpack_sharing_enabled":true,"_links":{"self":[{"href":"https:\/\/elbistanhabermerkezi.com\/index.php\/wp-json\/wp\/v2\/posts\/21830","targetHints":{"allow":["GET"]}}],"collection":[{"href":"https:\/\/elbistanhabermerkezi.com\/index.php\/wp-json\/wp\/v2\/posts"}],"about":[{"href":"https:\/\/elbistanhabermerkezi.com\/index.php\/wp-json\/wp\/v2\/types\/post"}],"author":[{"embeddable":true,"href":"https:\/\/elbistanhabermerkezi.com\/index.php\/wp-json\/wp\/v2\/users\/1"}],"replies":[{"embeddable":true,"href":"https:\/\/elbistanhabermerkezi.com\/index.php\/wp-json\/wp\/v2\/comments?post=21830"}],"version-history":[{"count":1,"href":"https:\/\/elbistanhabermerkezi.com\/index.php\/wp-json\/wp\/v2\/posts\/21830\/revisions"}],"predecessor-version":[{"id":21835,"href":"https:\/\/elbistanhabermerkezi.com\/index.php\/wp-json\/wp\/v2\/posts\/21830\/revisions\/21835"}],"wp:featuredmedia":[{"embeddable":true,"href":"https:\/\/elbistanhabermerkezi.com\/index.php\/wp-json\/wp\/v2\/media\/21833"}],"wp:attachment":[{"href":"https:\/\/elbistanhabermerkezi.com\/index.php\/wp-json\/wp\/v2\/media?parent=21830"}],"wp:term":[{"taxonomy":"category","embeddable":true,"href":"https:\/\/elbistanhabermerkezi.com\/index.php\/wp-json\/wp\/v2\/categories?post=21830"},{"taxonomy":"post_tag","embeddable":true,"href":"https:\/\/elbistanhabermerkezi.com\/index.php\/wp-json\/wp\/v2\/tags?post=21830"}],"curies":[{"name":"wp","href":"https:\/\/api.w.org\/{rel}","templated":true}]}}